{"id":50585,"date":"2025-02-14T10:13:47","date_gmt":"2025-02-14T13:13:47","guid":{"rendered":"https:\/\/radiorevelacionfm.cl\/?p=50585"},"modified":"2025-02-14T10:13:47","modified_gmt":"2025-02-14T13:13:47","slug":"indap-constituye-mesas-territoriales-de-juventudes-rurales-en-la-region-de-aysen","status":"publish","type":"post","link":"https:\/\/radiorevelacionfm.cl\/?p=50585","title":{"rendered":"Indap constituye mesas territoriales de juventudes rurales en la regi\u00f3n de Ays\u00e9n"},"content":{"rendered":"<div class=\"flex_column av_one_full  flex_column_div av-zero-column-padding first  avia-builder-el-0  el_before_av_one_full  avia-builder-el-first  \" style='border-radius:0px; '><div  class='avia-image-container  av-styling-    avia-builder-el-1  avia-builder-el-no-sibling  avia-align-center '  itemprop=\"image\" itemscope=\"itemscope\" itemtype=\"https:\/\/schema.org\/ImageObject\"  ><div class='avia-image-container-inner'><div class='avia-image-overlay-wrap'><img decoding=\"async\" class='wp-image-50586 avia-img-lazy-loading-not-50586 avia_image' src=\"https:\/\/radiorevelacionfm.cl\/wp-content\/uploads\/2025\/02\/mesa-territorial-juventudes-indap-la-junta-1_optimized-1.jpeg\" alt='' title='mesa-territorial-juventudes-indap-la-junta-(1)_optimized (1)' height=\"600\" width=\"972\"  itemprop=\"thumbnailUrl\" srcset=\"https:\/\/radiorevelacionfm.cl\/wp-content\/uploads\/2025\/02\/mesa-territorial-juventudes-indap-la-junta-1_optimized-1.jpeg 972w, https:\/\/radiorevelacionfm.cl\/wp-content\/uploads\/2025\/02\/mesa-territorial-juventudes-indap-la-junta-1_optimized-1-300x185.jpeg 300w, https:\/\/radiorevelacionfm.cl\/wp-content\/uploads\/2025\/02\/mesa-territorial-juventudes-indap-la-junta-1_optimized-1-768x474.jpeg 768w, https:\/\/radiorevelacionfm.cl\/wp-content\/uploads\/2025\/02\/mesa-territorial-juventudes-indap-la-junta-1_optimized-1-705x435.jpeg 705w, https:\/\/radiorevelacionfm.cl\/wp-content\/uploads\/2025\/02\/mesa-territorial-juventudes-indap-la-junta-1_optimized-1-450x278.jpeg 450w, https:\/\/radiorevelacionfm.cl\/wp-content\/uploads\/2025\/02\/mesa-territorial-juventudes-indap-la-junta-1_optimized-1-600x370.jpeg 600w\" sizes=\"(max-width: 972px) 100vw, 972px\" \/><\/div><\/div><\/div><\/div><div class=\"flex_column av_one_full  flex_column_div av-zero-column-padding first  avia-builder-el-2  el_after_av_one_full  el_before_av_one_full  column-top-margin\" style='border-radius:0px; '><section class=\"av_textblock_section \"  itemscope=\"itemscope\" itemtype=\"https:\/\/schema.org\/BlogPosting\" itemprop=\"blogPost\" ><div class='avia_textblock  '   itemprop=\"text\" ><p style=\"text-align: center;\"><strong><span style=\"font-size: 18pt;\">Indap constituye mesas territoriales de juventudes rurales en la regi\u00f3n de Ays\u00e9n<\/span><\/strong><\/p>\n<div id=\"gtx-trans\" style=\"position: absolute; left: -50px; top: 4.31534px;\">\n<div class=\"gtx-trans-icon\"><\/div>\n<\/div>\n<\/div><\/section><\/div><div class=\"flex_column av_one_full  flex_column_div av-zero-column-padding first  avia-builder-el-4  el_after_av_one_full  el_before_av_hr  column-top-margin\" style='border-radius:0px; '><section class=\"av_textblock_section \"  itemscope=\"itemscope\" itemtype=\"https:\/\/schema.org\/BlogPosting\" itemprop=\"blogPost\" ><div class='avia_textblock  '   itemprop=\"text\" ><p style=\"text-align: justify;\">Con el fin de escuchar y representar a los j\u00f3venes de todos los territorios de la regi\u00f3n de Ays\u00e9n, INDAP del Ministerio de Agricultura ha formado mesas de juventudes rurales en las \u00e1reas de Coyhaique, Puerto Ays\u00e9n, Puerto Ib\u00e1\u00f1ez, La Junta y Cochrane. Solo falta constituir la mesa en Chile Chico, debido a los incendios que afectaron la conectividad.<\/p>\n<p>La Directora Regional de INDAP Ays\u00e9n, Yessica Lagos C\u00e1rdenas, se refiri\u00f3 a la importancia de la labor territorial realizada: \u00abEs fundamental que los j\u00f3venes de todas la Regi\u00f3n de Ays\u00e9n tengan acceso a espacios que les permitan compartir experiencias y soluciones desde sus realidades locales. Esta descentralizaci\u00f3n de la participaci\u00f3n es clave para fortalecer el compromiso y la conexi\u00f3n de los j\u00f3venes con sus comunidades\u00bb.<\/p>\n<p>INDAP est\u00e1 promoviendo una agenda de juventudes rurales, con el objetivo de que las nuevas generaciones se queden en el campo. Esta agenda toma en cuenta los desaf\u00edos del cambio clim\u00e1tico y las nuevas tendencias que buscan un enfoque m\u00e1s ecol\u00f3gico y sostenible de la agricultura. Adem\u00e1s, se enfoca en garantizar que la producci\u00f3n de alimentos en la regi\u00f3n sea sostenible y preservando el legado cultural de Ays\u00e9n. Para lograrlo, INDAP busca que la mesa regional de juventudes rurales est\u00e9 compuesta por representantes de cada una de las mesas territoriales, con el objetivo de contar con una instancia representativa y democr\u00e1tica, con participaci\u00f3n de todos los territorios de la regi\u00f3n.<\/p>\n<p>Dentro de todas las mesas que se han constituido, destaca la convocatoria de la mesa de juventudes rurales en La Junta con una participaci\u00f3n destacada de los j\u00f3venes de la zona. Esta instancia permiti\u00f3 a los j\u00f3venes compartir sus ideas y proyectos, fortalecer su sentido de comunidad y contribuir al desarrollo del campo. Carolina Vel\u00e1squez, jefa de \u00e1rea de INDAP celebr\u00f3 la buena acogida de la mesa: \u00abla convocatoria de j\u00f3venes en La Junta ha sido un \u00e9xito, y estamos muy contentos de ver c\u00f3mo se han involucrado en conocer esta iniciativa. Es una excelente oportunidad para que nuestros j\u00f3venes se visibilicen y sean parte activa del desarrollo rural de nuestra regi\u00f3n\u00bb, coment\u00f3.<\/p>\n<p>Estas acciones se enmarcan en la estrategia INDAP 2023-2030, que tiene como objetivo desarrollar una agenda de juventudes rurales para apoyar a las nuevas generaciones campesinas. De esta manera, INDAP sigue comprometido con el desarrollo de las juventudes rurales, ofreciendo herramientas y espacios para que puedan contribuir al crecimiento y sostenibilidad del campo en la regi\u00f3n para las nuevas generaciones.<\/p>\n<\/div><\/section><\/div><div  style='height:50px' class='hr hr-invisible   avia-builder-el-6  el_after_av_one_full  el_before_av_social_share '><span class='hr-inner ' ><span class='hr-inner-style'><\/span><\/span><\/div><\/p>\n<div  class='av-social-sharing-box  avia-builder-el-7  el_after_av_hr  el_before_av_hr  '><div class='av-share-box'><h5 class='av-share-link-description av-no-toc '>Compartir esta noticia<\/h5><ul class='av-share-box-list noLightbox'><li class='av-share-link av-social-link-facebook' ><a target=\"_blank\" aria-label=\"Compartir en Facebook\" href='https:\/\/www.facebook.com\/sharer.php?u=https:\/\/radiorevelacionfm.cl\/?p=50585&#038;t=Indap%20constituye%20mesas%20territoriales%20de%20juventudes%20rurales%20en%20la%20regi%C3%B3n%20de%20Ays%C3%A9n' aria-hidden='false' data-av_icon='\ue8f3' data-av_iconfont='entypo-fontello' title='' data-avia-related-tooltip='Compartir en Facebook' rel=\"noopener\"><span class='avia_hidden_link_text'>Compartir en Facebook<\/span><\/a><\/li><li class='av-share-link av-social-link-twitter' ><a target=\"_blank\" aria-label=\"Compartir en Twitter\" href='https:\/\/twitter.com\/share?text=Indap%20constituye%20mesas%20territoriales%20de%20juventudes%20rurales%20en%20la%20regi%C3%B3n%20de%20Ays%C3%A9n&#038;url=https:\/\/radiorevelacionfm.cl\/?p=50585' aria-hidden='false' data-av_icon='\ue8f1' data-av_iconfont='entypo-fontello' title='' data-avia-related-tooltip='Compartir en Twitter' rel=\"noopener\"><span class='avia_hidden_link_text'>Compartir en Twitter<\/span><\/a><\/li><li class='av-share-link av-social-link-whatsapp' ><a target=\"_blank\" aria-label=\"Compartir en Whatsapp\" href='https:\/\/api.whatsapp.com\/send?text=https:\/\/radiorevelacionfm.cl\/?p=50585' aria-hidden='false' data-av_icon='\uf232' data-av_iconfont='entypo-fontello' title='' data-avia-related-tooltip='Compartir en Whatsapp' rel=\"noopener\"><span class='avia_hidden_link_text'>Compartir en Whatsapp<\/span><\/a><\/li><li class='av-share-link av-social-link-linkedin' ><a target=\"_blank\" aria-label=\"Compartir en LinkedIn\" href='https:\/\/linkedin.com\/shareArticle?mini=true&#038;title=Indap%20constituye%20mesas%20territoriales%20de%20juventudes%20rurales%20en%20la%20regi%C3%B3n%20de%20Ays%C3%A9n&#038;url=https:\/\/radiorevelacionfm.cl\/?p=50585' aria-hidden='false' data-av_icon='\ue8fc' data-av_iconfont='entypo-fontello' title='' data-avia-related-tooltip='Compartir en LinkedIn' rel=\"noopener\"><span class='avia_hidden_link_text'>Compartir en LinkedIn<\/span><\/a><\/li><li class='av-share-link av-social-link-mail' ><a  aria-label=\"Compartir por correo\" href='mailto:?subject=Indap%20constituye%20mesas%20territoriales%20de%20juventudes%20rurales%20en%20la%20regi%C3%B3n%20de%20Ays%C3%A9n&#038;body=https:\/\/radiorevelacionfm.cl\/?p=50585' aria-hidden='false' data-av_icon='\ue805' data-av_iconfont='entypo-fontello' title='' data-avia-related-tooltip='Compartir por correo'><span class='avia_hidden_link_text'>Compartir por correo<\/span><\/a><\/li><\/ul><\/div><\/div>\n<div  style='height:50px' class='hr hr-invisible   avia-builder-el-8  el_after_av_social_share  el_before_av_comments_list '><span class='hr-inner ' ><span class='hr-inner-style'><\/span><\/span><\/div>\n<div  class='av-buildercomment  av-blog-meta-html-info-disabled av-blog-meta-tag-disabled  '><\/div>\n","protected":false},"excerpt":{"rendered":"","protected":false},"author":1,"featured_media":50586,"comment_status":"open","ping_status":"open","sticky":false,"template":"","format":"standard","meta":{"footnotes":""},"categories":[58],"tags":[],"class_list":["post-50585","post","type-post","status-publish","format-standard","has-post-thumbnail","hentry","category-agricultura"],"jetpack_featured_media_url":"https:\/\/radiorevelacionfm.cl\/wp-content\/uploads\/2025\/02\/mesa-territorial-juventudes-indap-la-junta-1_optimized-1.jpeg","_links":{"self":[{"href":"https:\/\/radiorevelacionfm.cl\/index.php?rest_route=\/wp\/v2\/posts\/50585","targetHints":{"allow":["GET"]}}],"collection":[{"href":"https:\/\/radiorevelacionfm.cl\/index.php?rest_route=\/wp\/v2\/posts"}],"about":[{"href":"https:\/\/radiorevelacionfm.cl\/index.php?rest_route=\/wp\/v2\/types\/post"}],"author":[{"embeddable":true,"href":"https:\/\/radiorevelacionfm.cl\/index.php?rest_route=\/wp\/v2\/users\/1"}],"replies":[{"embeddable":true,"href":"https:\/\/radiorevelacionfm.cl\/index.php?rest_route=%2Fwp%2Fv2%2Fcomments&post=50585"}],"version-history":[{"count":1,"href":"https:\/\/radiorevelacionfm.cl\/index.php?rest_route=\/wp\/v2\/posts\/50585\/revisions"}],"predecessor-version":[{"id":50587,"href":"https:\/\/radiorevelacionfm.cl\/index.php?rest_route=\/wp\/v2\/posts\/50585\/revisions\/50587"}],"wp:featuredmedia":[{"embeddable":true,"href":"https:\/\/radiorevelacionfm.cl\/index.php?rest_route=\/wp\/v2\/media\/50586"}],"wp:attachment":[{"href":"https:\/\/radiorevelacionfm.cl\/index.php?rest_route=%2Fwp%2Fv2%2Fmedia&parent=50585"}],"wp:term":[{"taxonomy":"category","embeddable":true,"href":"https:\/\/radiorevelacionfm.cl\/index.php?rest_route=%2Fwp%2Fv2%2Fcategories&post=50585"},{"taxonomy":"post_tag","embeddable":true,"href":"https:\/\/radiorevelacionfm.cl\/index.php?rest_route=%2Fwp%2Fv2%2Ftags&post=50585"}],"curies":[{"name":"wp","href":"https:\/\/api.w.org\/{rel}","templated":true}]}}