{"id":50569,"date":"2025-02-13T16:01:05","date_gmt":"2025-02-13T19:01:05","guid":{"rendered":"https:\/\/radiorevelacionfm.cl\/?p=50569"},"modified":"2025-02-13T16:01:05","modified_gmt":"2025-02-13T19:01:05","slug":"llaman-a-organizaciones-sociales-a-actualizar-registro-de-receptores-de-fondos-publicos","status":"publish","type":"post","link":"https:\/\/radiorevelacionfm.cl\/?p=50569","title":{"rendered":"Llaman a organizaciones sociales a actualizar Registro de Receptores de Fondos P\u00fablicos"},"content":{"rendered":"<div class=\"flex_column av_one_full  flex_column_div av-zero-column-padding first  avia-builder-el-0  el_before_av_one_full  avia-builder-el-first  \" style='border-radius:0px; '><div  class='avia-image-container  av-styling-    avia-builder-el-1  avia-builder-el-no-sibling  avia-align-center '  itemprop=\"image\" itemscope=\"itemscope\" itemtype=\"https:\/\/schema.org\/ImageObject\"  ><div class='avia-image-container-inner'><div class='avia-image-overlay-wrap'><img decoding=\"async\" class='wp-image-50570 avia-img-lazy-loading-not-50570 avia_image' src=\"https:\/\/radiorevelacionfm.cl\/wp-content\/uploads\/2025\/02\/54282969774_54bed50826_o-1_optimized.jpg\" alt='' title='54282969774_54bed50826_o-(1)_optimized' height=\"600\" width=\"901\"  itemprop=\"thumbnailUrl\" srcset=\"https:\/\/radiorevelacionfm.cl\/wp-content\/uploads\/2025\/02\/54282969774_54bed50826_o-1_optimized.jpg 901w, https:\/\/radiorevelacionfm.cl\/wp-content\/uploads\/2025\/02\/54282969774_54bed50826_o-1_optimized-300x200.jpg 300w, https:\/\/radiorevelacionfm.cl\/wp-content\/uploads\/2025\/02\/54282969774_54bed50826_o-1_optimized-768x511.jpg 768w, https:\/\/radiorevelacionfm.cl\/wp-content\/uploads\/2025\/02\/54282969774_54bed50826_o-1_optimized-705x469.jpg 705w, https:\/\/radiorevelacionfm.cl\/wp-content\/uploads\/2025\/02\/54282969774_54bed50826_o-1_optimized-450x300.jpg 450w, https:\/\/radiorevelacionfm.cl\/wp-content\/uploads\/2025\/02\/54282969774_54bed50826_o-1_optimized-600x400.jpg 600w\" sizes=\"(max-width: 901px) 100vw, 901px\" \/><\/div><\/div><\/div><\/div><div class=\"flex_column av_one_full  flex_column_div av-zero-column-padding first  avia-builder-el-2  el_after_av_one_full  el_before_av_one_full  column-top-margin\" style='border-radius:0px; '><section class=\"av_textblock_section \"  itemscope=\"itemscope\" itemtype=\"https:\/\/schema.org\/BlogPosting\" itemprop=\"blogPost\" ><div class='avia_textblock  '   itemprop=\"text\" ><p style=\"text-align: center;\"><strong><span style=\"font-size: 18pt;\">Llaman a organizaciones sociales a actualizar Registro de Receptores de Fondos P\u00fablicos<\/span><\/strong><\/p>\n<div id=\"gtx-trans\" style=\"position: absolute; left: -50px; top: 4.31534px;\">\n<div class=\"gtx-trans-icon\"><\/div>\n<\/div>\n<\/div><\/section><\/div><div class=\"flex_column av_one_full  flex_column_div av-zero-column-padding first  avia-builder-el-4  el_after_av_one_full  el_before_av_hr  column-top-margin\" style='border-radius:0px; '><section class=\"av_textblock_section \"  itemscope=\"itemscope\" itemtype=\"https:\/\/schema.org\/BlogPosting\" itemprop=\"blogPost\" ><div class='avia_textblock  '   itemprop=\"text\" ><p style=\"text-align: justify;\">Un llamado a todas las organizaciones sociales de la regi\u00f3n realiz\u00f3 la jefa de la Divisi\u00f3n de Desarrollo Social y Humano del Gobierno Regional de Ays\u00e9n, Dominique Brautigam, para actualizar el registro de receptores de fondos p\u00fablicos del Gobierno Regional y de esta manera poder postular a los fondos del 8%, \u201cHacemos un llamado a la organizaciones a entrar al sitio web <a href=\"https:\/\/registro.goreaysen.gob.cl\/\">https:\/\/registro.goreaysen.gob.cl\/<\/a> y actualizar los datos de las organizaciones\u201d.<\/p>\n<p style=\"text-align: justify;\">Esta actualizaci\u00f3n es indispensable para todos los procesos de recepci\u00f3n de recursos del a\u00f1o 2025, requisito esencial que toda organizaci\u00f3n debe cumplir y de esta manera no quedar fuera de los procesos de postulaci\u00f3n. <strong>Se podr\u00e1 actualizar el registro hasta una semana antes de que se cierre la postulaci\u00f3n.<\/strong><\/p>\n<p style=\"text-align: justify;\">As\u00ed tambi\u00e9n recalc\u00f3 la solicitud del Gobernador Regional de trabajar de la mano de las organizaciones sociales, fortalecerlas y empoderarlas de manera de que sean parte de las pol\u00edticas p\u00fablicas y a trav\u00e9s de la l\u00ednea del 8% es una tremenda oportunidad de activar esta alianza.<\/p>\n<p style=\"text-align: justify;\">En l\u00ednea con el plan de gobierno del Gobernador Regional Marcelo Santana, esta iniciativa busca consolidar un modelo de gesti\u00f3n participativo, donde las organizaciones sociales sean protagonistas en la toma de decisiones y en la ejecuci\u00f3n de proyectos que impacten directamente en sus comunidades. La actualizaci\u00f3n del registro no solo garantiza el acceso a financiamiento, sino que tambi\u00e9n permite generar instancias de di\u00e1logo y cooperaci\u00f3n entre el Gobierno Regional y la ciudadan\u00eda, promoviendo el desarrollo equitativo y sostenible en toda la regi\u00f3n.<\/p>\n<p style=\"text-align: justify;\">En el siguiente enlace <a href=\"https:\/\/www.youtube.com\/watch?v=QeV0JGlfoXg\">https:\/\/www.youtube.com\/watch?v=QeV0JGlfoXg<\/a> puedes ver un video explicativo, donde est\u00e1 el paso a paso de la Actualizaci\u00f3n de Registro de Receptores.<\/p>\n<\/div><\/section><\/div><div  style='height:50px' class='hr hr-invisible   avia-builder-el-6  el_after_av_one_full  el_before_av_social_share '><span class='hr-inner ' ><span class='hr-inner-style'><\/span><\/span><\/div><\/p>\n<div  class='av-social-sharing-box  avia-builder-el-7  el_after_av_hr  el_before_av_hr  '><div class='av-share-box'><h5 class='av-share-link-description av-no-toc '>Compartir esta noticia<\/h5><ul class='av-share-box-list noLightbox'><li class='av-share-link av-social-link-facebook' ><a target=\"_blank\" aria-label=\"Compartir en Facebook\" href='https:\/\/www.facebook.com\/sharer.php?u=https:\/\/radiorevelacionfm.cl\/?p=50569&#038;t=Llaman%20a%20organizaciones%20sociales%20a%20actualizar%20Registro%20de%20Receptores%20de%20Fondos%20P%C3%BAblicos' aria-hidden='false' data-av_icon='\ue8f3' data-av_iconfont='entypo-fontello' title='' data-avia-related-tooltip='Compartir en Facebook' rel=\"noopener\"><span class='avia_hidden_link_text'>Compartir en Facebook<\/span><\/a><\/li><li class='av-share-link av-social-link-twitter' ><a target=\"_blank\" aria-label=\"Compartir en Twitter\" href='https:\/\/twitter.com\/share?text=Llaman%20a%20organizaciones%20sociales%20a%20actualizar%20Registro%20de%20Receptores%20de%20Fondos%20P%C3%BAblicos&#038;url=https:\/\/radiorevelacionfm.cl\/?p=50569' aria-hidden='false' data-av_icon='\ue8f1' data-av_iconfont='entypo-fontello' title='' data-avia-related-tooltip='Compartir en Twitter' rel=\"noopener\"><span class='avia_hidden_link_text'>Compartir en Twitter<\/span><\/a><\/li><li class='av-share-link av-social-link-whatsapp' ><a target=\"_blank\" aria-label=\"Compartir en Whatsapp\" href='https:\/\/api.whatsapp.com\/send?text=https:\/\/radiorevelacionfm.cl\/?p=50569' aria-hidden='false' data-av_icon='\uf232' data-av_iconfont='entypo-fontello' title='' data-avia-related-tooltip='Compartir en Whatsapp' rel=\"noopener\"><span class='avia_hidden_link_text'>Compartir en Whatsapp<\/span><\/a><\/li><li class='av-share-link av-social-link-linkedin' ><a target=\"_blank\" aria-label=\"Compartir en LinkedIn\" href='https:\/\/linkedin.com\/shareArticle?mini=true&#038;title=Llaman%20a%20organizaciones%20sociales%20a%20actualizar%20Registro%20de%20Receptores%20de%20Fondos%20P%C3%BAblicos&#038;url=https:\/\/radiorevelacionfm.cl\/?p=50569' aria-hidden='false' data-av_icon='\ue8fc' data-av_iconfont='entypo-fontello' title='' data-avia-related-tooltip='Compartir en LinkedIn' rel=\"noopener\"><span class='avia_hidden_link_text'>Compartir en LinkedIn<\/span><\/a><\/li><li class='av-share-link av-social-link-mail' ><a  aria-label=\"Compartir por correo\" href='mailto:?subject=Llaman%20a%20organizaciones%20sociales%20a%20actualizar%20Registro%20de%20Receptores%20de%20Fondos%20P%C3%BAblicos&#038;body=https:\/\/radiorevelacionfm.cl\/?p=50569' aria-hidden='false' data-av_icon='\ue805' data-av_iconfont='entypo-fontello' title='' data-avia-related-tooltip='Compartir por correo'><span class='avia_hidden_link_text'>Compartir por correo<\/span><\/a><\/li><\/ul><\/div><\/div>\n<div  style='height:50px' class='hr hr-invisible   avia-builder-el-8  el_after_av_social_share  el_before_av_comments_list '><span class='hr-inner ' ><span class='hr-inner-style'><\/span><\/span><\/div>\n<div  class='av-buildercomment  av-blog-meta-html-info-disabled av-blog-meta-tag-disabled  '><\/div>\n","protected":false},"excerpt":{"rendered":"","protected":false},"author":1,"featured_media":50570,"comment_status":"open","ping_status":"open","sticky":false,"template":"","format":"standard","meta":{"footnotes":""},"categories":[38],"tags":[],"class_list":["post-50569","post","type-post","status-publish","format-standard","has-post-thumbnail","hentry","category-regional"],"jetpack_featured_media_url":"https:\/\/radiorevelacionfm.cl\/wp-content\/uploads\/2025\/02\/54282969774_54bed50826_o-1_optimized.jpg","_links":{"self":[{"href":"https:\/\/radiorevelacionfm.cl\/index.php?rest_route=\/wp\/v2\/posts\/50569","targetHints":{"allow":["GET"]}}],"collection":[{"href":"https:\/\/radiorevelacionfm.cl\/index.php?rest_route=\/wp\/v2\/posts"}],"about":[{"href":"https:\/\/radiorevelacionfm.cl\/index.php?rest_route=\/wp\/v2\/types\/post"}],"author":[{"embeddable":true,"href":"https:\/\/radiorevelacionfm.cl\/index.php?rest_route=\/wp\/v2\/users\/1"}],"replies":[{"embeddable":true,"href":"https:\/\/radiorevelacionfm.cl\/index.php?rest_route=%2Fwp%2Fv2%2Fcomments&post=50569"}],"version-history":[{"count":1,"href":"https:\/\/radiorevelacionfm.cl\/index.php?rest_route=\/wp\/v2\/posts\/50569\/revisions"}],"predecessor-version":[{"id":50571,"href":"https:\/\/radiorevelacionfm.cl\/index.php?rest_route=\/wp\/v2\/posts\/50569\/revisions\/50571"}],"wp:featuredmedia":[{"embeddable":true,"href":"https:\/\/radiorevelacionfm.cl\/index.php?rest_route=\/wp\/v2\/media\/50570"}],"wp:attachment":[{"href":"https:\/\/radiorevelacionfm.cl\/index.php?rest_route=%2Fwp%2Fv2%2Fmedia&parent=50569"}],"wp:term":[{"taxonomy":"category","embeddable":true,"href":"https:\/\/radiorevelacionfm.cl\/index.php?rest_route=%2Fwp%2Fv2%2Fcategories&post=50569"},{"taxonomy":"post_tag","embeddable":true,"href":"https:\/\/radiorevelacionfm.cl\/index.php?rest_route=%2Fwp%2Fv2%2Ftags&post=50569"}],"curies":[{"name":"wp","href":"https:\/\/api.w.org\/{rel}","templated":true}]}}