{"id":50563,"date":"2025-02-13T15:04:20","date_gmt":"2025-02-13T18:04:20","guid":{"rendered":"https:\/\/radiorevelacionfm.cl\/?p=50563"},"modified":"2025-02-13T15:04:20","modified_gmt":"2025-02-13T18:04:20","slug":"con-caminata-a-fosiles-del-sector-los-valles-se-iniciaron-actividades-de-semana-aniversario-de-puerto-guadal","status":"publish","type":"post","link":"https:\/\/radiorevelacionfm.cl\/?p=50563","title":{"rendered":"Con caminata a f\u00f3siles del sector Los Valles se iniciaron actividades de Semana Aniversario de Puerto Guadal"},"content":{"rendered":"<div class=\"flex_column av_one_full  flex_column_div av-zero-column-padding first  avia-builder-el-0  el_before_av_one_full  avia-builder-el-first  \" style='border-radius:0px; '><div  class='avia-image-container  av-styling-    avia-builder-el-1  avia-builder-el-no-sibling  avia-align-center '  itemprop=\"image\" itemscope=\"itemscope\" itemtype=\"https:\/\/schema.org\/ImageObject\"  ><div class='avia-image-container-inner'><div class='avia-image-overlay-wrap'><img decoding=\"async\" class='wp-image-50564 avia-img-lazy-loading-not-50564 avia_image' src=\"https:\/\/radiorevelacionfm.cl\/wp-content\/uploads\/2025\/02\/img_5037-1_optimized.jpg\" alt='' title='img_5037-(1)_optimized' height=\"600\" width=\"800\"  itemprop=\"thumbnailUrl\" srcset=\"https:\/\/radiorevelacionfm.cl\/wp-content\/uploads\/2025\/02\/img_5037-1_optimized.jpg 800w, https:\/\/radiorevelacionfm.cl\/wp-content\/uploads\/2025\/02\/img_5037-1_optimized-300x225.jpg 300w, https:\/\/radiorevelacionfm.cl\/wp-content\/uploads\/2025\/02\/img_5037-1_optimized-768x576.jpg 768w, https:\/\/radiorevelacionfm.cl\/wp-content\/uploads\/2025\/02\/img_5037-1_optimized-705x529.jpg 705w, https:\/\/radiorevelacionfm.cl\/wp-content\/uploads\/2025\/02\/img_5037-1_optimized-450x338.jpg 450w, https:\/\/radiorevelacionfm.cl\/wp-content\/uploads\/2025\/02\/img_5037-1_optimized-600x450.jpg 600w\" sizes=\"(max-width: 800px) 100vw, 800px\" \/><\/div><\/div><\/div><\/div><div class=\"flex_column av_one_full  flex_column_div av-zero-column-padding first  avia-builder-el-2  el_after_av_one_full  el_before_av_one_full  column-top-margin\" style='border-radius:0px; '><section class=\"av_textblock_section \"  itemscope=\"itemscope\" itemtype=\"https:\/\/schema.org\/BlogPosting\" itemprop=\"blogPost\" ><div class='avia_textblock  '   itemprop=\"text\" ><p style=\"text-align: center;\"><span style=\"font-size: 18pt;\"><b><span lang=\"ES-TRAD\">Con caminata a f\u00f3siles del sector Los Valles se iniciaron actividades de Semana Aniversario de Puerto Guadal<\/span><\/b><\/span><\/p>\n<div id=\"gtx-trans\" style=\"position: absolute; left: -50px; top: 4.31534px;\">\n<div class=\"gtx-trans-icon\"><\/div>\n<\/div>\n<\/div><\/section><\/div><div class=\"flex_column av_one_full  flex_column_div av-zero-column-padding first  avia-builder-el-4  el_after_av_one_full  el_before_av_hr  column-top-margin\" style='border-radius:0px; '><section class=\"av_textblock_section \"  itemscope=\"itemscope\" itemtype=\"https:\/\/schema.org\/BlogPosting\" itemprop=\"blogPost\" ><div class='avia_textblock  '   itemprop=\"text\" ><p class=\"v1gmail-MsoListParagraph\" style=\"text-align: justify;\"><i><span lang=\"ES-TRAD\">La Semana Aniversario de Puerto Guadal contempla m\u00faltiples actividades, como generaci\u00f3n de alianzas, elecci\u00f3n de reina, actividades costumbristas como asados comunitarios, show art\u00edstico y baile, adem\u00e1s de una feria al aire libre con talleres de te\u00f1ido de lana, jabones y una muestra gastron\u00f3mica de cocina huella cero.<\/span><\/i><\/p>\n<p class=\"v1MsoNormal\" style=\"text-align: justify;\"><span lang=\"ES-TRAD\">Casi una treintena de vecinos y visitantes pudieron conocer el sector de f\u00f3siles cercano a Puerto Guadal (en el sector Los Valles), como puntapi\u00e9 inicial de las actividades de la semana aniversario de la localidad preparadas por la Municipalidad de Chile Chico con conjunto con organizaciones locales.<\/span><\/p>\n<p class=\"v1MsoNormal\" style=\"text-align: justify;\"><span lang=\"ES-TRAD\">La actividad se desarroll\u00f3 este mi\u00e9rcoles 12 de febrero, con el apoyo de los gu\u00edas locales Henry Sep\u00falveda, Ana Mar\u00eda Seguel y Vicente Barahona de la AG de Turismo de Puerton Guadal. La salida se inici\u00f3 a las 9AM desde la plaza de Puerto Guadal, desde donde el grupo parti\u00f3 rumbo al sector de la Formaci\u00f3n Guadal, donde se encuentran f\u00f3siles de invertebrados marinos de hace 20 millones de a\u00f1os. El paleont\u00f3logo Enrique Bostelman <a href=\"https:\/\/www.elmostrador.cl\/cultura\/2022\/10\/22\/paleontologo-enrique-bostelmann-y-hallazgo-de-fosiles-aysen-se-posiciona-como-un-nuevo-centro-paleontologico\/\" target=\"_blank\" rel=\"noopener noreferrer\">ha explicado<\/a>\u00a0que \u00e9sta \u00ab<i>es una de las unidades fosil\u00edferas m\u00e1s diversas de la regi\u00f3n de Ays\u00e9n<\/i>\u00ab.<\/span><\/p>\n<p class=\"v1MsoNormal\" style=\"text-align: justify;\"><span lang=\"ES-TRAD\">Para\u00a0<b>Olga Campos<\/b>, vecina de Puerto Guadal, \u00ab<i>para m\u00ed la actividad fue excelente. La verdad es que es muy lindo que se haga esto. No conozco para ac\u00e1, pero me parece muy bonito, muy lindo<\/i>\u00ab.<\/span><\/p>\n<p class=\"v1MsoNormal\" style=\"text-align: justify;\"><b>Vicente Barahona<\/b>\u00a0expres\u00f3 que \u00ab<i><span lang=\"ES-TRAD\">estamos muy felices de poder compartir lo que sabemos de esta zona tan valiosa para la humanidad. Con mucha gente motivada, as\u00ed que nada, muy contentos de poder haber participado aqu\u00ed con toda la gente guadalina<\/span><\/i><span lang=\"ES-TRAD\">\u00ab.<\/span><\/p>\n<p class=\"v1MsoNormal\" style=\"text-align: justify;\"><span lang=\"ES-TRAD\">La Semana Aniversario de Puerto Guadal contempla m\u00faltiples actividades, como generaci\u00f3n de alianzas, elecci\u00f3n de reina, actividades costumbristas como asados comunitarios, adem\u00e1s de una feria al aire libre con talleres de te\u00f1ido de lana, jabones y una muestra gastron\u00f3mica de cocina huella cero.<\/span><\/p>\n<p class=\"v1MsoNormal\" style=\"text-align: justify;\"><span lang=\"ES-TRAD\">El s\u00e1bado 15 ser\u00e1 el Festival con show y baile, mediante la presentaci\u00f3n de Rolando Form\u00f3n, Luciano Auad, Los Llaneros del Sur, Teklas, Los del Lago y 3D Tequila.<\/span><\/p>\n<p class=\"v1MsoNormal\" style=\"text-align: justify;\"><span lang=\"ES-TRAD\">Junto al municipio, a trav\u00e9s de la delegaci\u00f3n municipal se ha potenciado el trabajo en red generando v\u00ednculo con las organizaciones presentes. Es as\u00ed que se sumaron al llamado la Junta de Vecinos N8, la AG de Turismo, la AG de Campesinos, la Corporaci\u00f3n Chelenko, la Fundaci\u00f3n Cuenca Viva, entre otras varias agrupaciones.<\/span><\/p>\n<\/div><\/section><\/div><div  style='height:50px' class='hr hr-invisible   avia-builder-el-6  el_after_av_one_full  el_before_av_social_share '><span class='hr-inner ' ><span class='hr-inner-style'><\/span><\/span><\/div><\/p>\n<div  class='av-social-sharing-box  avia-builder-el-7  el_after_av_hr  el_before_av_hr  '><div class='av-share-box'><h5 class='av-share-link-description av-no-toc '>Compartir esta noticia<\/h5><ul class='av-share-box-list noLightbox'><li class='av-share-link av-social-link-facebook' ><a target=\"_blank\" aria-label=\"Compartir en Facebook\" href='https:\/\/www.facebook.com\/sharer.php?u=https:\/\/radiorevelacionfm.cl\/?p=50563&#038;t=Con%20caminata%20a%20f%C3%B3siles%20del%20sector%20Los%20Valles%20se%20iniciaron%20actividades%20de%20Semana%20Aniversario%20de%20Puerto%20Guadal' aria-hidden='false' data-av_icon='\ue8f3' data-av_iconfont='entypo-fontello' title='' data-avia-related-tooltip='Compartir en Facebook' rel=\"noopener\"><span class='avia_hidden_link_text'>Compartir en Facebook<\/span><\/a><\/li><li class='av-share-link av-social-link-twitter' ><a target=\"_blank\" aria-label=\"Compartir en Twitter\" href='https:\/\/twitter.com\/share?text=Con%20caminata%20a%20f%C3%B3siles%20del%20sector%20Los%20Valles%20se%20iniciaron%20actividades%20de%20Semana%20Aniversario%20de%20Puerto%20Guadal&#038;url=https:\/\/radiorevelacionfm.cl\/?p=50563' aria-hidden='false' data-av_icon='\ue8f1' data-av_iconfont='entypo-fontello' title='' data-avia-related-tooltip='Compartir en Twitter' rel=\"noopener\"><span class='avia_hidden_link_text'>Compartir en Twitter<\/span><\/a><\/li><li class='av-share-link av-social-link-whatsapp' ><a target=\"_blank\" aria-label=\"Compartir en Whatsapp\" href='https:\/\/api.whatsapp.com\/send?text=https:\/\/radiorevelacionfm.cl\/?p=50563' aria-hidden='false' data-av_icon='\uf232' data-av_iconfont='entypo-fontello' title='' data-avia-related-tooltip='Compartir en Whatsapp' rel=\"noopener\"><span class='avia_hidden_link_text'>Compartir en Whatsapp<\/span><\/a><\/li><li class='av-share-link av-social-link-linkedin' ><a target=\"_blank\" aria-label=\"Compartir en LinkedIn\" href='https:\/\/linkedin.com\/shareArticle?mini=true&#038;title=Con%20caminata%20a%20f%C3%B3siles%20del%20sector%20Los%20Valles%20se%20iniciaron%20actividades%20de%20Semana%20Aniversario%20de%20Puerto%20Guadal&#038;url=https:\/\/radiorevelacionfm.cl\/?p=50563' aria-hidden='false' data-av_icon='\ue8fc' data-av_iconfont='entypo-fontello' title='' data-avia-related-tooltip='Compartir en LinkedIn' rel=\"noopener\"><span class='avia_hidden_link_text'>Compartir en LinkedIn<\/span><\/a><\/li><li class='av-share-link av-social-link-mail' ><a  aria-label=\"Compartir por correo\" href='mailto:?subject=Con%20caminata%20a%20f%C3%B3siles%20del%20sector%20Los%20Valles%20se%20iniciaron%20actividades%20de%20Semana%20Aniversario%20de%20Puerto%20Guadal&#038;body=https:\/\/radiorevelacionfm.cl\/?p=50563' aria-hidden='false' data-av_icon='\ue805' data-av_iconfont='entypo-fontello' title='' data-avia-related-tooltip='Compartir por correo'><span class='avia_hidden_link_text'>Compartir por correo<\/span><\/a><\/li><\/ul><\/div><\/div>\n<div  style='height:50px' class='hr hr-invisible   avia-builder-el-8  el_after_av_social_share  el_before_av_comments_list '><span class='hr-inner ' ><span class='hr-inner-style'><\/span><\/span><\/div>\n<div  class='av-buildercomment  av-blog-meta-html-info-disabled av-blog-meta-tag-disabled  '><\/div>\n","protected":false},"excerpt":{"rendered":"","protected":false},"author":1,"featured_media":50564,"comment_status":"open","ping_status":"open","sticky":false,"template":"","format":"standard","meta":{"footnotes":""},"categories":[38],"tags":[],"class_list":["post-50563","post","type-post","status-publish","format-standard","has-post-thumbnail","hentry","category-regional"],"jetpack_featured_media_url":"https:\/\/radiorevelacionfm.cl\/wp-content\/uploads\/2025\/02\/img_5037-1_optimized.jpg","_links":{"self":[{"href":"https:\/\/radiorevelacionfm.cl\/index.php?rest_route=\/wp\/v2\/posts\/50563","targetHints":{"allow":["GET"]}}],"collection":[{"href":"https:\/\/radiorevelacionfm.cl\/index.php?rest_route=\/wp\/v2\/posts"}],"about":[{"href":"https:\/\/radiorevelacionfm.cl\/index.php?rest_route=\/wp\/v2\/types\/post"}],"author":[{"embeddable":true,"href":"https:\/\/radiorevelacionfm.cl\/index.php?rest_route=\/wp\/v2\/users\/1"}],"replies":[{"embeddable":true,"href":"https:\/\/radiorevelacionfm.cl\/index.php?rest_route=%2Fwp%2Fv2%2Fcomments&post=50563"}],"version-history":[{"count":1,"href":"https:\/\/radiorevelacionfm.cl\/index.php?rest_route=\/wp\/v2\/posts\/50563\/revisions"}],"predecessor-version":[{"id":50565,"href":"https:\/\/radiorevelacionfm.cl\/index.php?rest_route=\/wp\/v2\/posts\/50563\/revisions\/50565"}],"wp:featuredmedia":[{"embeddable":true,"href":"https:\/\/radiorevelacionfm.cl\/index.php?rest_route=\/wp\/v2\/media\/50564"}],"wp:attachment":[{"href":"https:\/\/radiorevelacionfm.cl\/index.php?rest_route=%2Fwp%2Fv2%2Fmedia&parent=50563"}],"wp:term":[{"taxonomy":"category","embeddable":true,"href":"https:\/\/radiorevelacionfm.cl\/index.php?rest_route=%2Fwp%2Fv2%2Fcategories&post=50563"},{"taxonomy":"post_tag","embeddable":true,"href":"https:\/\/radiorevelacionfm.cl\/index.php?rest_route=%2Fwp%2Fv2%2Ftags&post=50563"}],"curies":[{"name":"wp","href":"https:\/\/api.w.org\/{rel}","templated":true}]}}