{"id":50559,"date":"2025-02-13T13:02:59","date_gmt":"2025-02-13T16:02:59","guid":{"rendered":"https:\/\/radiorevelacionfm.cl\/?p=50559"},"modified":"2025-02-13T13:02:59","modified_gmt":"2025-02-13T16:02:59","slug":"con-la-entrega-de-34-bicicletas-de-alto-rendimiento-y-material-deportivo-impulsan-el-ciclismo-competitivo-en-la-region","status":"publish","type":"post","link":"https:\/\/radiorevelacionfm.cl\/?p=50559","title":{"rendered":"Con la entrega de 34 bicicletas de alto rendimiento y material deportivo impulsan el ciclismo competitivo en la regi\u00f3n"},"content":{"rendered":"<div class=\"flex_column av_one_full  flex_column_div av-zero-column-padding first  avia-builder-el-0  el_before_av_one_full  avia-builder-el-first  \" style='border-radius:0px; '><div  class='avia-image-container  av-styling-    avia-builder-el-1  avia-builder-el-no-sibling  avia-align-center '  itemprop=\"image\" itemscope=\"itemscope\" itemtype=\"https:\/\/schema.org\/ImageObject\"  ><div class='avia-image-container-inner'><div class='avia-image-overlay-wrap'><img decoding=\"async\" class='wp-image-50561 avia-img-lazy-loading-not-50561 avia_image' src=\"https:\/\/radiorevelacionfm.cl\/wp-content\/uploads\/2025\/02\/10-11-1_optimized.jpeg\" alt='' title='10-(11)-(1)_optimized' height=\"600\" width=\"899\"  itemprop=\"thumbnailUrl\" srcset=\"https:\/\/radiorevelacionfm.cl\/wp-content\/uploads\/2025\/02\/10-11-1_optimized.jpeg 899w, https:\/\/radiorevelacionfm.cl\/wp-content\/uploads\/2025\/02\/10-11-1_optimized-300x200.jpeg 300w, https:\/\/radiorevelacionfm.cl\/wp-content\/uploads\/2025\/02\/10-11-1_optimized-768x513.jpeg 768w, https:\/\/radiorevelacionfm.cl\/wp-content\/uploads\/2025\/02\/10-11-1_optimized-705x471.jpeg 705w, https:\/\/radiorevelacionfm.cl\/wp-content\/uploads\/2025\/02\/10-11-1_optimized-450x300.jpeg 450w, https:\/\/radiorevelacionfm.cl\/wp-content\/uploads\/2025\/02\/10-11-1_optimized-600x400.jpeg 600w\" sizes=\"(max-width: 899px) 100vw, 899px\" \/><\/div><\/div><\/div><\/div><div class=\"flex_column av_one_full  flex_column_div av-zero-column-padding first  avia-builder-el-2  el_after_av_one_full  el_before_av_one_full  column-top-margin\" style='border-radius:0px; '><section class=\"av_textblock_section \"  itemscope=\"itemscope\" itemtype=\"https:\/\/schema.org\/BlogPosting\" itemprop=\"blogPost\" ><div class='avia_textblock  '   itemprop=\"text\" ><p style=\"text-align: center;\"><strong><span style=\"font-size: 18pt;\">Con la entrega de 34 bicicletas de alto rendimiento y material deportivo impulsan el ciclismo competitivo en la regi\u00f3n<\/span><\/strong><\/p>\n<div id=\"gtx-trans\" style=\"position: absolute; left: -50px; top: 4.31534px;\">\n<div class=\"gtx-trans-icon\"><\/div>\n<\/div>\n<\/div><\/section><\/div><div class=\"flex_column av_one_full  flex_column_div av-zero-column-padding first  avia-builder-el-4  el_after_av_one_full  el_before_av_hr  column-top-margin\" style='border-radius:0px; '><section class=\"av_textblock_section \"  itemscope=\"itemscope\" itemtype=\"https:\/\/schema.org\/BlogPosting\" itemprop=\"blogPost\" ><div class='avia_textblock  '   itemprop=\"text\" ><p style=\"text-align: justify;\">En una ceremonia encabezada por el Gobernador Regional de Ays\u00e9n, Marcelo Santana Vargas y autoridades del deporte regional, se realiz\u00f3 la entrega de 34 bicicletas de alto rendimiento y material deportivo a los clubes de ciclismo Coyhaique Racing Team y Club Ays\u00e9n Patagonia.<\/p>\n<p style=\"text-align: justify;\">Este proyecto financiado por el Gobierno Regional consider\u00f3 una inversi\u00f3n total de $237.511.688, y busca fortalecer el desarrollo del ciclismo en la regi\u00f3n y proporcionar a los deportistas locales las herramientas necesarias para competir en instancias nacionales e internacionales.<\/p>\n<p style=\"text-align: justify;\">El proyecto fue presentado por el Ministerio del Deporte y el Instituto Nacional del Deporte (IND), a fines del a\u00f1o 2023 respondiendo a la necesidad de los clubes deportivos, de contar con equipamiento adecuado para los ciclistas de la regi\u00f3n, quienes hist\u00f3ricamente han enfrentado limitaciones t\u00e9cnicas que afectan su desempe\u00f1o en competencias de alto nivel, entendiendo adem\u00e1s que la tecnolog\u00eda y la calidad de las bicicletas pueden incidir decisivamente en el resultado final.<\/p>\n<p style=\"text-align: justify;\">El proyecto inici\u00f3 con la entrega de equipamiento a los deportistas Jos\u00e9 Luis Pipo Rodr\u00edguez y Gabriela Alarc\u00f3n el a\u00f1o 2023 y finaliz\u00f3 con la entrega del material restante a los clubes el pasado martes 11 de febrero. La iniciativa considera bicicletas espec\u00edficas para disciplinas como contrarreloj, ruta, monta\u00f1a, pista, triatl\u00f3n y enduro, adem\u00e1s de accesorios esenciales como bolsos de viaje, maletas para bicicletas, juegos de ruedas y rodillos.<\/p>\n<p style=\"text-align: justify;\">Durante la ceremonia, el Gobernador Marcelo Santana destac\u00f3 la importancia de esta iniciativa en el marco de su plan de gobierno, que prioriza la reactivaci\u00f3n econ\u00f3mica y el desarrollo de infraestructura en la regi\u00f3n. \u00abEl deporte es una herramienta fundamental para el desarrollo social y econ\u00f3mico de Ays\u00e9n. Con esta entrega, no solo apoyamos a nuestros deportistas, sino que tambi\u00e9n fomentamos estilos de vida saludables y fortalecemos el \u00e1mbito social de nuestras comunidades\u00bb, se\u00f1al\u00f3.<\/p>\n<p style=\"text-align: justify;\">Esta acci\u00f3n se alinea con la estrategia del Gobierno Regional de impulsar proyectos que promuevan el desarrollo integral de la regi\u00f3n, mejorando la calidad de vida de sus habitantes y potenciando el talento local. Asimismo, refuerza el compromiso de la administraci\u00f3n de Marcelo Santana con el deporte y la juventud, brindando oportunidades para que los deportistas ayseninos alcancen sus metas y representen a la regi\u00f3n con orgullo en escenarios nacionales e internacionales.<\/p>\n<p style=\"text-align: justify;\">Desde la SEREMI del Deporte, Mar\u00eda Eugenia Dur\u00e1n precis\u00f3: \u00abComo Ministerio del Deporte junto a IND, nos alegra por fin dar cumplimiento a esta iniciativa, que viene a fortalecer la preparaci\u00f3n y performance de quienes se dedican al ciclismo en la regi\u00f3n. Como Gobierno del Presidente Boric, estamos mandatados a cumplir con los compromisos que se asumen y a trabajar de manera colaborativa con otras instituciones, por lo que agradecemos el compromiso del Gobierno Regional y su Consejo, al equipo de funcionarios y funcionarias, tanto del GORE como del IND que lograron sortear todas las complejas dificultades que se presentaron en este proceso. Seguimos incentivando una cultura del movimiento y fortaleciendo el deporte competitivo en la regi\u00f3n de Ays\u00e9n\u00bb.<\/p>\n<p style=\"text-align: justify;\">Asimismo,\u00a0desde los Clubes Coyhaique Racing Team y Ays\u00e9n Patagonia, se mostraron felices y agradecidos, al respecto Cristian Zumelzu, presidente Club Ays\u00e9n Patagonia se\u00f1al\u00f3: \u00abEsta entrega es un hecho hist\u00f3rico para la regi\u00f3n y como club presentamos esta necesidad de equipo junto al otro club, proyecto que recibi\u00f3 el Gobierno Regional junto al IND, para hacer el proceso de compras para obtener este material y hoy ya los estamos recibiendo por lo que estamos muy contentos, vamos a comenzar a utilizar el equipo para sacar adelante a nuestros deportistas destacados\u00bb. Por su parte, Gabriel Benoit, Presidente de Coyhaique Racing Team, agreg\u00f3: \u00abEstamos recibiendo\u00a0 un material de primera calidad para nuestros deportistas, este era un momento muy esperado, es muy dif\u00edcil acceder a este tipo de material, son bicicletas muy caras, de alta competencia, tenemos tremendos deportistas pero el material deb\u00eda estar acorde con ellos; durante a\u00f1os estuvieron\u00a0 corriendo con material que no era el de m\u00e1s alta gama y hoy d\u00eda tienen un material de primera\u00bb, puntualiz\u00f3.<\/p>\n<p style=\"text-align: justify;\">La entrega de este equipamiento es un paso significativo hacia la consolidaci\u00f3n de Ays\u00e9n como un referente en el ciclismo nacional, demostrando que, con el apoyo adecuado, los deportistas locales pueden alcanzar altos est\u00e1ndares de competencia y llevar el nombre de la regi\u00f3n a lo m\u00e1s alto del podio.<\/p>\n<\/div><\/section><\/div><div  style='height:50px' class='hr hr-invisible   avia-builder-el-6  el_after_av_one_full  el_before_av_social_share '><span class='hr-inner ' ><span class='hr-inner-style'><\/span><\/span><\/div><\/p>\n<div  class='av-social-sharing-box  avia-builder-el-7  el_after_av_hr  el_before_av_hr  '><div class='av-share-box'><h5 class='av-share-link-description av-no-toc '>Compartir esta noticia<\/h5><ul class='av-share-box-list noLightbox'><li class='av-share-link av-social-link-facebook' ><a target=\"_blank\" aria-label=\"Compartir en Facebook\" href='https:\/\/www.facebook.com\/sharer.php?u=https:\/\/radiorevelacionfm.cl\/?p=50559&#038;t=Con%20la%20entrega%20de%2034%20bicicletas%20de%20alto%20rendimiento%20y%20material%20deportivo%20impulsan%20el%20ciclismo%20competitivo%20en%20la%20regi%C3%B3n' aria-hidden='false' data-av_icon='\ue8f3' data-av_iconfont='entypo-fontello' title='' data-avia-related-tooltip='Compartir en Facebook' rel=\"noopener\"><span class='avia_hidden_link_text'>Compartir en Facebook<\/span><\/a><\/li><li class='av-share-link av-social-link-twitter' ><a target=\"_blank\" aria-label=\"Compartir en Twitter\" href='https:\/\/twitter.com\/share?text=Con%20la%20entrega%20de%2034%20bicicletas%20de%20alto%20rendimiento%20y%20material%20deportivo%20impulsan%20el%20ciclismo%20competitivo%20en%20la%20regi%C3%B3n&#038;url=https:\/\/radiorevelacionfm.cl\/?p=50559' aria-hidden='false' data-av_icon='\ue8f1' data-av_iconfont='entypo-fontello' title='' data-avia-related-tooltip='Compartir en Twitter' rel=\"noopener\"><span class='avia_hidden_link_text'>Compartir en Twitter<\/span><\/a><\/li><li class='av-share-link av-social-link-whatsapp' ><a target=\"_blank\" aria-label=\"Compartir en Whatsapp\" href='https:\/\/api.whatsapp.com\/send?text=https:\/\/radiorevelacionfm.cl\/?p=50559' aria-hidden='false' data-av_icon='\uf232' data-av_iconfont='entypo-fontello' title='' data-avia-related-tooltip='Compartir en Whatsapp' rel=\"noopener\"><span class='avia_hidden_link_text'>Compartir en Whatsapp<\/span><\/a><\/li><li class='av-share-link av-social-link-linkedin' ><a target=\"_blank\" aria-label=\"Compartir en LinkedIn\" href='https:\/\/linkedin.com\/shareArticle?mini=true&#038;title=Con%20la%20entrega%20de%2034%20bicicletas%20de%20alto%20rendimiento%20y%20material%20deportivo%20impulsan%20el%20ciclismo%20competitivo%20en%20la%20regi%C3%B3n&#038;url=https:\/\/radiorevelacionfm.cl\/?p=50559' aria-hidden='false' data-av_icon='\ue8fc' data-av_iconfont='entypo-fontello' title='' data-avia-related-tooltip='Compartir en LinkedIn' rel=\"noopener\"><span class='avia_hidden_link_text'>Compartir en LinkedIn<\/span><\/a><\/li><li class='av-share-link av-social-link-mail' ><a  aria-label=\"Compartir por correo\" href='mailto:?subject=Con%20la%20entrega%20de%2034%20bicicletas%20de%20alto%20rendimiento%20y%20material%20deportivo%20impulsan%20el%20ciclismo%20competitivo%20en%20la%20regi%C3%B3n&#038;body=https:\/\/radiorevelacionfm.cl\/?p=50559' aria-hidden='false' data-av_icon='\ue805' data-av_iconfont='entypo-fontello' title='' data-avia-related-tooltip='Compartir por correo'><span class='avia_hidden_link_text'>Compartir por correo<\/span><\/a><\/li><\/ul><\/div><\/div>\n<div  style='height:50px' class='hr hr-invisible   avia-builder-el-8  el_after_av_social_share  el_before_av_comments_list '><span class='hr-inner ' ><span class='hr-inner-style'><\/span><\/span><\/div>\n<div  class='av-buildercomment  av-blog-meta-html-info-disabled av-blog-meta-tag-disabled  '><\/div>\n","protected":false},"excerpt":{"rendered":"","protected":false},"author":1,"featured_media":50561,"comment_status":"open","ping_status":"open","sticky":false,"template":"","format":"standard","meta":{"footnotes":""},"categories":[40],"tags":[],"class_list":["post-50559","post","type-post","status-publish","format-standard","has-post-thumbnail","hentry","category-deportes"],"jetpack_featured_media_url":"https:\/\/radiorevelacionfm.cl\/wp-content\/uploads\/2025\/02\/10-11-1_optimized.jpeg","_links":{"self":[{"href":"https:\/\/radiorevelacionfm.cl\/index.php?rest_route=\/wp\/v2\/posts\/50559","targetHints":{"allow":["GET"]}}],"collection":[{"href":"https:\/\/radiorevelacionfm.cl\/index.php?rest_route=\/wp\/v2\/posts"}],"about":[{"href":"https:\/\/radiorevelacionfm.cl\/index.php?rest_route=\/wp\/v2\/types\/post"}],"author":[{"embeddable":true,"href":"https:\/\/radiorevelacionfm.cl\/index.php?rest_route=\/wp\/v2\/users\/1"}],"replies":[{"embeddable":true,"href":"https:\/\/radiorevelacionfm.cl\/index.php?rest_route=%2Fwp%2Fv2%2Fcomments&post=50559"}],"version-history":[{"count":1,"href":"https:\/\/radiorevelacionfm.cl\/index.php?rest_route=\/wp\/v2\/posts\/50559\/revisions"}],"predecessor-version":[{"id":50562,"href":"https:\/\/radiorevelacionfm.cl\/index.php?rest_route=\/wp\/v2\/posts\/50559\/revisions\/50562"}],"wp:featuredmedia":[{"embeddable":true,"href":"https:\/\/radiorevelacionfm.cl\/index.php?rest_route=\/wp\/v2\/media\/50561"}],"wp:attachment":[{"href":"https:\/\/radiorevelacionfm.cl\/index.php?rest_route=%2Fwp%2Fv2%2Fmedia&parent=50559"}],"wp:term":[{"taxonomy":"category","embeddable":true,"href":"https:\/\/radiorevelacionfm.cl\/index.php?rest_route=%2Fwp%2Fv2%2Fcategories&post=50559"},{"taxonomy":"post_tag","embeddable":true,"href":"https:\/\/radiorevelacionfm.cl\/index.php?rest_route=%2Fwp%2Fv2%2Ftags&post=50559"}],"curies":[{"name":"wp","href":"https:\/\/api.w.org\/{rel}","templated":true}]}}