{"id":50556,"date":"2025-02-13T12:35:16","date_gmt":"2025-02-13T15:35:16","guid":{"rendered":"https:\/\/radiorevelacionfm.cl\/?p=50556"},"modified":"2025-02-13T12:35:16","modified_gmt":"2025-02-13T15:35:16","slug":"en-puerto-guadal-se-mantiene-preocupacion-ante-inminente-cierre-del-unico-servicentro-de-expendio-de-combustible-de-la-localidad","status":"publish","type":"post","link":"https:\/\/radiorevelacionfm.cl\/?p=50556","title":{"rendered":"En Puerto Guadal se mantiene preocupaci\u00f3n ante inminente cierre del \u00fanico servicentro de expendio de combustible de la localidad"},"content":{"rendered":"<div class=\"flex_column av_one_full  flex_column_div av-zero-column-padding first  avia-builder-el-0  el_before_av_one_full  avia-builder-el-first  \" style='border-radius:0px; '><div  class='avia-image-container  av-styling-    avia-builder-el-1  avia-builder-el-no-sibling  avia-align-center '  itemprop=\"image\" itemscope=\"itemscope\" itemtype=\"https:\/\/schema.org\/ImageObject\"  ><div class='avia-image-container-inner'><div class='avia-image-overlay-wrap'><img decoding=\"async\" class='wp-image-50557 avia-img-lazy-loading-not-50557 avia_image' src=\"https:\/\/radiorevelacionfm.cl\/wp-content\/uploads\/2025\/02\/SERVICENTRO-PTO-GUADAL-1.jpg\" alt='' title='SERVICENTRO PTO GUADAL (1)' height=\"676\" width=\"801\"  itemprop=\"thumbnailUrl\" srcset=\"https:\/\/radiorevelacionfm.cl\/wp-content\/uploads\/2025\/02\/SERVICENTRO-PTO-GUADAL-1.jpg 801w, https:\/\/radiorevelacionfm.cl\/wp-content\/uploads\/2025\/02\/SERVICENTRO-PTO-GUADAL-1-300x253.jpg 300w, https:\/\/radiorevelacionfm.cl\/wp-content\/uploads\/2025\/02\/SERVICENTRO-PTO-GUADAL-1-768x648.jpg 768w, https:\/\/radiorevelacionfm.cl\/wp-content\/uploads\/2025\/02\/SERVICENTRO-PTO-GUADAL-1-705x595.jpg 705w, https:\/\/radiorevelacionfm.cl\/wp-content\/uploads\/2025\/02\/SERVICENTRO-PTO-GUADAL-1-450x380.jpg 450w, https:\/\/radiorevelacionfm.cl\/wp-content\/uploads\/2025\/02\/SERVICENTRO-PTO-GUADAL-1-600x506.jpg 600w\" sizes=\"(max-width: 801px) 100vw, 801px\" \/><\/div><\/div><\/div><\/div><div class=\"flex_column av_one_full  flex_column_div av-zero-column-padding first  avia-builder-el-2  el_after_av_one_full  el_before_av_one_full  column-top-margin\" style='border-radius:0px; '><section class=\"av_textblock_section \"  itemscope=\"itemscope\" itemtype=\"https:\/\/schema.org\/BlogPosting\" itemprop=\"blogPost\" ><div class='avia_textblock  '   itemprop=\"text\" ><p style=\"text-align: center;\"><span style=\"font-size: 18pt;\"><b><span lang=\"ES-TRAD\">En Puerto Guadal se mantiene preocupaci\u00f3n ante inminente cierre del \u00fanico servicentro de expendio de combustible de la localidad<\/span><\/b><\/span><\/p>\n<div id=\"gtx-trans\" style=\"position: absolute; left: -50px; top: 4.31534px;\">\n<div class=\"gtx-trans-icon\"><\/div>\n<\/div>\n<\/div><\/section><\/div><div class=\"flex_column av_one_full  flex_column_div av-zero-column-padding first  avia-builder-el-4  el_after_av_one_full  el_before_av_hr  column-top-margin\" style='border-radius:0px; '><section class=\"av_textblock_section \"  itemscope=\"itemscope\" itemtype=\"https:\/\/schema.org\/BlogPosting\" itemprop=\"blogPost\" ><div class='avia_textblock  '   itemprop=\"text\" ><p class=\"v1gmail-MsoListParagraph\" style=\"text-align: justify;\"><i><span lang=\"ES-TRAD\">Junta de Vecinos N8 envi\u00f3 carta expresando la inquietud y solicitando que actores p\u00fablicos tomen cartas en el asunto, ya que no tener combustible no s\u00f3lo afecta el transporte, sino el suministro de le\u00f1a, los servicios b\u00e1sicos y de electricidad ante emergencias.<\/span><\/i><\/p>\n<p class=\"v1MsoNormal\" style=\"text-align: justify;\"><span lang=\"ES-TRAD\">En ascuas se mantienen los vecinos de Puerto Guadal tras el reciente anuncio de la empresa Estrella Sur Ltda. de finalizar el 28 de febrero las operaciones de la \u00fanica estaci\u00f3n de expendio de combustible de la localidad.\u00a0<span class=\"v1gmail-Apple-converted-space\">\u00a0<\/span>Mediante una carta enviada a diversas autoridades comunales, provinciales y regionales la Junta de Vecinos N8 expres\u00f3 su preocupaci\u00f3n por el tema, solicitando se busquen opciones para no generar graves problemas a la comunidad de Puerto Guadal y las localidades aleda\u00f1as.<\/span><\/p>\n<p class=\"v1MsoNormal\" style=\"text-align: justify;\"><span lang=\"ES-TRAD\">\u00ab<i>Puerto Guadal se encuentra a 60 kil\u00f3metros de la estaci\u00f3n de servicios p\u00fablico combustible m\u00e1s cercana (Puerto R\u00edo Tranquilo), en plena Carretera Austral Sur, camino sin pavimentar lo cual dificulta completamente el traslado para abastecimiento, sobre todo en los meses de invierno<\/i>\u00bb se\u00f1ala el presidente de la organizaci\u00f3n<b>, Felipe Christensen<\/b>. La misiva fue enviada al seremi de Energ\u00eda Tom\u00e1s Laibe, al delegado presidencial regional Jorge D\u00edaz, al delegado presidencial provincial Eduardo Barcel\u00f3, al gobernador Marcelo Santana Vargas, al alcalde de Chile Chico Ariel Keim Hermosilla y el Concejo Municipal, adem\u00e1s de la Superintendencia de Electricidad y Combustibles.<\/span><\/p>\n<p class=\"v1MsoNormal\" style=\"text-align: justify;\"><span lang=\"ES-TRAD\">En el documento se explic\u00f3 que \u00ab<i>existen otras tres localidades aleda\u00f1as que dependen de la estaci\u00f3n de servicio de combustible de Puerto Guadal, como son Puerto Bertrand (a 25 kil\u00f3metros aprox.), El Le\u00f3n (24 kil\u00f3metros aprox.) y Mall\u00edn Grande (a 32 kil\u00f3metros aprox.) las tambi\u00e9n quedar\u00e1n sin este important\u00edsimo servicio p\u00fablico<\/i>\u00ab.<\/span><\/p>\n<p class=\"v1MsoNormal\" style=\"text-align: justify;\"><span lang=\"ES-TRAD\">El combustible del servicentro es utilizado para el transporte de los vecinos y vecinas, pero a la vez \u00ab<i>para el traslado de estudiantes a la escuela y jard\u00edn del pueblo de los pueblos cercanos, as\u00ed como para el transporte de materiales, servicios p\u00fablicos como bomberos, ambulancias, carabineros, etc., y actividades productivas b\u00e1sicas<\/i>\u00ab.\u00a0<span class=\"v1gmail-Apple-converted-space\">\u00a0<\/span>A esto se agrega la calefacci\u00f3n, dado que la le\u00f1a se transporta en camionetas y las motosierras utilizan bencina. Tambi\u00e9n afectar\u00eda los generadores que operan con combustible cuando hay interrupci\u00f3n el\u00e9ctrica.<\/span><\/p>\n<p class=\"v1MsoNormal\" style=\"text-align: justify;\"><b><span lang=\"ES-TRAD\">Autoridades se movilizan<\/span><\/b><\/p>\n<p class=\"v1MsoNormal\" style=\"text-align: justify;\"><span lang=\"ES-TRAD\">Una vez conocido el problema en ciernes el<span class=\"v1gmail-Apple-converted-space\">\u00a0<\/span><b>seremi de Energ\u00eda, Tom\u00e1s Laibe,<\/b><span class=\"v1gmail-Apple-converted-space\">\u00a0<\/span><a href=\"https:\/\/www.instagram.com\/p\/DFyW2tduZzg\/\" target=\"_blank\" rel=\"noopener noreferrer\">expres\u00f3<\/a><span class=\"v1gmail-Apple-converted-space\">\u00a0<\/span>que \u00ab<i>como Gobierno estamos evaluando alternativas para enfrentar esta situaci\u00f3n. Para ello hemos sostenido una reuni\u00f3n con Copec, cuyos representantes comprendieron de inmediato la urgencia y la necesidad de la comunidad, manifestando su disposici\u00f3n a cooperar hacia una soluci\u00f3n<\/i>\u00ab.\u00a0<span class=\"v1gmail-Apple-converted-space\">\u00a0<\/span>Con ello, asumieron \u00ab<i>el compromiso de evaluar todas las alternativas t\u00e9cnicas y legales disponibles que permitan una respuesta efectiva y oportuna<\/i>\u00ab.<\/span><\/p>\n<p class=\"v1MsoNormal\" style=\"text-align: justify;\"><span lang=\"ES-TRAD\">Por su parte,<span class=\"v1gmail-Apple-converted-space\">\u00a0<\/span><b>el gobernador Marcelo Santana<\/b><span class=\"v1gmail-Apple-converted-space\">\u00a0<\/span>se contact\u00f3 con la Junta de Vecinos explicando que llev\u00f3 adelante gestiones \u00ab<i>con empresa privada, en coordinaci\u00f3n con alcalde Ariel Keim<\/i>\u00ab, afirmando que en los d\u00edas siguientes debiera haber noticias.\u00a0<span class=\"v1gmail-Apple-converted-space\">\u00a0<\/span><\/span><\/p>\n<p class=\"v1MsoNormal\" style=\"text-align: justify;\"><span lang=\"ES-TRAD\">El<span class=\"v1gmail-Apple-converted-space\">\u00a0<\/span><b>alcalde Ariel Keim, en tanto,<\/b><span class=\"v1gmail-Apple-converted-space\">\u00a0<\/span>confirm\u00f3 que est\u00e1n explorando \u00ab<i>diferentes opciones, desde soluciones transitorias de contingencia como tambi\u00e9n la necesidad de instalaci\u00f3n de una nueva bomba de combustible en la zona, para lo cual ya se est\u00e1n realizando los tr\u00e1mites y gestiones correspondientes en un trabajo en conjunto junto a otras autoridades y actores claves<\/i>\u00ab.<\/span><\/p>\n<p class=\"v1MsoNormal\" style=\"text-align: justify;\"><span lang=\"ES-TRAD\">Recalc\u00f3 que \u00ab<i>sabemos que este es un tema de suma importancia para la comunidad y entendemos las dificultades que genera la falta de combustible&#8230;. queremos asegurarles y transmitirles la tranquilidad que estamos totalmente comprometidos en encontrar una soluci\u00f3n lo antes posible y que, mientras tanto, junto a autoridades provinciales y regionales estamos tomando todas las medidas necesarias para minimizar los inconvenientes que esto pueda ocasionar<\/i>\u00ab.<\/span><\/p>\n<p class=\"v1MsoNormal\" style=\"text-align: justify;\"><span lang=\"ES-TRAD\">Quien tambi\u00e9n tom\u00f3 contacto con la organizaci\u00f3n fue la<span class=\"v1gmail-Apple-converted-space\">\u00a0<\/span><b>consejera regional Paulina Hern\u00e1ndez<\/b>, quien inform\u00f3 que se est\u00e1 sumando a las gestiones respectivas.<\/span><\/p>\n<p class=\"v1MsoNormal\" style=\"text-align: justify;\"><span lang=\"ES-TRAD\">Felipe Christensen expres\u00f3 que \u00ab<i>queremos agradecer la r\u00e1pida respuesta del gobernador Marcelo Santana, del seremi de Energ\u00eda Tom\u00e1s Laibe, de la consejera regional Paulina Hern\u00e1ndez y del alcalde de Chile Chico, Ariel Keim, quienes se han puesto inmediatamente en comunicaci\u00f3n con la Junta de Vecinos y nos han informado que est\u00e1n en las reuniones pertinentes para que los permisos y los acuerdos sean lo m\u00e1s eficientes y r\u00e1pido posible.\u00a0<span class=\"v1gmail-Apple-converted-space\">\u00a0<\/span>Todo con el fin de que esto no escale a mayores<\/i>\u00ab.<\/span><\/p>\n<p class=\"v1MsoNormal\" style=\"text-align: justify;\"><span lang=\"ES-TRAD\">Agreg\u00f3 que esperan \u00ab<i>tener claridad y una soluci\u00f3n a la brevedad, ya que la incertidumbre que se genera es bastante relevante.\u00a0<span class=\"v1gmail-Apple-converted-space\">\u00a0<\/span>No contar con combustible es un tema de inter\u00e9s p\u00fablico y no puede verse s\u00f3lo como una situaci\u00f3n de mercado o entre privados<\/i>\u00ab.<\/span><\/p>\n<\/div><\/section><\/div><div  style='height:50px' class='hr hr-invisible   avia-builder-el-6  el_after_av_one_full  el_before_av_social_share '><span class='hr-inner ' ><span class='hr-inner-style'><\/span><\/span><\/div><\/p>\n<div  class='av-social-sharing-box  avia-builder-el-7  el_after_av_hr  el_before_av_hr  '><div class='av-share-box'><h5 class='av-share-link-description av-no-toc '>Compartir esta noticia<\/h5><ul class='av-share-box-list noLightbox'><li class='av-share-link av-social-link-facebook' ><a target=\"_blank\" aria-label=\"Compartir en Facebook\" href='https:\/\/www.facebook.com\/sharer.php?u=https:\/\/radiorevelacionfm.cl\/?p=50556&#038;t=En%20Puerto%20Guadal%20se%20mantiene%20preocupaci%C3%B3n%20ante%20inminente%20cierre%20del%20%C3%BAnico%20servicentro%20de%20expendio%20de%20combustible%20de%20la%20localidad' aria-hidden='false' data-av_icon='\ue8f3' data-av_iconfont='entypo-fontello' title='' data-avia-related-tooltip='Compartir en Facebook' rel=\"noopener\"><span class='avia_hidden_link_text'>Compartir en Facebook<\/span><\/a><\/li><li class='av-share-link av-social-link-twitter' ><a target=\"_blank\" aria-label=\"Compartir en Twitter\" href='https:\/\/twitter.com\/share?text=En%20Puerto%20Guadal%20se%20mantiene%20preocupaci%C3%B3n%20ante%20inminente%20cierre%20del%20%C3%BAnico%20servicentro%20de%20expendio%20de%20combustible%20de%20la%20localidad&#038;url=https:\/\/radiorevelacionfm.cl\/?p=50556' aria-hidden='false' data-av_icon='\ue8f1' data-av_iconfont='entypo-fontello' title='' data-avia-related-tooltip='Compartir en Twitter' rel=\"noopener\"><span class='avia_hidden_link_text'>Compartir en Twitter<\/span><\/a><\/li><li class='av-share-link av-social-link-whatsapp' ><a target=\"_blank\" aria-label=\"Compartir en Whatsapp\" href='https:\/\/api.whatsapp.com\/send?text=https:\/\/radiorevelacionfm.cl\/?p=50556' aria-hidden='false' data-av_icon='\uf232' data-av_iconfont='entypo-fontello' title='' data-avia-related-tooltip='Compartir en Whatsapp' rel=\"noopener\"><span class='avia_hidden_link_text'>Compartir en Whatsapp<\/span><\/a><\/li><li class='av-share-link av-social-link-linkedin' ><a target=\"_blank\" aria-label=\"Compartir en LinkedIn\" href='https:\/\/linkedin.com\/shareArticle?mini=true&#038;title=En%20Puerto%20Guadal%20se%20mantiene%20preocupaci%C3%B3n%20ante%20inminente%20cierre%20del%20%C3%BAnico%20servicentro%20de%20expendio%20de%20combustible%20de%20la%20localidad&#038;url=https:\/\/radiorevelacionfm.cl\/?p=50556' aria-hidden='false' data-av_icon='\ue8fc' data-av_iconfont='entypo-fontello' title='' data-avia-related-tooltip='Compartir en LinkedIn' rel=\"noopener\"><span class='avia_hidden_link_text'>Compartir en LinkedIn<\/span><\/a><\/li><li class='av-share-link av-social-link-mail' ><a  aria-label=\"Compartir por correo\" href='mailto:?subject=En%20Puerto%20Guadal%20se%20mantiene%20preocupaci%C3%B3n%20ante%20inminente%20cierre%20del%20%C3%BAnico%20servicentro%20de%20expendio%20de%20combustible%20de%20la%20localidad&#038;body=https:\/\/radiorevelacionfm.cl\/?p=50556' aria-hidden='false' data-av_icon='\ue805' data-av_iconfont='entypo-fontello' title='' data-avia-related-tooltip='Compartir por correo'><span class='avia_hidden_link_text'>Compartir por correo<\/span><\/a><\/li><\/ul><\/div><\/div>\n<div  style='height:50px' class='hr hr-invisible   avia-builder-el-8  el_after_av_social_share  el_before_av_comments_list '><span class='hr-inner ' ><span class='hr-inner-style'><\/span><\/span><\/div>\n<div  class='av-buildercomment  av-blog-meta-html-info-disabled av-blog-meta-tag-disabled  '><\/div>\n","protected":false},"excerpt":{"rendered":"","protected":false},"author":1,"featured_media":50557,"comment_status":"open","ping_status":"open","sticky":false,"template":"","format":"standard","meta":{"footnotes":""},"categories":[38],"tags":[],"class_list":["post-50556","post","type-post","status-publish","format-standard","has-post-thumbnail","hentry","category-regional"],"jetpack_featured_media_url":"https:\/\/radiorevelacionfm.cl\/wp-content\/uploads\/2025\/02\/SERVICENTRO-PTO-GUADAL-1.jpg","_links":{"self":[{"href":"https:\/\/radiorevelacionfm.cl\/index.php?rest_route=\/wp\/v2\/posts\/50556","targetHints":{"allow":["GET"]}}],"collection":[{"href":"https:\/\/radiorevelacionfm.cl\/index.php?rest_route=\/wp\/v2\/posts"}],"about":[{"href":"https:\/\/radiorevelacionfm.cl\/index.php?rest_route=\/wp\/v2\/types\/post"}],"author":[{"embeddable":true,"href":"https:\/\/radiorevelacionfm.cl\/index.php?rest_route=\/wp\/v2\/users\/1"}],"replies":[{"embeddable":true,"href":"https:\/\/radiorevelacionfm.cl\/index.php?rest_route=%2Fwp%2Fv2%2Fcomments&post=50556"}],"version-history":[{"count":1,"href":"https:\/\/radiorevelacionfm.cl\/index.php?rest_route=\/wp\/v2\/posts\/50556\/revisions"}],"predecessor-version":[{"id":50558,"href":"https:\/\/radiorevelacionfm.cl\/index.php?rest_route=\/wp\/v2\/posts\/50556\/revisions\/50558"}],"wp:featuredmedia":[{"embeddable":true,"href":"https:\/\/radiorevelacionfm.cl\/index.php?rest_route=\/wp\/v2\/media\/50557"}],"wp:attachment":[{"href":"https:\/\/radiorevelacionfm.cl\/index.php?rest_route=%2Fwp%2Fv2%2Fmedia&parent=50556"}],"wp:term":[{"taxonomy":"category","embeddable":true,"href":"https:\/\/radiorevelacionfm.cl\/index.php?rest_route=%2Fwp%2Fv2%2Fcategories&post=50556"},{"taxonomy":"post_tag","embeddable":true,"href":"https:\/\/radiorevelacionfm.cl\/index.php?rest_route=%2Fwp%2Fv2%2Ftags&post=50556"}],"curies":[{"name":"wp","href":"https:\/\/api.w.org\/{rel}","templated":true}]}}