{"id":50554,"date":"2025-02-13T11:24:06","date_gmt":"2025-02-13T14:24:06","guid":{"rendered":"https:\/\/radiorevelacionfm.cl\/?p=50554"},"modified":"2025-02-13T11:24:06","modified_gmt":"2025-02-13T14:24:06","slug":"conaf-responde-a-acusaciones-sobre-el-supuesto-uso-indebido-de-terrenos-privados-en-manihuales","status":"publish","type":"post","link":"https:\/\/radiorevelacionfm.cl\/?p=50554","title":{"rendered":"CONAF responde a acusaciones sobre el supuesto uso indebido de terrenos privados en Ma\u00f1ihuales"},"content":{"rendered":"<div class=\"flex_column av_one_full  flex_column_div av-zero-column-padding first  avia-builder-el-0  el_before_av_one_full  avia-builder-el-first  \" style='border-radius:0px; '><div  class='avia-image-container  av-styling-    avia-builder-el-1  avia-builder-el-no-sibling  avia-align-center '  itemprop=\"image\" itemscope=\"itemscope\" itemtype=\"https:\/\/schema.org\/ImageObject\"  ><div class='avia-image-container-inner'><div class='avia-image-overlay-wrap'><img decoding=\"async\" class='wp-image-50495 avia-img-lazy-loading-not-50495 avia_image' src=\"https:\/\/radiorevelacionfm.cl\/wp-content\/uploads\/2025\/02\/foto-mono-campo-1_optimized.jpeg\" alt='' title='foto-mono-campo-(1)_optimized' height=\"600\" width=\"800\"  itemprop=\"thumbnailUrl\" srcset=\"https:\/\/radiorevelacionfm.cl\/wp-content\/uploads\/2025\/02\/foto-mono-campo-1_optimized.jpeg 800w, https:\/\/radiorevelacionfm.cl\/wp-content\/uploads\/2025\/02\/foto-mono-campo-1_optimized-300x225.jpeg 300w, https:\/\/radiorevelacionfm.cl\/wp-content\/uploads\/2025\/02\/foto-mono-campo-1_optimized-768x576.jpeg 768w, https:\/\/radiorevelacionfm.cl\/wp-content\/uploads\/2025\/02\/foto-mono-campo-1_optimized-705x529.jpeg 705w, https:\/\/radiorevelacionfm.cl\/wp-content\/uploads\/2025\/02\/foto-mono-campo-1_optimized-450x338.jpeg 450w, https:\/\/radiorevelacionfm.cl\/wp-content\/uploads\/2025\/02\/foto-mono-campo-1_optimized-600x450.jpeg 600w\" sizes=\"(max-width: 800px) 100vw, 800px\" \/><\/div><\/div><\/div><\/div><div class=\"flex_column av_one_full  flex_column_div av-zero-column-padding first  avia-builder-el-2  el_after_av_one_full  el_before_av_one_full  column-top-margin\" style='border-radius:0px; '><section class=\"av_textblock_section \"  itemscope=\"itemscope\" itemtype=\"https:\/\/schema.org\/BlogPosting\" itemprop=\"blogPost\" ><div class='avia_textblock  '   itemprop=\"text\" ><p style=\"text-align: center;\"><strong><span style=\"font-size: 18pt;\">CONAF responde a acusaciones sobre el supuesto uso indebido de terrenos privados en Ma\u00f1ihuales<\/span><\/strong><\/p>\n<div id=\"gtx-trans\" style=\"position: absolute; left: -50px; top: 4.31534px;\">\n<div class=\"gtx-trans-icon\"><\/div>\n<\/div>\n<\/div><\/section><\/div><div class=\"flex_column av_one_full  flex_column_div av-zero-column-padding first  avia-builder-el-4  el_after_av_one_full  el_before_av_hr  column-top-margin\" style='border-radius:0px; '><section class=\"av_textblock_section \"  itemscope=\"itemscope\" itemtype=\"https:\/\/schema.org\/BlogPosting\" itemprop=\"blogPost\" ><div class='avia_textblock  '   itemprop=\"text\" ><p style=\"text-align: justify;\">Esta ma\u00f1ana la Corporaci\u00f3n Nacional Forestal (CONAF) Ays\u00e9n, a trav\u00e9s de un comunicado se refiri\u00f3 a la denuncia de pobladores del sector de Aguas Frescas, que se encuentra a unos 10 kil\u00f3metros de la localidad, se\u00f1alando:<\/p>\n<p style=\"text-align: justify;\">Con respecto a las recientes informaciones difundidas en los medios de comunicaci\u00f3n sobre el supuesto uso indebido de terrenos privados en Ma\u00f1ihuales por parte de la Corporaci\u00f3n Nacional Forestal (CONAF), la instituci\u00f3n declara lo siguiente:<\/p>\n<ol style=\"text-align: justify;\">\n<li>Desde la d\u00e9cada de 1970, CONAF ha asumido la responsabilidad de gestionar predios fiscales en Ma\u00f1ihuales, una acci\u00f3n que refleja el compromiso del Estado con la protecci\u00f3n de los recursos naturales y el bienestar de la comunidad regional. En noviembre de 2018, la Secretar\u00eda Regional Ministerial de Bienes Nacionales de Ays\u00e9n formaliz\u00f3 esta responsabilidad mediante una concesi\u00f3n gratuita de 30 a\u00f1os, consolidando el rol del Estado como garante de la sostenibilidad ambiental y territorial.<\/li>\n<\/ol>\n<ol style=\"text-align: justify;\" start=\"2\">\n<li>Las 400 hect\u00e1reas de este predio, destinadas a plantaciones forestales, tienen como objetivo primordial la protecci\u00f3n del medio ambiente, particularmente a trav\u00e9s del control de la erosi\u00f3n del suelo. Adem\u00e1s, bajo el financiamiento del Gobierno Regional de Ays\u00e9n, estas plantaciones forman parte de un esfuerzo conjunto por promover el desarrollo sustentable de la regi\u00f3n y mitigar los efectos del cambio clim\u00e1tico para beneficio de las personas.<\/li>\n<\/ol>\n<ol style=\"text-align: justify;\" start=\"3\">\n<li>A lo largo de los a\u00f1os, han surgido reclamos de los propietarios de terrenos colindantes, especialmente en \u00e1reas donde se encuentran las plantaciones de pino Oreg\u00f3n. Sin embargo, no es la Corporaci\u00f3n la instituci\u00f3n encargada de resolver esta controversia. CONAF act\u00faa como concesionaria y, por lo tanto, est\u00e1 sujeta a las normativas y decisiones del gobierno central para asegurar una gesti\u00f3n equitativa y legalmente respaldada de los recursos del Estado.<\/li>\n<\/ol>\n<ol start=\"4\">\n<li style=\"text-align: justify;\">La CONAF reafirma su compromiso con la pol\u00edtica de buena vecindad, priorizando siempre el bienestar social y la correcta conservaci\u00f3n de los recursos ambientales. En este sentido, continuaremos promoviendo el di\u00e1logo abierto y constructivo con las comunidades y actores relevantes, ofreciendo nuestra disposici\u00f3n para conversar de manera directa, formal y a trav\u00e9s de los canales adecuados, con el fin de fomentar el entendimiento mutuo y la b\u00fasqueda conjunta de soluciones, siempre que ello sea pertinente.<\/li>\n<\/ol>\n<\/div><\/section><\/div><div  style='height:50px' class='hr hr-invisible   avia-builder-el-6  el_after_av_one_full  el_before_av_social_share '><span class='hr-inner ' ><span class='hr-inner-style'><\/span><\/span><\/div><\/p>\n<div  class='av-social-sharing-box  avia-builder-el-7  el_after_av_hr  el_before_av_hr  '><div class='av-share-box'><h5 class='av-share-link-description av-no-toc '>Compartir esta noticia<\/h5><ul class='av-share-box-list noLightbox'><li class='av-share-link av-social-link-facebook' ><a target=\"_blank\" aria-label=\"Compartir en Facebook\" href='https:\/\/www.facebook.com\/sharer.php?u=https:\/\/radiorevelacionfm.cl\/?p=50554&#038;t=CONAF%20responde%20a%20acusaciones%20sobre%20el%20supuesto%20uso%20indebido%20de%20terrenos%20privados%20en%20Ma%C3%B1ihuales' aria-hidden='false' data-av_icon='\ue8f3' data-av_iconfont='entypo-fontello' title='' data-avia-related-tooltip='Compartir en Facebook' rel=\"noopener\"><span class='avia_hidden_link_text'>Compartir en Facebook<\/span><\/a><\/li><li class='av-share-link av-social-link-twitter' ><a target=\"_blank\" aria-label=\"Compartir en Twitter\" href='https:\/\/twitter.com\/share?text=CONAF%20responde%20a%20acusaciones%20sobre%20el%20supuesto%20uso%20indebido%20de%20terrenos%20privados%20en%20Ma%C3%B1ihuales&#038;url=https:\/\/radiorevelacionfm.cl\/?p=50554' aria-hidden='false' data-av_icon='\ue8f1' data-av_iconfont='entypo-fontello' title='' data-avia-related-tooltip='Compartir en Twitter' rel=\"noopener\"><span class='avia_hidden_link_text'>Compartir en Twitter<\/span><\/a><\/li><li class='av-share-link av-social-link-whatsapp' ><a target=\"_blank\" aria-label=\"Compartir en Whatsapp\" href='https:\/\/api.whatsapp.com\/send?text=https:\/\/radiorevelacionfm.cl\/?p=50554' aria-hidden='false' data-av_icon='\uf232' data-av_iconfont='entypo-fontello' title='' data-avia-related-tooltip='Compartir en Whatsapp' rel=\"noopener\"><span class='avia_hidden_link_text'>Compartir en Whatsapp<\/span><\/a><\/li><li class='av-share-link av-social-link-linkedin' ><a target=\"_blank\" aria-label=\"Compartir en LinkedIn\" href='https:\/\/linkedin.com\/shareArticle?mini=true&#038;title=CONAF%20responde%20a%20acusaciones%20sobre%20el%20supuesto%20uso%20indebido%20de%20terrenos%20privados%20en%20Ma%C3%B1ihuales&#038;url=https:\/\/radiorevelacionfm.cl\/?p=50554' aria-hidden='false' data-av_icon='\ue8fc' data-av_iconfont='entypo-fontello' title='' data-avia-related-tooltip='Compartir en LinkedIn' rel=\"noopener\"><span class='avia_hidden_link_text'>Compartir en LinkedIn<\/span><\/a><\/li><li class='av-share-link av-social-link-mail' ><a  aria-label=\"Compartir por correo\" href='mailto:?subject=CONAF%20responde%20a%20acusaciones%20sobre%20el%20supuesto%20uso%20indebido%20de%20terrenos%20privados%20en%20Ma%C3%B1ihuales&#038;body=https:\/\/radiorevelacionfm.cl\/?p=50554' aria-hidden='false' data-av_icon='\ue805' data-av_iconfont='entypo-fontello' title='' data-avia-related-tooltip='Compartir por correo'><span class='avia_hidden_link_text'>Compartir por correo<\/span><\/a><\/li><\/ul><\/div><\/div>\n<div  style='height:50px' class='hr hr-invisible   avia-builder-el-8  el_after_av_social_share  el_before_av_comments_list '><span class='hr-inner ' ><span class='hr-inner-style'><\/span><\/span><\/div>\n<div  class='av-buildercomment  av-blog-meta-html-info-disabled av-blog-meta-tag-disabled  '><\/div>\n","protected":false},"excerpt":{"rendered":"","protected":false},"author":1,"featured_media":50495,"comment_status":"open","ping_status":"open","sticky":false,"template":"","format":"standard","meta":{"footnotes":""},"categories":[38],"tags":[],"class_list":["post-50554","post","type-post","status-publish","format-standard","has-post-thumbnail","hentry","category-regional"],"jetpack_featured_media_url":"https:\/\/radiorevelacionfm.cl\/wp-content\/uploads\/2025\/02\/foto-mono-campo-1_optimized.jpeg","_links":{"self":[{"href":"https:\/\/radiorevelacionfm.cl\/index.php?rest_route=\/wp\/v2\/posts\/50554","targetHints":{"allow":["GET"]}}],"collection":[{"href":"https:\/\/radiorevelacionfm.cl\/index.php?rest_route=\/wp\/v2\/posts"}],"about":[{"href":"https:\/\/radiorevelacionfm.cl\/index.php?rest_route=\/wp\/v2\/types\/post"}],"author":[{"embeddable":true,"href":"https:\/\/radiorevelacionfm.cl\/index.php?rest_route=\/wp\/v2\/users\/1"}],"replies":[{"embeddable":true,"href":"https:\/\/radiorevelacionfm.cl\/index.php?rest_route=%2Fwp%2Fv2%2Fcomments&post=50554"}],"version-history":[{"count":1,"href":"https:\/\/radiorevelacionfm.cl\/index.php?rest_route=\/wp\/v2\/posts\/50554\/revisions"}],"predecessor-version":[{"id":50555,"href":"https:\/\/radiorevelacionfm.cl\/index.php?rest_route=\/wp\/v2\/posts\/50554\/revisions\/50555"}],"wp:featuredmedia":[{"embeddable":true,"href":"https:\/\/radiorevelacionfm.cl\/index.php?rest_route=\/wp\/v2\/media\/50495"}],"wp:attachment":[{"href":"https:\/\/radiorevelacionfm.cl\/index.php?rest_route=%2Fwp%2Fv2%2Fmedia&parent=50554"}],"wp:term":[{"taxonomy":"category","embeddable":true,"href":"https:\/\/radiorevelacionfm.cl\/index.php?rest_route=%2Fwp%2Fv2%2Fcategories&post=50554"},{"taxonomy":"post_tag","embeddable":true,"href":"https:\/\/radiorevelacionfm.cl\/index.php?rest_route=%2Fwp%2Fv2%2Ftags&post=50554"}],"curies":[{"name":"wp","href":"https:\/\/api.w.org\/{rel}","templated":true}]}}