{"id":50551,"date":"2025-02-13T10:17:09","date_gmt":"2025-02-13T13:17:09","guid":{"rendered":"https:\/\/radiorevelacionfm.cl\/?p=50551"},"modified":"2025-02-13T10:17:09","modified_gmt":"2025-02-13T13:17:09","slug":"autoridades-refuerzan-llamado-a-prevenir-y-denunciar-incivilidades-y-delitos","status":"publish","type":"post","link":"https:\/\/radiorevelacionfm.cl\/?p=50551","title":{"rendered":"Autoridades refuerzan llamado a prevenir y denunciar incivilidades y delitos"},"content":{"rendered":"<div class=\"flex_column av_one_full  flex_column_div av-zero-column-padding first  avia-builder-el-0  el_before_av_one_full  avia-builder-el-first  \" style='border-radius:0px; '><div  class='avia-image-container  av-styling-    avia-builder-el-1  avia-builder-el-no-sibling  avia-align-center '  itemprop=\"image\" itemscope=\"itemscope\" itemtype=\"https:\/\/schema.org\/ImageObject\"  ><div class='avia-image-container-inner'><div class='avia-image-overlay-wrap'><img decoding=\"async\" class='wp-image-50552 avia-img-lazy-loading-not-50552 avia_image' src=\"https:\/\/radiorevelacionfm.cl\/wp-content\/uploads\/2025\/02\/476336042_932670885723564_133397121798743369_n-1_optimized.jpg\" alt='' title='476336042_932670885723564_133397121798743369_n-(1)_optimized' height=\"600\" width=\"900\"  itemprop=\"thumbnailUrl\" srcset=\"https:\/\/radiorevelacionfm.cl\/wp-content\/uploads\/2025\/02\/476336042_932670885723564_133397121798743369_n-1_optimized.jpg 900w, https:\/\/radiorevelacionfm.cl\/wp-content\/uploads\/2025\/02\/476336042_932670885723564_133397121798743369_n-1_optimized-300x200.jpg 300w, https:\/\/radiorevelacionfm.cl\/wp-content\/uploads\/2025\/02\/476336042_932670885723564_133397121798743369_n-1_optimized-768x512.jpg 768w, https:\/\/radiorevelacionfm.cl\/wp-content\/uploads\/2025\/02\/476336042_932670885723564_133397121798743369_n-1_optimized-705x470.jpg 705w, https:\/\/radiorevelacionfm.cl\/wp-content\/uploads\/2025\/02\/476336042_932670885723564_133397121798743369_n-1_optimized-450x300.jpg 450w, https:\/\/radiorevelacionfm.cl\/wp-content\/uploads\/2025\/02\/476336042_932670885723564_133397121798743369_n-1_optimized-600x400.jpg 600w\" sizes=\"(max-width: 900px) 100vw, 900px\" \/><\/div><\/div><\/div><\/div><div class=\"flex_column av_one_full  flex_column_div av-zero-column-padding first  avia-builder-el-2  el_after_av_one_full  el_before_av_one_full  column-top-margin\" style='border-radius:0px; '><section class=\"av_textblock_section \"  itemscope=\"itemscope\" itemtype=\"https:\/\/schema.org\/BlogPosting\" itemprop=\"blogPost\" ><div class='avia_textblock  '   itemprop=\"text\" ><p style=\"font-weight: 400; text-align: center;\"><span style=\"font-size: 18pt;\"><strong>Autoridades refuerzan llamado a prevenir y denunciar incivilidades y delitos<\/strong><\/span><\/p>\n<div id=\"gtx-trans\" style=\"position: absolute; left: -50px; top: 4.31534px;\">\n<div class=\"gtx-trans-icon\"><\/div>\n<\/div>\n<\/div><\/section><\/div><div class=\"flex_column av_one_full  flex_column_div av-zero-column-padding first  avia-builder-el-4  el_after_av_one_full  el_before_av_hr  column-top-margin\" style='border-radius:0px; '><section class=\"av_textblock_section \"  itemscope=\"itemscope\" itemtype=\"https:\/\/schema.org\/BlogPosting\" itemprop=\"blogPost\" ><div class='avia_textblock  '   itemprop=\"text\" ><p style=\"font-weight: 400; text-align: justify;\">Un llamado a prevenir y a denunciar en las instancias correspondientes, la ocurrencia de incivilidades y delitos que puedan registrarse durante el per\u00edodo, efectuaron autoridades regionales, tras reuni\u00f3n del Sistema T\u00e1ctico de Operaci\u00f3n Policial (STOP) realizada este mi\u00e9rcoles en dependencias de la Primera Comisar\u00eda de Carabineros.<\/p>\n<p style=\"font-weight: 400; text-align: justify;\">La Delegada Presidencial Regional (s), \u00darsula Mix, destac\u00f3 que esta instancia facilita la entrega de informaci\u00f3n, la coordinaci\u00f3n de instituciones y la focalizaci\u00f3n de recursos, ante delitos e incivilidades que atenten contra la seguridad de la poblaci\u00f3n.<\/p>\n<p style=\"font-weight: 400; text-align: justify;\">\u201cVimos toda la situaci\u00f3n en la regi\u00f3n de los \u00faltimos 28 d\u00edas, con un aumento de dotaci\u00f3n en la temporada de verano, por lo tanto, vemos que el trabajo preventivo est\u00e1 teniendo un efecto disuasivo relevante y que Carabineros est\u00e9 presente en las comunidades, con su personal a disposici\u00f3n, ha permitido disuadir para que el trabajo preventivo tenga un buen resultado\u201d, se\u00f1al\u00f3.<\/p>\n<p style=\"font-weight: 400; text-align: justify;\">El prefecto (s), Hugo Garc\u00e9s Quintana a\u00f1adi\u00f3 que el Plan Verano Seguro ha permitido reforzar los servicios preventivos y mantener el trabajo con los equipos de seguridad comunitaria.<\/p>\n<p style=\"font-weight: 400; text-align: justify;\">\u201cSe han intensificado nuestros servicios preventivos, con patrullas focalizadas en los horarios en que se est\u00e1n cometiendo delitos, para atacar y disminuir la ocurrencia de los mismos. Tambi\u00e9n estamos con dispositivos de apoyo, para trabajar mancomunadamente con los municipios y con todos los entes que tengan intervenci\u00f3n ante incivilidades o delitos\u201d, concluy\u00f3.<\/p>\n<p style=\"font-weight: 400; text-align: justify;\">En este sentido, la coordinadora de Prevenci\u00f3n del Delito, Ruth Vallejos, record\u00f3 la disponibilidad del n\u00famero telef\u00f3nico *4242, para realizar denuncias de forma segura y an\u00f3nima.<\/p>\n<p style=\"font-weight: 400; text-align: justify;\">\u201cEstamos haciendo una campa\u00f1a activa de nuestro n\u00famero *4242 para todo tipo de denuncias, cuando vean alguna alteraci\u00f3n del orden p\u00fablico, puedan denunciar en forma an\u00f3nima y gratuita\u201d, reforz\u00f3.<\/p>\n<p style=\"font-weight: 400; text-align: justify;\">La directora del Servicio para la Prevenci\u00f3n y Rehabilitaci\u00f3n del Consumo de Drogas y Alcohol, Victoria Contreras, destac\u00f3 que durante la temporada estival se han reforzado los puntos de control cero y fiscalizaci\u00f3n conjunta con Carabineros.<\/p>\n<p style=\"font-weight: 400; text-align: justify;\">\u201cComo Senda queremos destacar la labor realizada por Carabineros, no solamente en el control a conductores, para evitar que est\u00e9n bajo el efecto del alcohol y las drogas, sino que tambi\u00e9n la fiscalizaci\u00f3n a locales por la patente y la Ley de Alcoholes\u201d, concluy\u00f3.<\/p>\n<p style=\"font-weight: 400; text-align: justify;\">En la reuni\u00f3n participaron tambi\u00e9n el encargado de Seguridad Comunitaria de la Municipalidad de Coyhaique, Jorge Risco; la seremi de la Mujer y Equidad de G\u00e9nero, Isidora Gacit\u00faa; la directora de Sernameg, Patricia Baeza; y representantes del Gobierno Regional, PDI, entre otras instituciones.<\/p>\n<p style=\"font-weight: 400; text-align: justify;\">Las estad\u00edsticas del Sistema T\u00e1ctico de Operaci\u00f3n Policial (STOP) pueden revisarse en la p\u00e1gina web\u00a0<a href=\"https:\/\/stop.carabineros.cl\/\" data-saferedirecturl=\"https:\/\/www.google.com\/url?q=https:\/\/stop.carabineros.cl\/&amp;source=gmail&amp;ust=1739479421604000&amp;usg=AOvVaw008GsZ-nTHVz3a-lSH7hX6\">https:\/\/stop.carabineros.cl\/<\/a>.<\/p>\n<\/div><\/section><\/div><div  style='height:50px' class='hr hr-invisible   avia-builder-el-6  el_after_av_one_full  el_before_av_social_share '><span class='hr-inner ' ><span class='hr-inner-style'><\/span><\/span><\/div><\/p>\n<div  class='av-social-sharing-box  avia-builder-el-7  el_after_av_hr  el_before_av_hr  '><div class='av-share-box'><h5 class='av-share-link-description av-no-toc '>Compartir esta noticia<\/h5><ul class='av-share-box-list noLightbox'><li class='av-share-link av-social-link-facebook' ><a target=\"_blank\" aria-label=\"Compartir en Facebook\" href='https:\/\/www.facebook.com\/sharer.php?u=https:\/\/radiorevelacionfm.cl\/?p=50551&#038;t=Autoridades%20refuerzan%20llamado%20a%20prevenir%20y%20denunciar%20incivilidades%20y%20delitos' aria-hidden='false' data-av_icon='\ue8f3' data-av_iconfont='entypo-fontello' title='' data-avia-related-tooltip='Compartir en Facebook' rel=\"noopener\"><span class='avia_hidden_link_text'>Compartir en Facebook<\/span><\/a><\/li><li class='av-share-link av-social-link-twitter' ><a target=\"_blank\" aria-label=\"Compartir en Twitter\" href='https:\/\/twitter.com\/share?text=Autoridades%20refuerzan%20llamado%20a%20prevenir%20y%20denunciar%20incivilidades%20y%20delitos&#038;url=https:\/\/radiorevelacionfm.cl\/?p=50551' aria-hidden='false' data-av_icon='\ue8f1' data-av_iconfont='entypo-fontello' title='' data-avia-related-tooltip='Compartir en Twitter' rel=\"noopener\"><span class='avia_hidden_link_text'>Compartir en Twitter<\/span><\/a><\/li><li class='av-share-link av-social-link-whatsapp' ><a target=\"_blank\" aria-label=\"Compartir en Whatsapp\" href='https:\/\/api.whatsapp.com\/send?text=https:\/\/radiorevelacionfm.cl\/?p=50551' aria-hidden='false' data-av_icon='\uf232' data-av_iconfont='entypo-fontello' title='' data-avia-related-tooltip='Compartir en Whatsapp' rel=\"noopener\"><span class='avia_hidden_link_text'>Compartir en Whatsapp<\/span><\/a><\/li><li class='av-share-link av-social-link-linkedin' ><a target=\"_blank\" aria-label=\"Compartir en LinkedIn\" href='https:\/\/linkedin.com\/shareArticle?mini=true&#038;title=Autoridades%20refuerzan%20llamado%20a%20prevenir%20y%20denunciar%20incivilidades%20y%20delitos&#038;url=https:\/\/radiorevelacionfm.cl\/?p=50551' aria-hidden='false' data-av_icon='\ue8fc' data-av_iconfont='entypo-fontello' title='' data-avia-related-tooltip='Compartir en LinkedIn' rel=\"noopener\"><span class='avia_hidden_link_text'>Compartir en LinkedIn<\/span><\/a><\/li><li class='av-share-link av-social-link-mail' ><a  aria-label=\"Compartir por correo\" href='mailto:?subject=Autoridades%20refuerzan%20llamado%20a%20prevenir%20y%20denunciar%20incivilidades%20y%20delitos&#038;body=https:\/\/radiorevelacionfm.cl\/?p=50551' aria-hidden='false' data-av_icon='\ue805' data-av_iconfont='entypo-fontello' title='' data-avia-related-tooltip='Compartir por correo'><span class='avia_hidden_link_text'>Compartir por correo<\/span><\/a><\/li><\/ul><\/div><\/div>\n<div  style='height:50px' class='hr hr-invisible   avia-builder-el-8  el_after_av_social_share  el_before_av_comments_list '><span class='hr-inner ' ><span class='hr-inner-style'><\/span><\/span><\/div>\n<div  class='av-buildercomment  av-blog-meta-html-info-disabled av-blog-meta-tag-disabled  '><\/div>\n","protected":false},"excerpt":{"rendered":"","protected":false},"author":1,"featured_media":50552,"comment_status":"open","ping_status":"open","sticky":false,"template":"","format":"standard","meta":{"footnotes":""},"categories":[38],"tags":[],"class_list":["post-50551","post","type-post","status-publish","format-standard","has-post-thumbnail","hentry","category-regional"],"jetpack_featured_media_url":"https:\/\/radiorevelacionfm.cl\/wp-content\/uploads\/2025\/02\/476336042_932670885723564_133397121798743369_n-1_optimized.jpg","_links":{"self":[{"href":"https:\/\/radiorevelacionfm.cl\/index.php?rest_route=\/wp\/v2\/posts\/50551","targetHints":{"allow":["GET"]}}],"collection":[{"href":"https:\/\/radiorevelacionfm.cl\/index.php?rest_route=\/wp\/v2\/posts"}],"about":[{"href":"https:\/\/radiorevelacionfm.cl\/index.php?rest_route=\/wp\/v2\/types\/post"}],"author":[{"embeddable":true,"href":"https:\/\/radiorevelacionfm.cl\/index.php?rest_route=\/wp\/v2\/users\/1"}],"replies":[{"embeddable":true,"href":"https:\/\/radiorevelacionfm.cl\/index.php?rest_route=%2Fwp%2Fv2%2Fcomments&post=50551"}],"version-history":[{"count":1,"href":"https:\/\/radiorevelacionfm.cl\/index.php?rest_route=\/wp\/v2\/posts\/50551\/revisions"}],"predecessor-version":[{"id":50553,"href":"https:\/\/radiorevelacionfm.cl\/index.php?rest_route=\/wp\/v2\/posts\/50551\/revisions\/50553"}],"wp:featuredmedia":[{"embeddable":true,"href":"https:\/\/radiorevelacionfm.cl\/index.php?rest_route=\/wp\/v2\/media\/50552"}],"wp:attachment":[{"href":"https:\/\/radiorevelacionfm.cl\/index.php?rest_route=%2Fwp%2Fv2%2Fmedia&parent=50551"}],"wp:term":[{"taxonomy":"category","embeddable":true,"href":"https:\/\/radiorevelacionfm.cl\/index.php?rest_route=%2Fwp%2Fv2%2Fcategories&post=50551"},{"taxonomy":"post_tag","embeddable":true,"href":"https:\/\/radiorevelacionfm.cl\/index.php?rest_route=%2Fwp%2Fv2%2Ftags&post=50551"}],"curies":[{"name":"wp","href":"https:\/\/api.w.org\/{rel}","templated":true}]}}