{"id":50548,"date":"2025-02-12T20:48:17","date_gmt":"2025-02-12T23:48:17","guid":{"rendered":"https:\/\/radiorevelacionfm.cl\/?p=50548"},"modified":"2025-02-12T20:48:17","modified_gmt":"2025-02-12T23:48:17","slug":"escuela-de-verano-en-aysen-ninos-y-ninas-se-divierten-con-el-deporte","status":"publish","type":"post","link":"https:\/\/radiorevelacionfm.cl\/?p=50548","title":{"rendered":"Escuela de Verano en Ays\u00e9n: ni\u00f1os y ni\u00f1as se divierten con el deporte"},"content":{"rendered":"<div class=\"flex_column av_one_full  flex_column_div av-zero-column-padding first  avia-builder-el-0  el_before_av_one_full  avia-builder-el-first  \" style='border-radius:0px; '><div  class='avia-image-container  av-styling-    avia-builder-el-1  avia-builder-el-no-sibling  avia-align-center '  itemprop=\"image\" itemscope=\"itemscope\" itemtype=\"https:\/\/schema.org\/ImageObject\"  ><div class='avia-image-container-inner'><div class='avia-image-overlay-wrap'><img decoding=\"async\" class='wp-image-50549 avia-img-lazy-loading-not-50549 avia_image' src=\"https:\/\/radiorevelacionfm.cl\/wp-content\/uploads\/2025\/02\/deportes-taller-2-1_optimized.jpg\" alt='' title='deportes-taller-2-(1)_optimized' height=\"600\" width=\"1067\"  itemprop=\"thumbnailUrl\" srcset=\"https:\/\/radiorevelacionfm.cl\/wp-content\/uploads\/2025\/02\/deportes-taller-2-1_optimized.jpg 1067w, https:\/\/radiorevelacionfm.cl\/wp-content\/uploads\/2025\/02\/deportes-taller-2-1_optimized-300x169.jpg 300w, https:\/\/radiorevelacionfm.cl\/wp-content\/uploads\/2025\/02\/deportes-taller-2-1_optimized-1030x579.jpg 1030w, https:\/\/radiorevelacionfm.cl\/wp-content\/uploads\/2025\/02\/deportes-taller-2-1_optimized-768x432.jpg 768w, https:\/\/radiorevelacionfm.cl\/wp-content\/uploads\/2025\/02\/deportes-taller-2-1_optimized-705x396.jpg 705w, https:\/\/radiorevelacionfm.cl\/wp-content\/uploads\/2025\/02\/deportes-taller-2-1_optimized-450x253.jpg 450w, https:\/\/radiorevelacionfm.cl\/wp-content\/uploads\/2025\/02\/deportes-taller-2-1_optimized-600x337.jpg 600w\" sizes=\"(max-width: 1067px) 100vw, 1067px\" \/><\/div><\/div><\/div><\/div><div class=\"flex_column av_one_full  flex_column_div av-zero-column-padding first  avia-builder-el-2  el_after_av_one_full  el_before_av_one_full  column-top-margin\" style='border-radius:0px; '><section class=\"av_textblock_section \"  itemscope=\"itemscope\" itemtype=\"https:\/\/schema.org\/BlogPosting\" itemprop=\"blogPost\" ><div class='avia_textblock  '   itemprop=\"text\" ><p style=\"text-align: center;\"><strong><span style=\"font-size: 18pt;\">Escuela de Verano en Ays\u00e9n: ni\u00f1os y ni\u00f1as se divierten con el deporte<\/span><\/strong><\/p>\n<div id=\"gtx-trans\" style=\"position: absolute; left: -50px; top: 4.31534px;\">\n<div class=\"gtx-trans-icon\"><\/div>\n<\/div>\n<\/div><\/section><\/div><div class=\"flex_column av_one_full  flex_column_div av-zero-column-padding first  avia-builder-el-4  el_after_av_one_full  el_before_av_hr  column-top-margin\" style='border-radius:0px; '><section class=\"av_textblock_section \"  itemscope=\"itemscope\" itemtype=\"https:\/\/schema.org\/BlogPosting\" itemprop=\"blogPost\" ><div class='avia_textblock  '   itemprop=\"text\" ><p style=\"text-align: justify;\">Futbol, Voleibol y Basquetbol, son las disciplinas que el taller de deportes ha permitido que ni\u00f1os y ni\u00f1as desarrollen actividad f\u00edsica y entrenamiento, mientras se ejecuta la escuela de verano \u201cact\u00edvate en vacaciones\u201d en Puerto Ays\u00e9n.<\/p>\n<p style=\"text-align: justify;\">Camila Vargas, es la profesora de esta \u00e1rea y destac\u00f3 lo importante de que los participantes realicen actividad f\u00edsica y se proyecten en lo que m\u00e1s les gusta.<\/p>\n<p style=\"text-align: justify;\">\u201cLo que estamos haciendo ahora en el colegio es f\u00fatbol, voleibol y basquetbol. Hay varios rangos de etarios, en donde va se hacen diferentes tipos de ejercicios, tanto como movilidad y motricidad, pliometr\u00eda, que se trabaja con las escaleras. M\u00e1s que todo, en este curso que estamos haciendo es solamente para que haya carisma, para que exista buena comunicaci\u00f3n con los compa\u00f1eros y obviamente siempre implantando el tema del deporte, que salgan adelante, que, si les gusta alg\u00fan deporte, que sigan, porque de ac\u00e1 de la zona, siempre salen personas que tienen altos rendimientos en el deporte\u201d.<\/p>\n<p style=\"text-align: justify;\">Las distintas actividades que se llevan a cabo en la escuela de verano en Ays\u00e9n, han contado con la presencia de Maura Levic\u00e1n, quien ha sido la encargada de enfermer\u00eda, ante cualquier inconveniente de los ni\u00f1os, lo que gracias a Dios no ha sucedido.<\/p>\n<p style=\"text-align: justify;\">\u201cSoy la encargada de la enfermer\u00eda, m\u00e1s bien si hay alg\u00fan accidente o si le duele la guatita, ah\u00ed yo voy a estar presente. Mi rutina es recorrer por todos talleres, ir al gimnasio, estar con la t\u00eda Paz, con la t\u00eda Yelena, entonces, eso m\u00e1s que todo y andar con los ni\u00f1os en el patio. Hasta ahora, ning\u00fan inconveniente y si han pasado algunas cosas han sido leves, como dolores de cabeza o dolores de guatita, cosas peque\u00f1as. Esta ha sido mi primera experiencia con ni\u00f1os, ha sido bastante bonito, ya que, han entregado bastante cari\u00f1o, aprecio, ya sea a trav\u00e9s de un abrazo, con los buenos d\u00edas, hola la t\u00eda como est\u00e1, ha sido una muy linda experiencia\u201d.<\/p>\n<p style=\"text-align: justify;\">Los participantes tambi\u00e9n evidenciaron sus positivas experiencias en el programa \u201cact\u00edvate en vacaciones\u201d, dando cuenta de lo entretenido, el buen trato del equipo de trabajo y pidiendo que estas iniciativas se repitan.<\/p>\n<p style=\"text-align: justify;\">\u201cLa escuela de verano muy buena, muy bac\u00e1n, porque aparte de hacer actividades, no haces tareas como en una escuela, sino que son tus vacaciones y t\u00fa te puedes divertir. Me pareci\u00f3 s\u00faper bien, una idea s\u00faper bac\u00e1n, porque igual est\u00e1s en tu casa sin hacer nada o aburrido y puedes venir ac\u00e1 a divertirte. Todo muy divertido, me gusta mucho, me gusta mucho estar en educaci\u00f3n f\u00edsica, las t\u00edas nos tratan s\u00faper bien, son muy buenas y por eso me gustar\u00eda que lo repitieran\u201d, manifest\u00f3 Yasneilis Soto.<\/p>\n<p style=\"text-align: justify;\">Jean Carlos Rodr\u00edguez y Sof\u00eda Sempron, tambi\u00e9n en pocas palabras destacaron ser parte de la escuela de verano, \u201cBien, es una experiencia muy bonita y lo que m\u00e1s me gusta hacer aqu\u00ed es jugar a la pelota. Cuando juego a la pelota a todos los paseos y hago gol. Pedir que hagan su esfuerzo y vuelvan a hacer esto de nuevo, para para poder vivir otra vez esta experiencia\u201d, se\u00f1al\u00f3 Jean Carlos, mientras que, Sof\u00eda, dijo que, \u201cHemos jugado, nos hemos divertido bastante. Nos han tratado s\u00faper bien, han cuidado de nosotros. Nos vamos a portar mejor y les pedimos que lo vuelvan a hacer\u201d.<\/p>\n<p style=\"text-align: justify;\">En Puerto Ays\u00e9n, la Junta Nacional de Auxilio Escolar y Becas, JUNAEB, en conjunto al Servicio Local de Educaci\u00f3n P\u00fablica, SLEP, han dispuesto de esta alternativa, \u201cact\u00edvate en vacaciones\u201d, para ni\u00f1os, ni\u00f1as y adolescentes, que este 2025 se ha llevado a cabo en la escuela Poetisa Gabriela Mistral y que finalizar\u00e1 este viernes con una muestra para padres, apoderados, autoridades y la comunidad que desee conocer los trabajos y actividades que llevaron a cabo los 50 participantes de la escuela de verano.<\/p>\n<\/div><\/section><\/div><div  style='height:50px' class='hr hr-invisible   avia-builder-el-6  el_after_av_one_full  el_before_av_social_share '><span class='hr-inner ' ><span class='hr-inner-style'><\/span><\/span><\/div><\/p>\n<div  class='av-social-sharing-box  avia-builder-el-7  el_after_av_hr  el_before_av_hr  '><div class='av-share-box'><h5 class='av-share-link-description av-no-toc '>Compartir esta noticia<\/h5><ul class='av-share-box-list noLightbox'><li class='av-share-link av-social-link-facebook' ><a target=\"_blank\" aria-label=\"Compartir en Facebook\" href='https:\/\/www.facebook.com\/sharer.php?u=https:\/\/radiorevelacionfm.cl\/?p=50548&#038;t=Escuela%20de%20Verano%20en%20Ays%C3%A9n%3A%20ni%C3%B1os%20y%20ni%C3%B1as%20se%20divierten%20con%20el%20deporte' aria-hidden='false' data-av_icon='\ue8f3' data-av_iconfont='entypo-fontello' title='' data-avia-related-tooltip='Compartir en Facebook' rel=\"noopener\"><span class='avia_hidden_link_text'>Compartir en Facebook<\/span><\/a><\/li><li class='av-share-link av-social-link-twitter' ><a target=\"_blank\" aria-label=\"Compartir en Twitter\" href='https:\/\/twitter.com\/share?text=Escuela%20de%20Verano%20en%20Ays%C3%A9n%3A%20ni%C3%B1os%20y%20ni%C3%B1as%20se%20divierten%20con%20el%20deporte&#038;url=https:\/\/radiorevelacionfm.cl\/?p=50548' aria-hidden='false' data-av_icon='\ue8f1' data-av_iconfont='entypo-fontello' title='' data-avia-related-tooltip='Compartir en Twitter' rel=\"noopener\"><span class='avia_hidden_link_text'>Compartir en Twitter<\/span><\/a><\/li><li class='av-share-link av-social-link-whatsapp' ><a target=\"_blank\" aria-label=\"Compartir en Whatsapp\" href='https:\/\/api.whatsapp.com\/send?text=https:\/\/radiorevelacionfm.cl\/?p=50548' aria-hidden='false' data-av_icon='\uf232' data-av_iconfont='entypo-fontello' title='' data-avia-related-tooltip='Compartir en Whatsapp' rel=\"noopener\"><span class='avia_hidden_link_text'>Compartir en Whatsapp<\/span><\/a><\/li><li class='av-share-link av-social-link-linkedin' ><a target=\"_blank\" aria-label=\"Compartir en LinkedIn\" href='https:\/\/linkedin.com\/shareArticle?mini=true&#038;title=Escuela%20de%20Verano%20en%20Ays%C3%A9n%3A%20ni%C3%B1os%20y%20ni%C3%B1as%20se%20divierten%20con%20el%20deporte&#038;url=https:\/\/radiorevelacionfm.cl\/?p=50548' aria-hidden='false' data-av_icon='\ue8fc' data-av_iconfont='entypo-fontello' title='' data-avia-related-tooltip='Compartir en LinkedIn' rel=\"noopener\"><span class='avia_hidden_link_text'>Compartir en LinkedIn<\/span><\/a><\/li><li class='av-share-link av-social-link-mail' ><a  aria-label=\"Compartir por correo\" href='mailto:?subject=Escuela%20de%20Verano%20en%20Ays%C3%A9n%3A%20ni%C3%B1os%20y%20ni%C3%B1as%20se%20divierten%20con%20el%20deporte&#038;body=https:\/\/radiorevelacionfm.cl\/?p=50548' aria-hidden='false' data-av_icon='\ue805' data-av_iconfont='entypo-fontello' title='' data-avia-related-tooltip='Compartir por correo'><span class='avia_hidden_link_text'>Compartir por correo<\/span><\/a><\/li><\/ul><\/div><\/div>\n<div  style='height:50px' class='hr hr-invisible   avia-builder-el-8  el_after_av_social_share  el_before_av_comments_list '><span class='hr-inner ' ><span class='hr-inner-style'><\/span><\/span><\/div>\n<div  class='av-buildercomment  av-blog-meta-html-info-disabled av-blog-meta-tag-disabled  '><\/div>\n","protected":false},"excerpt":{"rendered":"","protected":false},"author":1,"featured_media":50549,"comment_status":"open","ping_status":"open","sticky":false,"template":"","format":"standard","meta":{"footnotes":""},"categories":[38],"tags":[],"class_list":["post-50548","post","type-post","status-publish","format-standard","has-post-thumbnail","hentry","category-regional"],"jetpack_featured_media_url":"https:\/\/radiorevelacionfm.cl\/wp-content\/uploads\/2025\/02\/deportes-taller-2-1_optimized.jpg","_links":{"self":[{"href":"https:\/\/radiorevelacionfm.cl\/index.php?rest_route=\/wp\/v2\/posts\/50548","targetHints":{"allow":["GET"]}}],"collection":[{"href":"https:\/\/radiorevelacionfm.cl\/index.php?rest_route=\/wp\/v2\/posts"}],"about":[{"href":"https:\/\/radiorevelacionfm.cl\/index.php?rest_route=\/wp\/v2\/types\/post"}],"author":[{"embeddable":true,"href":"https:\/\/radiorevelacionfm.cl\/index.php?rest_route=\/wp\/v2\/users\/1"}],"replies":[{"embeddable":true,"href":"https:\/\/radiorevelacionfm.cl\/index.php?rest_route=%2Fwp%2Fv2%2Fcomments&post=50548"}],"version-history":[{"count":1,"href":"https:\/\/radiorevelacionfm.cl\/index.php?rest_route=\/wp\/v2\/posts\/50548\/revisions"}],"predecessor-version":[{"id":50550,"href":"https:\/\/radiorevelacionfm.cl\/index.php?rest_route=\/wp\/v2\/posts\/50548\/revisions\/50550"}],"wp:featuredmedia":[{"embeddable":true,"href":"https:\/\/radiorevelacionfm.cl\/index.php?rest_route=\/wp\/v2\/media\/50549"}],"wp:attachment":[{"href":"https:\/\/radiorevelacionfm.cl\/index.php?rest_route=%2Fwp%2Fv2%2Fmedia&parent=50548"}],"wp:term":[{"taxonomy":"category","embeddable":true,"href":"https:\/\/radiorevelacionfm.cl\/index.php?rest_route=%2Fwp%2Fv2%2Fcategories&post=50548"},{"taxonomy":"post_tag","embeddable":true,"href":"https:\/\/radiorevelacionfm.cl\/index.php?rest_route=%2Fwp%2Fv2%2Ftags&post=50548"}],"curies":[{"name":"wp","href":"https:\/\/api.w.org\/{rel}","templated":true}]}}