{"id":50545,"date":"2025-02-12T17:10:08","date_gmt":"2025-02-12T20:10:08","guid":{"rendered":"https:\/\/radiorevelacionfm.cl\/?p=50545"},"modified":"2025-02-12T17:10:08","modified_gmt":"2025-02-12T20:10:08","slug":"anuncian-implementacion-de-un-bus-de-refuerzo-en-transporte-subvencionado-hacia-balmaceda-a-partir-de-marzo","status":"publish","type":"post","link":"https:\/\/radiorevelacionfm.cl\/?p=50545","title":{"rendered":"Anuncian implementaci\u00f3n de un bus de refuerzo en transporte subvencionado hacia Balmaceda a partir de marzo"},"content":{"rendered":"<div class=\"flex_column av_one_full  flex_column_div av-zero-column-padding first  avia-builder-el-0  el_before_av_one_full  avia-builder-el-first  \" style='border-radius:0px; '><div  class='avia-image-container  av-styling-    avia-builder-el-1  avia-builder-el-no-sibling  avia-align-center '  itemprop=\"image\" itemscope=\"itemscope\" itemtype=\"https:\/\/schema.org\/ImageObject\"  ><div class='avia-image-container-inner'><div class='avia-image-overlay-wrap'><img decoding=\"async\" class='wp-image-50546 avia-img-lazy-loading-not-50546 avia_image' src=\"https:\/\/radiorevelacionfm.cl\/wp-content\/uploads\/2025\/02\/vecinas-balmaceda-1_optimized.jpg\" alt='' title='vecinas-balmaceda-(1)_optimized' height=\"600\" width=\"1067\"  itemprop=\"thumbnailUrl\" srcset=\"https:\/\/radiorevelacionfm.cl\/wp-content\/uploads\/2025\/02\/vecinas-balmaceda-1_optimized.jpg 1067w, https:\/\/radiorevelacionfm.cl\/wp-content\/uploads\/2025\/02\/vecinas-balmaceda-1_optimized-300x169.jpg 300w, https:\/\/radiorevelacionfm.cl\/wp-content\/uploads\/2025\/02\/vecinas-balmaceda-1_optimized-1030x579.jpg 1030w, https:\/\/radiorevelacionfm.cl\/wp-content\/uploads\/2025\/02\/vecinas-balmaceda-1_optimized-768x432.jpg 768w, https:\/\/radiorevelacionfm.cl\/wp-content\/uploads\/2025\/02\/vecinas-balmaceda-1_optimized-705x396.jpg 705w, https:\/\/radiorevelacionfm.cl\/wp-content\/uploads\/2025\/02\/vecinas-balmaceda-1_optimized-450x253.jpg 450w, https:\/\/radiorevelacionfm.cl\/wp-content\/uploads\/2025\/02\/vecinas-balmaceda-1_optimized-600x337.jpg 600w\" sizes=\"(max-width: 1067px) 100vw, 1067px\" \/><\/div><\/div><\/div><\/div><div class=\"flex_column av_one_full  flex_column_div av-zero-column-padding first  avia-builder-el-2  el_after_av_one_full  el_before_av_one_full  column-top-margin\" style='border-radius:0px; '><section class=\"av_textblock_section \"  itemscope=\"itemscope\" itemtype=\"https:\/\/schema.org\/BlogPosting\" itemprop=\"blogPost\" ><div class='avia_textblock  '   itemprop=\"text\" ><p style=\"text-align: center;\"><span style=\"font-size: 18pt;\"><b>Anuncian implementaci\u00f3n de un bus de refuerzo en transporte subvencionado hacia Balmaceda a partir de marzo<\/b><\/span><\/p>\n<div id=\"gtx-trans\" style=\"position: absolute; left: -50px; top: 4.31534px;\">\n<div class=\"gtx-trans-icon\"><\/div>\n<\/div>\n<\/div><\/section><\/div><div class=\"flex_column av_one_full  flex_column_div av-zero-column-padding first  avia-builder-el-4  el_after_av_one_full  el_before_av_hr  column-top-margin\" style='border-radius:0px; '><section class=\"av_textblock_section \"  itemscope=\"itemscope\" itemtype=\"https:\/\/schema.org\/BlogPosting\" itemprop=\"blogPost\" ><div class='avia_textblock  '   itemprop=\"text\" ><p style=\"font-weight: 400; text-align: justify;\"><em>El aumento de poblaci\u00f3n en esta localidad de la comuna de Coyhaique ha derivado en un ostensible aumento en la demanda de servicios de movilizaci\u00f3n. SeremiTT abordar\u00e1 requerimiento vecinal y del diputado Calisto con medidas de corto y largo plazo.<\/em><\/p>\n<p style=\"font-weight: 400; text-align: justify;\">Balmaceda, localidad situada a casi 56 kms. de Coyhaique ha experimentado un r\u00e1pido crecimiento poblacional, con la inauguraci\u00f3n de nuevos complejos habitacionales emplazados en el lugar. A consecuencia de ello la demanda de servicios de transporte hacia la capital regional, Coyhaique, ha aumentado exponencialmente. Esto ha provocado algunas dificultades para dar cobertura al\u00a0 servicio de transporte en la ruta, subvencionado por el ministerio de Transportes y Telecomunicaciones (MTT).<\/p>\n<p style=\"font-weight: 400; text-align: justify;\">En conocimiento de esta problem\u00e1tica y considerando tambi\u00e9n la pr\u00f3xima instalaci\u00f3n de nuevos proyectos de vivienda en Balmaceda, el seremiTT Hans Zimmermann se reuni\u00f3 con dirigentas vecinales y el diputado Miguel \u00c1ngel Calisto, encuentro en donde comunic\u00f3 las medidas planificadas por el ministerio para responder a las nuevas necesidades de la localidad. En el encuentro la autoridad anunci\u00f3 que a partir de marzo se sumar\u00e1 un bus adicional en el recorrido, con lo que se agrega una frecuencia (viaje ida y vuelta)\u00a0 a las tres actuales, completando un total de 4 frecuencias diarias de lunes a viernes. Esta frecuencia operar\u00e1 con un viaje desde Balmaceda a Coyhaique en la ma\u00f1ana, y el retorno en horario vespertino. Los fines de semana, se mantendr\u00e1n las tres frecuencias del s\u00e1bado y el trayecto ida y vuelta del domingo.<\/p>\n<p style=\"font-weight: 400; text-align: justify;\">\u201cComo\u00a0ministerio de Transportes\u00a0de la\u00a0Regi\u00f3n de Ays\u00e9n hemos ratificado nuestro compromiso por mejorar la conectividad de la localidad de Balmaceda. En el mes de diciembre tuvimos una reuni\u00f3n\u00a0con la\u00a0comunidad, donde nos comprometimos a efectuar mejoras al contrato de subsidio terrestre, las que van a ser materializadas durante el mes de marzo, incrementando las frecuencias con una segunda m\u00e1quina para poder tener una conectividad mucho m\u00e1s robusta. Esta localidad est\u00e1 en crecimiento y nos pone el desaf\u00edo como gobierno para poder fortalecer la conectividad de las zonas m\u00e1s aisladas de nuestra regi\u00f3n\u201d, asever\u00f3 Zimmermann.<\/p>\n<p style=\"font-weight: 400; text-align: justify;\">Junto con destacar la gesti\u00f3n del MTT, el diputado Miguel \u00c1ngel Calisto, tambi\u00e9n present\u00f3 a la autoridad sectorial la propuesta de que Balmaceda se incluya como destino de uno de los troncales del proyecto de buses el\u00e9ctricos.<\/p>\n<p style=\"font-weight: 400; text-align: justify;\">\u201cLe hemos planteado\u00a0al seremi que en los proyectos de buses el\u00e9ctricos tambi\u00e9n se considere una frecuencia para Balmaceda. Hoy d\u00eda no est\u00e1 contemplado, pero es importante que se proyecte, considerando que Balmaceda ha crecido tanto, con la gran cantidad de nuevos comit\u00e9s que se han construido y los que vienen adem\u00e1s. Por lo tanto, es fundamental tener la suficiente conectividad asegurada. Y esperamos tambi\u00e9n, y sabemos, que el se\u00f1or Gobernador nos va a apoyar en este planteamiento que hemos hecho junto a la comunidad de Balmaceda\u201d, explic\u00f3 el diputado.<\/p>\n<p style=\"font-weight: 400; text-align: justify;\">La dirigenta Joselin Ag\u00fcero valor\u00f3 la comunicaci\u00f3n directa con la comunidad. \u201cAgradecemos la instancia de esta reuni\u00f3n, al diputado que se comunic\u00f3 con nosotros para ayudarnos a solucionar este problema. Agradecemos tambi\u00e9n la pronta soluci\u00f3n que se le dio, ya en marzo para todos los vecinos, para su tranquilidad, ya vamos a poder contar con m\u00e1s recorridos\u201d.<\/p>\n<p style=\"font-weight: 400; text-align: justify;\">Mediante esta modificaci\u00f3n de contrato, se podr\u00e1 resolver el aumento de demanda actual, sin embargo, la repartici\u00f3n p\u00fablica trabaja paralelamente en un nuevo dise\u00f1o de servicio para la pr\u00f3xima licitaci\u00f3n. Esto permitir\u00e1 incluir en la planificaci\u00f3n el aumento de habitantes que se proyecta para Balmaceda.<\/p>\n<\/div><\/section><\/div><div  style='height:50px' class='hr hr-invisible   avia-builder-el-6  el_after_av_one_full  el_before_av_social_share '><span class='hr-inner ' ><span class='hr-inner-style'><\/span><\/span><\/div><\/p>\n<div  class='av-social-sharing-box  avia-builder-el-7  el_after_av_hr  el_before_av_hr  '><div class='av-share-box'><h5 class='av-share-link-description av-no-toc '>Compartir esta noticia<\/h5><ul class='av-share-box-list noLightbox'><li class='av-share-link av-social-link-facebook' ><a target=\"_blank\" aria-label=\"Compartir en Facebook\" href='https:\/\/www.facebook.com\/sharer.php?u=https:\/\/radiorevelacionfm.cl\/?p=50545&#038;t=Anuncian%20implementaci%C3%B3n%20de%20un%20bus%20de%20refuerzo%20en%20transporte%20subvencionado%20hacia%20Balmaceda%20a%20partir%20de%20marzo' aria-hidden='false' data-av_icon='\ue8f3' data-av_iconfont='entypo-fontello' title='' data-avia-related-tooltip='Compartir en Facebook' rel=\"noopener\"><span class='avia_hidden_link_text'>Compartir en Facebook<\/span><\/a><\/li><li class='av-share-link av-social-link-twitter' ><a target=\"_blank\" aria-label=\"Compartir en Twitter\" href='https:\/\/twitter.com\/share?text=Anuncian%20implementaci%C3%B3n%20de%20un%20bus%20de%20refuerzo%20en%20transporte%20subvencionado%20hacia%20Balmaceda%20a%20partir%20de%20marzo&#038;url=https:\/\/radiorevelacionfm.cl\/?p=50545' aria-hidden='false' data-av_icon='\ue8f1' data-av_iconfont='entypo-fontello' title='' data-avia-related-tooltip='Compartir en Twitter' rel=\"noopener\"><span class='avia_hidden_link_text'>Compartir en Twitter<\/span><\/a><\/li><li class='av-share-link av-social-link-whatsapp' ><a target=\"_blank\" aria-label=\"Compartir en Whatsapp\" href='https:\/\/api.whatsapp.com\/send?text=https:\/\/radiorevelacionfm.cl\/?p=50545' aria-hidden='false' data-av_icon='\uf232' data-av_iconfont='entypo-fontello' title='' data-avia-related-tooltip='Compartir en Whatsapp' rel=\"noopener\"><span class='avia_hidden_link_text'>Compartir en Whatsapp<\/span><\/a><\/li><li class='av-share-link av-social-link-linkedin' ><a target=\"_blank\" aria-label=\"Compartir en LinkedIn\" href='https:\/\/linkedin.com\/shareArticle?mini=true&#038;title=Anuncian%20implementaci%C3%B3n%20de%20un%20bus%20de%20refuerzo%20en%20transporte%20subvencionado%20hacia%20Balmaceda%20a%20partir%20de%20marzo&#038;url=https:\/\/radiorevelacionfm.cl\/?p=50545' aria-hidden='false' data-av_icon='\ue8fc' data-av_iconfont='entypo-fontello' title='' data-avia-related-tooltip='Compartir en LinkedIn' rel=\"noopener\"><span class='avia_hidden_link_text'>Compartir en LinkedIn<\/span><\/a><\/li><li class='av-share-link av-social-link-mail' ><a  aria-label=\"Compartir por correo\" href='mailto:?subject=Anuncian%20implementaci%C3%B3n%20de%20un%20bus%20de%20refuerzo%20en%20transporte%20subvencionado%20hacia%20Balmaceda%20a%20partir%20de%20marzo&#038;body=https:\/\/radiorevelacionfm.cl\/?p=50545' aria-hidden='false' data-av_icon='\ue805' data-av_iconfont='entypo-fontello' title='' data-avia-related-tooltip='Compartir por correo'><span class='avia_hidden_link_text'>Compartir por correo<\/span><\/a><\/li><\/ul><\/div><\/div>\n<div  style='height:50px' class='hr hr-invisible   avia-builder-el-8  el_after_av_social_share  el_before_av_comments_list '><span class='hr-inner ' ><span class='hr-inner-style'><\/span><\/span><\/div>\n<div  class='av-buildercomment  av-blog-meta-html-info-disabled av-blog-meta-tag-disabled  '><\/div>\n","protected":false},"excerpt":{"rendered":"","protected":false},"author":1,"featured_media":50546,"comment_status":"open","ping_status":"open","sticky":false,"template":"","format":"standard","meta":{"footnotes":""},"categories":[59],"tags":[],"class_list":["post-50545","post","type-post","status-publish","format-standard","has-post-thumbnail","hentry","category-transporte"],"jetpack_featured_media_url":"https:\/\/radiorevelacionfm.cl\/wp-content\/uploads\/2025\/02\/vecinas-balmaceda-1_optimized.jpg","_links":{"self":[{"href":"https:\/\/radiorevelacionfm.cl\/index.php?rest_route=\/wp\/v2\/posts\/50545","targetHints":{"allow":["GET"]}}],"collection":[{"href":"https:\/\/radiorevelacionfm.cl\/index.php?rest_route=\/wp\/v2\/posts"}],"about":[{"href":"https:\/\/radiorevelacionfm.cl\/index.php?rest_route=\/wp\/v2\/types\/post"}],"author":[{"embeddable":true,"href":"https:\/\/radiorevelacionfm.cl\/index.php?rest_route=\/wp\/v2\/users\/1"}],"replies":[{"embeddable":true,"href":"https:\/\/radiorevelacionfm.cl\/index.php?rest_route=%2Fwp%2Fv2%2Fcomments&post=50545"}],"version-history":[{"count":1,"href":"https:\/\/radiorevelacionfm.cl\/index.php?rest_route=\/wp\/v2\/posts\/50545\/revisions"}],"predecessor-version":[{"id":50547,"href":"https:\/\/radiorevelacionfm.cl\/index.php?rest_route=\/wp\/v2\/posts\/50545\/revisions\/50547"}],"wp:featuredmedia":[{"embeddable":true,"href":"https:\/\/radiorevelacionfm.cl\/index.php?rest_route=\/wp\/v2\/media\/50546"}],"wp:attachment":[{"href":"https:\/\/radiorevelacionfm.cl\/index.php?rest_route=%2Fwp%2Fv2%2Fmedia&parent=50545"}],"wp:term":[{"taxonomy":"category","embeddable":true,"href":"https:\/\/radiorevelacionfm.cl\/index.php?rest_route=%2Fwp%2Fv2%2Fcategories&post=50545"},{"taxonomy":"post_tag","embeddable":true,"href":"https:\/\/radiorevelacionfm.cl\/index.php?rest_route=%2Fwp%2Fv2%2Ftags&post=50545"}],"curies":[{"name":"wp","href":"https:\/\/api.w.org\/{rel}","templated":true}]}}