{"id":50542,"date":"2025-02-12T20:58:46","date_gmt":"2025-02-12T23:58:46","guid":{"rendered":"https:\/\/radiorevelacionfm.cl\/?p=50542"},"modified":"2025-02-12T20:58:46","modified_gmt":"2025-02-12T23:58:46","slug":"alcalde-ulloa-exige-soluciones-urgentes-por-evidente-abandono-de-la-ruta-7-sur","status":"publish","type":"post","link":"https:\/\/radiorevelacionfm.cl\/?p=50542","title":{"rendered":"Alcalde Ulloa exige soluciones urgentes por evidente abandono de la Ruta 7 Sur"},"content":{"rendered":"<div class=\"flex_column av_one_full  flex_column_div av-zero-column-padding first  avia-builder-el-0  el_before_av_one_full  avia-builder-el-first  \" style='border-radius:0px; '><div  class='avia-image-container  av-styling-    avia-builder-el-1  avia-builder-el-no-sibling  avia-align-center '  itemprop=\"image\" itemscope=\"itemscope\" itemtype=\"https:\/\/schema.org\/ImageObject\"  ><div class='avia-image-container-inner'><div class='avia-image-overlay-wrap'><img decoding=\"async\" class='wp-image-50543 avia-img-lazy-loading-not-50543 avia_image' src=\"https:\/\/radiorevelacionfm.cl\/wp-content\/uploads\/2025\/02\/pozos-en-ruta-7-sur-3-1_optimized-1-1.jpeg\" alt='' title='pozos-en-ruta-7-sur-(3)-(1)_optimized (1) (1)' height=\"790\" width=\"801\"  itemprop=\"thumbnailUrl\" srcset=\"https:\/\/radiorevelacionfm.cl\/wp-content\/uploads\/2025\/02\/pozos-en-ruta-7-sur-3-1_optimized-1-1.jpeg 801w, https:\/\/radiorevelacionfm.cl\/wp-content\/uploads\/2025\/02\/pozos-en-ruta-7-sur-3-1_optimized-1-1-300x296.jpeg 300w, https:\/\/radiorevelacionfm.cl\/wp-content\/uploads\/2025\/02\/pozos-en-ruta-7-sur-3-1_optimized-1-1-80x80.jpeg 80w, https:\/\/radiorevelacionfm.cl\/wp-content\/uploads\/2025\/02\/pozos-en-ruta-7-sur-3-1_optimized-1-1-768x757.jpeg 768w, https:\/\/radiorevelacionfm.cl\/wp-content\/uploads\/2025\/02\/pozos-en-ruta-7-sur-3-1_optimized-1-1-36x36.jpeg 36w, https:\/\/radiorevelacionfm.cl\/wp-content\/uploads\/2025\/02\/pozos-en-ruta-7-sur-3-1_optimized-1-1-705x695.jpeg 705w, https:\/\/radiorevelacionfm.cl\/wp-content\/uploads\/2025\/02\/pozos-en-ruta-7-sur-3-1_optimized-1-1-450x444.jpeg 450w, https:\/\/radiorevelacionfm.cl\/wp-content\/uploads\/2025\/02\/pozos-en-ruta-7-sur-3-1_optimized-1-1-600x592.jpeg 600w, https:\/\/radiorevelacionfm.cl\/wp-content\/uploads\/2025\/02\/pozos-en-ruta-7-sur-3-1_optimized-1-1-100x100.jpeg 100w\" sizes=\"(max-width: 801px) 100vw, 801px\" \/><\/div><\/div><\/div><\/div><div class=\"flex_column av_one_full  flex_column_div av-zero-column-padding first  avia-builder-el-2  el_after_av_one_full  el_before_av_one_full  column-top-margin\" style='border-radius:0px; '><section class=\"av_textblock_section \"  itemscope=\"itemscope\" itemtype=\"https:\/\/schema.org\/BlogPosting\" itemprop=\"blogPost\" ><div class='avia_textblock  '   itemprop=\"text\" ><p style=\"text-align: center;\"><strong><span style=\"font-size: 18pt;\">Alcalde Ulloa exige soluciones urgentes por evidente abandono de la Ruta 7 Sur<\/span><\/strong><\/p>\n<div id=\"gtx-trans\" style=\"position: absolute; left: -50px; top: 4.31534px;\">\n<div class=\"gtx-trans-icon\"><\/div>\n<\/div>\n<\/div><\/section><\/div><div class=\"flex_column av_one_full  flex_column_div av-zero-column-padding first  avia-builder-el-4  el_after_av_one_full  el_before_av_hr  column-top-margin\" style='border-radius:0px; '><section class=\"av_textblock_section \"  itemscope=\"itemscope\" itemtype=\"https:\/\/schema.org\/BlogPosting\" itemprop=\"blogPost\" ><div class='avia_textblock  '   itemprop=\"text\" ><p style=\"text-align: justify;\">El estado actual de la Ruta 7, especialmente en el tramo entre Coyhaique y Villa O\u2019Higgins, ha generado un profundo descontento entre transportistas, pasajeros y vecinos de la regi\u00f3n. La Carretera Austral, v\u00eda clave para el desarrollo de la Patagonia, se encuentra en un estado deplorable, poniendo en riesgo la seguridad de quienes la transitan diariamente.<\/p>\n<p style=\"text-align: justify;\">C\u00e9sar Escobar, representante de la empresa Transporte Ruta Austral,\u00a0se\u00f1al\u00f3 que la situaci\u00f3n ha sobrepasado todos los l\u00edmites. \u201cNosotros somos una empresa de transportes de carga desde Coyhaique al sur y nunca hab\u00edamos visto en estos \u00faltimos a\u00f1os la Ruta 7 en tan malas condiciones. Nuestros veh\u00edculos se est\u00e1n destrozando, tenemos que cambiar piezas permanentemente y el peligro de accidentes es inminente. No solo nos afecta a nosotros, tambi\u00e9n a los transportistas de pasajeros y a quienes visitan la regi\u00f3n\u201d, denunci\u00f3.<\/p>\n<p style=\"text-align: justify;\">El problema no es nuevo, pero su agravamiento es evidente. \u201cTodos los d\u00edas se ven personas reparando neum\u00e1ticos o lidiando con desperfectos mec\u00e1nicos causados por los enormes pozos en la carretera. Esto es indignante\u201d, agreg\u00f3 Escobar.<\/p>\n<p style=\"text-align: justify;\">Desde la comunidad, el llamado a las autoridades es claro y urgente.\u00a0Patricio Ulloa Georgia, alcalde de Cochrane,\u00a0manifest\u00f3 su profunda preocupaci\u00f3n por la falta de respuestas concretas: \u201cEs inaceptable que un bus se demore hasta 11 horas y 30 minutos en llegar a Coyhaique o hasta Cochrane en pleno verano. \u00bfC\u00f3mo es posible que en estas condiciones sigamos dependiendo de una carretera en tan mal estado? Hay recursos, hay medios, pero la inacci\u00f3n sigue siendo la respuesta\u201d, enfatiz\u00f3.<\/p>\n<p style=\"text-align: justify;\">Ulloa emplaz\u00f3\u00a0directamente al director regional de Vialidad, y a la Seremi de Obras P\u00fablicas, a tomar cartas en el asunto. \u201cNo podemos seguir permitiendo que la Carretera Austral se mantenga en esta situaci\u00f3n. Esto no es solo un problema de transporte, es un problema de desarrollo, de seguridad y de respeto para quienes vivimos en la regi\u00f3n\u201d, afirm\u00f3.<\/p>\n<p style=\"text-align: justify;\">Los vecinos han expresado su frustraci\u00f3n a trav\u00e9s de m\u00faltiples mensajes, exigiendo respuestas concretas y soluciones inmediatas. La comunidad y los transportistas advierten que, de no haber medidas urgentes, las condiciones de la Ruta 7 seguir\u00e1n deterior\u00e1ndose, afectando gravemente la conectividad, el turismo y la calidad de vida de los habitantes de la zona sur de la regi\u00f3n de Ays\u00e9n.<\/p>\n<p style=\"text-align: justify;\">Por su parte, el alcalde advirti\u00f3 que esta situaci\u00f3n afectar\u00e1 la concurrencia a los eventos programados para este fin de semana, como la Semana de Guadal, el Rodeo de Puerto Tranquilo y por supuesto al XXV encuentro costumbrista de Cochrane. \u201cDesde el Gobierno Regional nos apoyan financieramente con los eventos para generar econom\u00eda local, pero el MOP y Vialidad no se suman al apoyo porque tienen la carretera en muy mal estado, afectando a emprendedores locales, desplazamientos de turistas, proveedores y m\u00e1s\u201d,\u00a0concluy\u00f3 Ulloa.<\/p>\n<\/div><\/section><\/div><div  style='height:50px' class='hr hr-invisible   avia-builder-el-6  el_after_av_one_full  el_before_av_social_share '><span class='hr-inner ' ><span class='hr-inner-style'><\/span><\/span><\/div><\/p>\n<div  class='av-social-sharing-box  avia-builder-el-7  el_after_av_hr  el_before_av_hr  '><div class='av-share-box'><h5 class='av-share-link-description av-no-toc '>Compartir esta noticia<\/h5><ul class='av-share-box-list noLightbox'><li class='av-share-link av-social-link-facebook' ><a target=\"_blank\" aria-label=\"Compartir en Facebook\" href='https:\/\/www.facebook.com\/sharer.php?u=https:\/\/radiorevelacionfm.cl\/?p=50542&#038;t=Alcalde%20Ulloa%20exige%20soluciones%20urgentes%20por%20evidente%20abandono%20de%20la%20Ruta%207%20Sur' aria-hidden='false' data-av_icon='\ue8f3' data-av_iconfont='entypo-fontello' title='' data-avia-related-tooltip='Compartir en Facebook' rel=\"noopener\"><span class='avia_hidden_link_text'>Compartir en Facebook<\/span><\/a><\/li><li class='av-share-link av-social-link-twitter' ><a target=\"_blank\" aria-label=\"Compartir en Twitter\" href='https:\/\/twitter.com\/share?text=Alcalde%20Ulloa%20exige%20soluciones%20urgentes%20por%20evidente%20abandono%20de%20la%20Ruta%207%20Sur&#038;url=https:\/\/radiorevelacionfm.cl\/?p=50542' aria-hidden='false' data-av_icon='\ue8f1' data-av_iconfont='entypo-fontello' title='' data-avia-related-tooltip='Compartir en Twitter' rel=\"noopener\"><span class='avia_hidden_link_text'>Compartir en Twitter<\/span><\/a><\/li><li class='av-share-link av-social-link-whatsapp' ><a target=\"_blank\" aria-label=\"Compartir en Whatsapp\" href='https:\/\/api.whatsapp.com\/send?text=https:\/\/radiorevelacionfm.cl\/?p=50542' aria-hidden='false' data-av_icon='\uf232' data-av_iconfont='entypo-fontello' title='' data-avia-related-tooltip='Compartir en Whatsapp' rel=\"noopener\"><span class='avia_hidden_link_text'>Compartir en Whatsapp<\/span><\/a><\/li><li class='av-share-link av-social-link-linkedin' ><a target=\"_blank\" aria-label=\"Compartir en LinkedIn\" href='https:\/\/linkedin.com\/shareArticle?mini=true&#038;title=Alcalde%20Ulloa%20exige%20soluciones%20urgentes%20por%20evidente%20abandono%20de%20la%20Ruta%207%20Sur&#038;url=https:\/\/radiorevelacionfm.cl\/?p=50542' aria-hidden='false' data-av_icon='\ue8fc' data-av_iconfont='entypo-fontello' title='' data-avia-related-tooltip='Compartir en LinkedIn' rel=\"noopener\"><span class='avia_hidden_link_text'>Compartir en LinkedIn<\/span><\/a><\/li><li class='av-share-link av-social-link-mail' ><a  aria-label=\"Compartir por correo\" href='mailto:?subject=Alcalde%20Ulloa%20exige%20soluciones%20urgentes%20por%20evidente%20abandono%20de%20la%20Ruta%207%20Sur&#038;body=https:\/\/radiorevelacionfm.cl\/?p=50542' aria-hidden='false' data-av_icon='\ue805' data-av_iconfont='entypo-fontello' title='' data-avia-related-tooltip='Compartir por correo'><span class='avia_hidden_link_text'>Compartir por correo<\/span><\/a><\/li><\/ul><\/div><\/div>\n<div  style='height:50px' class='hr hr-invisible   avia-builder-el-8  el_after_av_social_share  el_before_av_comments_list '><span class='hr-inner ' ><span class='hr-inner-style'><\/span><\/span><\/div>\n<div  class='av-buildercomment  av-blog-meta-html-info-disabled av-blog-meta-tag-disabled  '><\/div>\n","protected":false},"excerpt":{"rendered":"","protected":false},"author":1,"featured_media":50543,"comment_status":"open","ping_status":"open","sticky":false,"template":"","format":"standard","meta":{"footnotes":""},"categories":[38],"tags":[],"class_list":["post-50542","post","type-post","status-publish","format-standard","has-post-thumbnail","hentry","category-regional"],"jetpack_featured_media_url":"https:\/\/radiorevelacionfm.cl\/wp-content\/uploads\/2025\/02\/pozos-en-ruta-7-sur-3-1_optimized-1-1.jpeg","_links":{"self":[{"href":"https:\/\/radiorevelacionfm.cl\/index.php?rest_route=\/wp\/v2\/posts\/50542","targetHints":{"allow":["GET"]}}],"collection":[{"href":"https:\/\/radiorevelacionfm.cl\/index.php?rest_route=\/wp\/v2\/posts"}],"about":[{"href":"https:\/\/radiorevelacionfm.cl\/index.php?rest_route=\/wp\/v2\/types\/post"}],"author":[{"embeddable":true,"href":"https:\/\/radiorevelacionfm.cl\/index.php?rest_route=\/wp\/v2\/users\/1"}],"replies":[{"embeddable":true,"href":"https:\/\/radiorevelacionfm.cl\/index.php?rest_route=%2Fwp%2Fv2%2Fcomments&post=50542"}],"version-history":[{"count":1,"href":"https:\/\/radiorevelacionfm.cl\/index.php?rest_route=\/wp\/v2\/posts\/50542\/revisions"}],"predecessor-version":[{"id":50544,"href":"https:\/\/radiorevelacionfm.cl\/index.php?rest_route=\/wp\/v2\/posts\/50542\/revisions\/50544"}],"wp:featuredmedia":[{"embeddable":true,"href":"https:\/\/radiorevelacionfm.cl\/index.php?rest_route=\/wp\/v2\/media\/50543"}],"wp:attachment":[{"href":"https:\/\/radiorevelacionfm.cl\/index.php?rest_route=%2Fwp%2Fv2%2Fmedia&parent=50542"}],"wp:term":[{"taxonomy":"category","embeddable":true,"href":"https:\/\/radiorevelacionfm.cl\/index.php?rest_route=%2Fwp%2Fv2%2Fcategories&post=50542"},{"taxonomy":"post_tag","embeddable":true,"href":"https:\/\/radiorevelacionfm.cl\/index.php?rest_route=%2Fwp%2Fv2%2Ftags&post=50542"}],"curies":[{"name":"wp","href":"https:\/\/api.w.org\/{rel}","templated":true}]}}