{"id":50535,"date":"2025-02-12T13:39:44","date_gmt":"2025-02-12T16:39:44","guid":{"rendered":"https:\/\/radiorevelacionfm.cl\/?p=50535"},"modified":"2025-02-12T13:39:44","modified_gmt":"2025-02-12T16:39:44","slug":"emprendedoras-de-cochrane-fortalecen-y-muestran-sus-negocios-con-apoyo-del-fosis","status":"publish","type":"post","link":"https:\/\/radiorevelacionfm.cl\/?p=50535","title":{"rendered":"Emprendedoras de Cochrane fortalecen y muestran sus negocios con apoyo del FOSIS"},"content":{"rendered":"<div class=\"flex_column av_one_full  flex_column_div av-zero-column-padding first  avia-builder-el-0  el_before_av_one_full  avia-builder-el-first  \" style='border-radius:0px; '><div  class='avia-image-container  av-styling-    avia-builder-el-1  avia-builder-el-no-sibling  avia-align-center '  itemprop=\"image\" itemscope=\"itemscope\" itemtype=\"https:\/\/schema.org\/ImageObject\"  ><div class='avia-image-container-inner'><div class='avia-image-overlay-wrap'><img decoding=\"async\" class='wp-image-50536 avia-img-lazy-loading-not-50536 avia_image' src=\"https:\/\/radiorevelacionfm.cl\/wp-content\/uploads\/2025\/02\/ES-y-EB-Cochrane-1-1-1.jpeg\" alt='' title='ES y EB Cochrane 1 (1) (1)' height=\"600\" width=\"1067\"  itemprop=\"thumbnailUrl\" srcset=\"https:\/\/radiorevelacionfm.cl\/wp-content\/uploads\/2025\/02\/ES-y-EB-Cochrane-1-1-1.jpeg 1067w, https:\/\/radiorevelacionfm.cl\/wp-content\/uploads\/2025\/02\/ES-y-EB-Cochrane-1-1-1-300x169.jpeg 300w, https:\/\/radiorevelacionfm.cl\/wp-content\/uploads\/2025\/02\/ES-y-EB-Cochrane-1-1-1-1030x579.jpeg 1030w, https:\/\/radiorevelacionfm.cl\/wp-content\/uploads\/2025\/02\/ES-y-EB-Cochrane-1-1-1-768x432.jpeg 768w, https:\/\/radiorevelacionfm.cl\/wp-content\/uploads\/2025\/02\/ES-y-EB-Cochrane-1-1-1-705x396.jpeg 705w, https:\/\/radiorevelacionfm.cl\/wp-content\/uploads\/2025\/02\/ES-y-EB-Cochrane-1-1-1-450x253.jpeg 450w, https:\/\/radiorevelacionfm.cl\/wp-content\/uploads\/2025\/02\/ES-y-EB-Cochrane-1-1-1-600x337.jpeg 600w\" sizes=\"(max-width: 1067px) 100vw, 1067px\" \/><\/div><\/div><\/div><\/div><div class=\"flex_column av_one_full  flex_column_div av-zero-column-padding first  avia-builder-el-2  el_after_av_one_full  el_before_av_one_full  column-top-margin\" style='border-radius:0px; '><section class=\"av_textblock_section \"  itemscope=\"itemscope\" itemtype=\"https:\/\/schema.org\/BlogPosting\" itemprop=\"blogPost\" ><div class='avia_textblock  '   itemprop=\"text\" ><p style=\"text-align: center;\"><span style=\"font-size: 18pt;\"><strong>Emprendedoras de Cochrane fortalecen y muestran sus negocios con apoyo del FOSIS<\/strong><\/span><\/p>\n<div id=\"gtx-trans\" style=\"position: absolute; left: -50px; top: 4.31534px;\">\n<div class=\"gtx-trans-icon\"><\/div>\n<\/div>\n<\/div><\/section><\/div><div class=\"flex_column av_one_full  flex_column_div av-zero-column-padding first  avia-builder-el-4  el_after_av_one_full  el_before_av_hr  column-top-margin\" style='border-radius:0px; '><section class=\"av_textblock_section \"  itemscope=\"itemscope\" itemtype=\"https:\/\/schema.org\/BlogPosting\" itemprop=\"blogPost\" ><div class='avia_textblock  '   itemprop=\"text\" ><p style=\"text-align: justify;\"><em>Los programas de autonom\u00eda econ\u00f3mica entregaron capacitaci\u00f3n, asesor\u00eda y financiamiento para iniciar y potenciar los emprendimientos de 40 personas de la comuna.<\/em><\/p>\n<p style=\"text-align: justify;\">Las personas usuarias de los programas Emprendamos Semilla y Emprendamos, ejecutados en la comuna de Cochrane, llegaron hasta el Mercado Municipal Tamango para mostrar sus productos y servicios, junto con recibir sus certificados de mano de autoridades regionales y comunales que compartieron en esta instancia de cierre de las distintas etapas comprendidas por el programa financiado por el Fondo de Solidaridad e Inversi\u00f3n Social, FOSIS, y ejecutado con el apoyo de Nativo.<\/p>\n<p style=\"text-align: justify;\">Las cuarenta personas de Cochrane que participaron de los programas Emprendamos y Emprendamos Semilla para familias del Subsistema de Seguridades y Oportunidades recibieron capacitaci\u00f3n, asesor\u00eda y el financiamiento de un plan de negocios para adquirir equipamiento, herramientas o insumos que les permitan fortalecer y optimizar el funcionamiento de sus actividades productivas.<\/p>\n<p style=\"text-align: justify;\">La emprendedora Karolayn Jara, asegur\u00f3 que su experiencia en el programa \u201cha sido s\u00faper genial porque te abre oportunidades como persona y como familia. Ha sido muy grato todo. Yo Adquir\u00ed una lavadora, secadora port\u00e1til e implementos como detergente y suavizante. Aprendimos a sacar costos, cu\u00e1nto gastamos, cu\u00e1nto nos queda, a utilizar p\u00e1ginas web, WhatsApp y muchas cosas que uno a veces no tiene idea c\u00f3mo funcionan. Estoy muy contenta con haber sido parte de este programa\u201d.<\/p>\n<p style=\"text-align: justify;\">Fernanda Leiva, directora regional del FOSIS, destac\u00f3 que \u201cconocimos emprendimientos de mujeres y hombres que participaron de estos programas, viendo el talento y c\u00f3mo ellos pudieron aprovechar la oportunidad de participar de estos programas de autonom\u00eda econ\u00f3mica. Conocimos la experiencia de personas que est\u00e1n participando por primera vez en el FOSIS, personas que est\u00e1n iniciando el camino del emprendimiento y quienes tambi\u00e9n, con el Emprendamos, pueden consolidar sus negocios. Vamos a seguir trabajando con los distintos actores locales para poder continuar entregando oportunidades a personas emprendedoras de Cochrane\u201d.<\/p>\n<p style=\"text-align: justify;\">El administrador municipal de Cochrane, Marcelo Haro, recalc\u00f3 que \u201ces importante destacar el trabajo del FOSIS en la comuna, relevar c\u00f3mo apoya y hace que nuestros emprendedores locales se fortalezcan en los distintos rubros que ejecutan. Nos parece s\u00faper bueno que FOSIS est\u00e9 presente en los distintos territorios y siempre van a ser bienvenido en esta comuna\u201d.<\/p>\n<p style=\"text-align: justify;\">Gracias a la ejecuci\u00f3n de los programas Emprendamos y Emprendamos Semilla son parte la oferta program\u00e1tica regular del FOSIS y buscan entregar autonom\u00eda econ\u00f3mica a sus usuarios y usuarias, a trav\u00e9s de un negocio o trabajo independiente que les permita aumentar su generaci\u00f3n de ingresos y hacerla estable en el tiempo.<\/p>\n<\/div><\/section><\/div><div  style='height:50px' class='hr hr-invisible   avia-builder-el-6  el_after_av_one_full  el_before_av_social_share '><span class='hr-inner ' ><span class='hr-inner-style'><\/span><\/span><\/div><\/p>\n<div  class='av-social-sharing-box  avia-builder-el-7  el_after_av_hr  el_before_av_hr  '><div class='av-share-box'><h5 class='av-share-link-description av-no-toc '>Compartir esta noticia<\/h5><ul class='av-share-box-list noLightbox'><li class='av-share-link av-social-link-facebook' ><a target=\"_blank\" aria-label=\"Compartir en Facebook\" href='https:\/\/www.facebook.com\/sharer.php?u=https:\/\/radiorevelacionfm.cl\/?p=50535&#038;t=Emprendedoras%20de%20Cochrane%20fortalecen%20y%20muestran%20sus%20negocios%20con%20apoyo%20del%20FOSIS' aria-hidden='false' data-av_icon='\ue8f3' data-av_iconfont='entypo-fontello' title='' data-avia-related-tooltip='Compartir en Facebook' rel=\"noopener\"><span class='avia_hidden_link_text'>Compartir en Facebook<\/span><\/a><\/li><li class='av-share-link av-social-link-twitter' ><a target=\"_blank\" aria-label=\"Compartir en Twitter\" href='https:\/\/twitter.com\/share?text=Emprendedoras%20de%20Cochrane%20fortalecen%20y%20muestran%20sus%20negocios%20con%20apoyo%20del%20FOSIS&#038;url=https:\/\/radiorevelacionfm.cl\/?p=50535' aria-hidden='false' data-av_icon='\ue8f1' data-av_iconfont='entypo-fontello' title='' data-avia-related-tooltip='Compartir en Twitter' rel=\"noopener\"><span class='avia_hidden_link_text'>Compartir en Twitter<\/span><\/a><\/li><li class='av-share-link av-social-link-whatsapp' ><a target=\"_blank\" aria-label=\"Compartir en Whatsapp\" href='https:\/\/api.whatsapp.com\/send?text=https:\/\/radiorevelacionfm.cl\/?p=50535' aria-hidden='false' data-av_icon='\uf232' data-av_iconfont='entypo-fontello' title='' data-avia-related-tooltip='Compartir en Whatsapp' rel=\"noopener\"><span class='avia_hidden_link_text'>Compartir en Whatsapp<\/span><\/a><\/li><li class='av-share-link av-social-link-linkedin' ><a target=\"_blank\" aria-label=\"Compartir en LinkedIn\" href='https:\/\/linkedin.com\/shareArticle?mini=true&#038;title=Emprendedoras%20de%20Cochrane%20fortalecen%20y%20muestran%20sus%20negocios%20con%20apoyo%20del%20FOSIS&#038;url=https:\/\/radiorevelacionfm.cl\/?p=50535' aria-hidden='false' data-av_icon='\ue8fc' data-av_iconfont='entypo-fontello' title='' data-avia-related-tooltip='Compartir en LinkedIn' rel=\"noopener\"><span class='avia_hidden_link_text'>Compartir en LinkedIn<\/span><\/a><\/li><li class='av-share-link av-social-link-mail' ><a  aria-label=\"Compartir por correo\" href='mailto:?subject=Emprendedoras%20de%20Cochrane%20fortalecen%20y%20muestran%20sus%20negocios%20con%20apoyo%20del%20FOSIS&#038;body=https:\/\/radiorevelacionfm.cl\/?p=50535' aria-hidden='false' data-av_icon='\ue805' data-av_iconfont='entypo-fontello' title='' data-avia-related-tooltip='Compartir por correo'><span class='avia_hidden_link_text'>Compartir por correo<\/span><\/a><\/li><\/ul><\/div><\/div>\n<div  style='height:50px' class='hr hr-invisible   avia-builder-el-8  el_after_av_social_share  el_before_av_comments_list '><span class='hr-inner ' ><span class='hr-inner-style'><\/span><\/span><\/div>\n<div  class='av-buildercomment  av-blog-meta-html-info-disabled av-blog-meta-tag-disabled  '><\/div>\n","protected":false},"excerpt":{"rendered":"","protected":false},"author":1,"featured_media":50536,"comment_status":"open","ping_status":"open","sticky":false,"template":"","format":"standard","meta":{"footnotes":""},"categories":[38],"tags":[],"class_list":["post-50535","post","type-post","status-publish","format-standard","has-post-thumbnail","hentry","category-regional"],"jetpack_featured_media_url":"https:\/\/radiorevelacionfm.cl\/wp-content\/uploads\/2025\/02\/ES-y-EB-Cochrane-1-1-1.jpeg","_links":{"self":[{"href":"https:\/\/radiorevelacionfm.cl\/index.php?rest_route=\/wp\/v2\/posts\/50535","targetHints":{"allow":["GET"]}}],"collection":[{"href":"https:\/\/radiorevelacionfm.cl\/index.php?rest_route=\/wp\/v2\/posts"}],"about":[{"href":"https:\/\/radiorevelacionfm.cl\/index.php?rest_route=\/wp\/v2\/types\/post"}],"author":[{"embeddable":true,"href":"https:\/\/radiorevelacionfm.cl\/index.php?rest_route=\/wp\/v2\/users\/1"}],"replies":[{"embeddable":true,"href":"https:\/\/radiorevelacionfm.cl\/index.php?rest_route=%2Fwp%2Fv2%2Fcomments&post=50535"}],"version-history":[{"count":1,"href":"https:\/\/radiorevelacionfm.cl\/index.php?rest_route=\/wp\/v2\/posts\/50535\/revisions"}],"predecessor-version":[{"id":50537,"href":"https:\/\/radiorevelacionfm.cl\/index.php?rest_route=\/wp\/v2\/posts\/50535\/revisions\/50537"}],"wp:featuredmedia":[{"embeddable":true,"href":"https:\/\/radiorevelacionfm.cl\/index.php?rest_route=\/wp\/v2\/media\/50536"}],"wp:attachment":[{"href":"https:\/\/radiorevelacionfm.cl\/index.php?rest_route=%2Fwp%2Fv2%2Fmedia&parent=50535"}],"wp:term":[{"taxonomy":"category","embeddable":true,"href":"https:\/\/radiorevelacionfm.cl\/index.php?rest_route=%2Fwp%2Fv2%2Fcategories&post=50535"},{"taxonomy":"post_tag","embeddable":true,"href":"https:\/\/radiorevelacionfm.cl\/index.php?rest_route=%2Fwp%2Fv2%2Ftags&post=50535"}],"curies":[{"name":"wp","href":"https:\/\/api.w.org\/{rel}","templated":true}]}}