{"id":50532,"date":"2025-02-12T14:47:22","date_gmt":"2025-02-12T17:47:22","guid":{"rendered":"https:\/\/radiorevelacionfm.cl\/?p=50532"},"modified":"2025-02-12T16:47:58","modified_gmt":"2025-02-12T19:47:58","slug":"molestia-y-preocupacion-manifiesta-concejal-de-cochrane-por-pesimo-estado-e-intransitable-ruta-7","status":"publish","type":"post","link":"https:\/\/radiorevelacionfm.cl\/?p=50532","title":{"rendered":"Molestia y preocupaci\u00f3n manifiesta concejal de Cochrane por p\u00e9simo estado e intransitable Ruta 7"},"content":{"rendered":"<div class=\"flex_column av_one_full  flex_column_div av-zero-column-padding first  avia-builder-el-0  el_before_av_one_full  avia-builder-el-first  \" style='border-radius:0px; '><div  class='avia-image-container  av-styling-    avia-builder-el-1  avia-builder-el-no-sibling  avia-align-center '  itemprop=\"image\" itemscope=\"itemscope\" itemtype=\"https:\/\/schema.org\/ImageObject\"  ><div class='avia-image-container-inner'><div class='avia-image-overlay-wrap'><img decoding=\"async\" class='wp-image-50540 avia-img-lazy-loading-not-50540 avia_image' src=\"https:\/\/radiorevelacionfm.cl\/wp-content\/uploads\/2025\/02\/ruta-7-sur-2_optimized-1.jpeg\" alt='' title='ruta-7-sur-(2)_optimized (1)' height=\"600\" width=\"829\"  itemprop=\"thumbnailUrl\" srcset=\"https:\/\/radiorevelacionfm.cl\/wp-content\/uploads\/2025\/02\/ruta-7-sur-2_optimized-1.jpeg 829w, https:\/\/radiorevelacionfm.cl\/wp-content\/uploads\/2025\/02\/ruta-7-sur-2_optimized-1-300x217.jpeg 300w, https:\/\/radiorevelacionfm.cl\/wp-content\/uploads\/2025\/02\/ruta-7-sur-2_optimized-1-768x556.jpeg 768w, https:\/\/radiorevelacionfm.cl\/wp-content\/uploads\/2025\/02\/ruta-7-sur-2_optimized-1-705x510.jpeg 705w, https:\/\/radiorevelacionfm.cl\/wp-content\/uploads\/2025\/02\/ruta-7-sur-2_optimized-1-450x326.jpeg 450w, https:\/\/radiorevelacionfm.cl\/wp-content\/uploads\/2025\/02\/ruta-7-sur-2_optimized-1-600x434.jpeg 600w\" sizes=\"(max-width: 829px) 100vw, 829px\" \/><\/div><\/div><\/div><\/div><div class=\"flex_column av_one_full  flex_column_div av-zero-column-padding first  avia-builder-el-2  el_after_av_one_full  el_before_av_one_full  column-top-margin\" style='border-radius:0px; '><section class=\"av_textblock_section \"  itemscope=\"itemscope\" itemtype=\"https:\/\/schema.org\/BlogPosting\" itemprop=\"blogPost\" ><div class='avia_textblock  '   itemprop=\"text\" ><p style=\"text-align: center;\"><strong><span style=\"font-size: 18pt;\">Molestia y preocupaci\u00f3n manifiesta concejal de Cochrane por p\u00e9simo estado e intransitable Ruta 7<\/span><\/strong><\/p>\n<div id=\"gtx-trans\" style=\"position: absolute; left: -50px; top: 4.31534px;\">\n<div class=\"gtx-trans-icon\"><\/div>\n<\/div>\n<\/div><\/section><\/div><\/p>\n<div class=\"flex_column av_one_full  flex_column_div av-zero-column-padding first  avia-builder-el-4  el_after_av_one_full  el_before_av_hr  column-top-margin\" style='border-radius:0px; '><section class=\"av_textblock_section \"  itemscope=\"itemscope\" itemtype=\"https:\/\/schema.org\/BlogPosting\" itemprop=\"blogPost\" ><div class='avia_textblock  '   itemprop=\"text\" ><p style=\"text-align: justify;\">Hoy en d\u00eda son muchas las molestias que esta generando en la comunidad de Cochrane el p\u00e9simo estado de la ruta 7 , espec\u00edficamente en el recorrido Cochrane \u2013 Coyhaique , esto afectando principalmente al transporte p\u00fablico de pasajeros que se desplazan por diferentes temas hacia la capital regional, la demora en estos d\u00edas por poner un ejemplo ha sido de m\u00e1s de 12 horas lo que es una total falta de respeto al usuario y a las familias de nuestra comuna, provincia y regi\u00f3n.<\/p>\n<p style=\"text-align: justify;\">Si bien el anhelado compromiso de pavimentar los 141 km aun \u00a0no son una realidad, m\u00ednimo podamos contar con un camino transitable y en buenas condiciones, donde los usuarios no sean quienes deban pagar de su bolsillo el desgate del veh\u00edculo y perdidas de tiempo innecesarios.<\/p>\n<p style=\"text-align: justify;\">Nos potenciamos como una comuna y regi\u00f3n tur\u00edstica, donde cada temporada aumentamos la cantidad de visitantes, generando un dinamismo econ\u00f3mico potente para quienes ejercen el rubro del turismo, hostales, caba\u00f1as, agencias de viajes y todo lo relacionado a un rubro que crece y crece a cada a\u00f1o, pero como todo tenemos tambi\u00e9n cada a\u00f1o que estar reclamando y gestionando que las autoridades competentes de gobierno \u00a0realicen las acciones que ayuden a mejorar la v\u00eda terrestre para llegar a uno de los lugares m\u00e1s bellos como es la provincia de los glaciares.<\/p>\n<p style=\"text-align: justify;\">Hacer un llamado a las autoridades regionales y principalmente a la seremi del ministerio de obras p\u00fablicas a apresurar el mejoramiento de la ruta hacia el sur de Coyhaique, no es posible esperar que la comunidad reclame para desarrollar los trabajos que como ministerio deben realizar por el bien de nuestra gente.<\/p>\n<\/div><\/section><\/div>\n<div  style='height:50px' class='hr hr-invisible   avia-builder-el-6  el_after_av_one_full  el_before_av_social_share '><span class='hr-inner ' ><span class='hr-inner-style'><\/span><\/span><\/div>\n<div  class='av-social-sharing-box  avia-builder-el-7  el_after_av_hr  el_before_av_hr  '><div class='av-share-box'><h5 class='av-share-link-description av-no-toc '>Compartir esta noticia<\/h5><ul class='av-share-box-list noLightbox'><li class='av-share-link av-social-link-facebook' ><a target=\"_blank\" aria-label=\"Compartir en Facebook\" href='https:\/\/www.facebook.com\/sharer.php?u=https:\/\/radiorevelacionfm.cl\/?p=50532&#038;t=Molestia%20y%20preocupaci%C3%B3n%20manifiesta%20concejal%20de%20Cochrane%20por%20p%C3%A9simo%20estado%20e%20intransitable%20Ruta%207' aria-hidden='false' data-av_icon='\ue8f3' data-av_iconfont='entypo-fontello' title='' data-avia-related-tooltip='Compartir en Facebook' rel=\"noopener\"><span class='avia_hidden_link_text'>Compartir en Facebook<\/span><\/a><\/li><li class='av-share-link av-social-link-twitter' ><a target=\"_blank\" aria-label=\"Compartir en Twitter\" href='https:\/\/twitter.com\/share?text=Molestia%20y%20preocupaci%C3%B3n%20manifiesta%20concejal%20de%20Cochrane%20por%20p%C3%A9simo%20estado%20e%20intransitable%20Ruta%207&#038;url=https:\/\/radiorevelacionfm.cl\/?p=50532' aria-hidden='false' data-av_icon='\ue8f1' data-av_iconfont='entypo-fontello' title='' data-avia-related-tooltip='Compartir en Twitter' rel=\"noopener\"><span class='avia_hidden_link_text'>Compartir en Twitter<\/span><\/a><\/li><li class='av-share-link av-social-link-whatsapp' ><a target=\"_blank\" aria-label=\"Compartir en Whatsapp\" href='https:\/\/api.whatsapp.com\/send?text=https:\/\/radiorevelacionfm.cl\/?p=50532' aria-hidden='false' data-av_icon='\uf232' data-av_iconfont='entypo-fontello' title='' data-avia-related-tooltip='Compartir en Whatsapp' rel=\"noopener\"><span class='avia_hidden_link_text'>Compartir en Whatsapp<\/span><\/a><\/li><li class='av-share-link av-social-link-linkedin' ><a target=\"_blank\" aria-label=\"Compartir en LinkedIn\" href='https:\/\/linkedin.com\/shareArticle?mini=true&#038;title=Molestia%20y%20preocupaci%C3%B3n%20manifiesta%20concejal%20de%20Cochrane%20por%20p%C3%A9simo%20estado%20e%20intransitable%20Ruta%207&#038;url=https:\/\/radiorevelacionfm.cl\/?p=50532' aria-hidden='false' data-av_icon='\ue8fc' data-av_iconfont='entypo-fontello' title='' data-avia-related-tooltip='Compartir en LinkedIn' rel=\"noopener\"><span class='avia_hidden_link_text'>Compartir en LinkedIn<\/span><\/a><\/li><li class='av-share-link av-social-link-mail' ><a  aria-label=\"Compartir por correo\" href='mailto:?subject=Molestia%20y%20preocupaci%C3%B3n%20manifiesta%20concejal%20de%20Cochrane%20por%20p%C3%A9simo%20estado%20e%20intransitable%20Ruta%207&#038;body=https:\/\/radiorevelacionfm.cl\/?p=50532' aria-hidden='false' data-av_icon='\ue805' data-av_iconfont='entypo-fontello' title='' data-avia-related-tooltip='Compartir por correo'><span class='avia_hidden_link_text'>Compartir por correo<\/span><\/a><\/li><\/ul><\/div><\/div>\n<div  style='height:50px' class='hr hr-invisible   avia-builder-el-8  el_after_av_social_share  el_before_av_comments_list '><span class='hr-inner ' ><span class='hr-inner-style'><\/span><\/span><\/div>\n<div  class='av-buildercomment  av-blog-meta-html-info-disabled av-blog-meta-tag-disabled  '><\/div>\n","protected":false},"excerpt":{"rendered":"","protected":false},"author":1,"featured_media":50540,"comment_status":"open","ping_status":"open","sticky":false,"template":"","format":"standard","meta":{"footnotes":""},"categories":[38],"tags":[],"class_list":["post-50532","post","type-post","status-publish","format-standard","has-post-thumbnail","hentry","category-regional"],"jetpack_featured_media_url":"https:\/\/radiorevelacionfm.cl\/wp-content\/uploads\/2025\/02\/ruta-7-sur-2_optimized-1.jpeg","_links":{"self":[{"href":"https:\/\/radiorevelacionfm.cl\/index.php?rest_route=\/wp\/v2\/posts\/50532","targetHints":{"allow":["GET"]}}],"collection":[{"href":"https:\/\/radiorevelacionfm.cl\/index.php?rest_route=\/wp\/v2\/posts"}],"about":[{"href":"https:\/\/radiorevelacionfm.cl\/index.php?rest_route=\/wp\/v2\/types\/post"}],"author":[{"embeddable":true,"href":"https:\/\/radiorevelacionfm.cl\/index.php?rest_route=\/wp\/v2\/users\/1"}],"replies":[{"embeddable":true,"href":"https:\/\/radiorevelacionfm.cl\/index.php?rest_route=%2Fwp%2Fv2%2Fcomments&post=50532"}],"version-history":[{"count":4,"href":"https:\/\/radiorevelacionfm.cl\/index.php?rest_route=\/wp\/v2\/posts\/50532\/revisions"}],"predecessor-version":[{"id":50541,"href":"https:\/\/radiorevelacionfm.cl\/index.php?rest_route=\/wp\/v2\/posts\/50532\/revisions\/50541"}],"wp:featuredmedia":[{"embeddable":true,"href":"https:\/\/radiorevelacionfm.cl\/index.php?rest_route=\/wp\/v2\/media\/50540"}],"wp:attachment":[{"href":"https:\/\/radiorevelacionfm.cl\/index.php?rest_route=%2Fwp%2Fv2%2Fmedia&parent=50532"}],"wp:term":[{"taxonomy":"category","embeddable":true,"href":"https:\/\/radiorevelacionfm.cl\/index.php?rest_route=%2Fwp%2Fv2%2Fcategories&post=50532"},{"taxonomy":"post_tag","embeddable":true,"href":"https:\/\/radiorevelacionfm.cl\/index.php?rest_route=%2Fwp%2Fv2%2Ftags&post=50532"}],"curies":[{"name":"wp","href":"https:\/\/api.w.org\/{rel}","templated":true}]}}