{"id":50526,"date":"2025-02-12T11:38:54","date_gmt":"2025-02-12T14:38:54","guid":{"rendered":"https:\/\/radiorevelacionfm.cl\/?p=50526"},"modified":"2025-02-12T11:38:54","modified_gmt":"2025-02-12T14:38:54","slug":"mujeres-encabezan-el-empleo-en-cultura-en-fondos-concursables-2025","status":"publish","type":"post","link":"https:\/\/radiorevelacionfm.cl\/?p=50526","title":{"rendered":"Mujeres encabezan el empleo en Cultura en Fondos Concursables 2025"},"content":{"rendered":"<div class=\"flex_column av_one_full  flex_column_div av-zero-column-padding first  avia-builder-el-0  el_before_av_one_full  avia-builder-el-first  \" style='border-radius:0px; '><div  class='avia-image-container  av-styling-    avia-builder-el-1  avia-builder-el-no-sibling  avia-align-center '  itemprop=\"image\" itemscope=\"itemscope\" itemtype=\"https:\/\/schema.org\/ImageObject\"  ><div class='avia-image-container-inner'><div class='avia-image-overlay-wrap'><img decoding=\"async\" class='wp-image-50527 avia-img-lazy-loading-not-50527 avia_image' src=\"https:\/\/radiorevelacionfm.cl\/wp-content\/uploads\/2025\/02\/fondos-mujeres-1_optimized.jpg\" alt='' title='fondos-mujeres-(1)_optimized' height=\"600\" width=\"900\"  itemprop=\"thumbnailUrl\" srcset=\"https:\/\/radiorevelacionfm.cl\/wp-content\/uploads\/2025\/02\/fondos-mujeres-1_optimized.jpg 900w, https:\/\/radiorevelacionfm.cl\/wp-content\/uploads\/2025\/02\/fondos-mujeres-1_optimized-300x200.jpg 300w, https:\/\/radiorevelacionfm.cl\/wp-content\/uploads\/2025\/02\/fondos-mujeres-1_optimized-768x512.jpg 768w, https:\/\/radiorevelacionfm.cl\/wp-content\/uploads\/2025\/02\/fondos-mujeres-1_optimized-705x470.jpg 705w, https:\/\/radiorevelacionfm.cl\/wp-content\/uploads\/2025\/02\/fondos-mujeres-1_optimized-450x300.jpg 450w, https:\/\/radiorevelacionfm.cl\/wp-content\/uploads\/2025\/02\/fondos-mujeres-1_optimized-600x400.jpg 600w\" sizes=\"(max-width: 900px) 100vw, 900px\" \/><\/div><\/div><\/div><\/div><div class=\"flex_column av_one_full  flex_column_div av-zero-column-padding first  avia-builder-el-2  el_after_av_one_full  el_before_av_one_full  column-top-margin\" style='border-radius:0px; '><section class=\"av_textblock_section \"  itemscope=\"itemscope\" itemtype=\"https:\/\/schema.org\/BlogPosting\" itemprop=\"blogPost\" ><div class='avia_textblock  '   itemprop=\"text\" ><p style=\"text-align: center;\"><strong><span style=\"font-size: 18pt;\">Mujeres encabezan el empleo en Cultura en Fondos Concursables 2025<\/span><\/strong><\/p>\n<div id=\"gtx-trans\" style=\"position: absolute; left: -50px; top: 4.31534px;\">\n<div class=\"gtx-trans-icon\"><\/div>\n<\/div>\n<\/div><\/section><\/div><div class=\"flex_column av_one_full  flex_column_div av-zero-column-padding first  avia-builder-el-4  el_after_av_one_full  el_before_av_hr  column-top-margin\" style='border-radius:0px; '><section class=\"av_textblock_section \"  itemscope=\"itemscope\" itemtype=\"https:\/\/schema.org\/BlogPosting\" itemprop=\"blogPost\" ><div class='avia_textblock  '   itemprop=\"text\" ><p style=\"text-align: justify;\">La reciente entrega de los Fondos Cultura 2025, trajo excelentes noticias en materia de g\u00e9nero, ya que casi el 52% de los empleos generados por los proyectos culturales en todo el pa\u00eds ser\u00e1n ocupados por mujeres, lo que reivindica en la pr\u00e1ctica el espacio cultural que han ocupado ellas desde tiempos inmemoriales.<\/p>\n<p style=\"text-align: justify;\">En el caso de Ays\u00e9n, de las 202 plazas de trabajo que crear\u00e1n los 57 proyectos adjudicados, un 64% corresponde a mujeres, muy por encima de la media nacional.<\/p>\n<p style=\"text-align: justify;\">Para la seremi de la Mujer y Equidad de G\u00e9nero Ays\u00e9n, Isidora Gacit\u00faa, \u201cel compromiso que ha asumido nuestro Gobierno, a trav\u00e9s del presidente Gabriel Boric en conjunto con nuestra ministra Antonia Orellana de avanzar en materia de transversalizar la perspectiva de g\u00e9nero a todo el Estado, es fundamental para disminuir las brechas en nuestra regi\u00f3n. Es muy relevante observar los resultados en empleabilidad que han generado los Fondos Cultura 2025 en mujeres, lo que sin duda contribuye a acortar una importante brecha que permite, adem\u00e1s, fortalecer la autonom\u00eda econ\u00f3mica de las mujeres y releva las voces de las mujeres en las culturas, abriendo puertas para inspirar para que ni\u00f1as y mujeres sigan participando de estos espacios\u201d.<\/p>\n<p style=\"text-align: justify;\">Felipe Quiroz, seremi de Culturas Ays\u00e9n, dijo que \u201clograr que nuestra regi\u00f3n se eleve por sobre la media nacional en un \u00e1mbito tan esencial para nuestro Gobierno como la equidad de g\u00e9nero, y hacerlo desde una perspectiva de justicia territorial, es un motivo de profundo orgullo. Nos demuestra que, m\u00e1s all\u00e1 de las distancias y las dificultades que impone nuestro territorio, somos capaces de alcanzar objetivos comunes que transforman realidades. Hoy, las mujeres que sostienen las culturas, las artes y el patrimonio encuentran en este avance un reconocimiento tangible a su trabajo, una se\u00f1al de que el esfuerzo colectivo da frutos y que la equidad no es un anhelo distante, sino un camino que seguimos trazando en conjunto\u201d.<\/p>\n<p style=\"text-align: justify;\">Los Fondos Cultura 2025, adem\u00e1s, focalizaron la descentralizaci\u00f3n, lo que se tradujo en que m\u00e1s de 6.000 trabajadores y trabajadoras vinculados a las 44 l\u00edneas del concurso pertenecen a regiones distintas a la Metropolitana, y alcanzan a un 61,1% del total.<\/p>\n<\/div><\/section><\/div><div  style='height:50px' class='hr hr-invisible   avia-builder-el-6  el_after_av_one_full  el_before_av_social_share '><span class='hr-inner ' ><span class='hr-inner-style'><\/span><\/span><\/div><\/p>\n<div  class='av-social-sharing-box  avia-builder-el-7  el_after_av_hr  el_before_av_hr  '><div class='av-share-box'><h5 class='av-share-link-description av-no-toc '>Compartir esta noticia<\/h5><ul class='av-share-box-list noLightbox'><li class='av-share-link av-social-link-facebook' ><a target=\"_blank\" aria-label=\"Compartir en Facebook\" href='https:\/\/www.facebook.com\/sharer.php?u=https:\/\/radiorevelacionfm.cl\/?p=50526&#038;t=Mujeres%20encabezan%20el%20empleo%20en%20Cultura%20en%20Fondos%20Concursables%202025' aria-hidden='false' data-av_icon='\ue8f3' data-av_iconfont='entypo-fontello' title='' data-avia-related-tooltip='Compartir en Facebook' rel=\"noopener\"><span class='avia_hidden_link_text'>Compartir en Facebook<\/span><\/a><\/li><li class='av-share-link av-social-link-twitter' ><a target=\"_blank\" aria-label=\"Compartir en Twitter\" href='https:\/\/twitter.com\/share?text=Mujeres%20encabezan%20el%20empleo%20en%20Cultura%20en%20Fondos%20Concursables%202025&#038;url=https:\/\/radiorevelacionfm.cl\/?p=50526' aria-hidden='false' data-av_icon='\ue8f1' data-av_iconfont='entypo-fontello' title='' data-avia-related-tooltip='Compartir en Twitter' rel=\"noopener\"><span class='avia_hidden_link_text'>Compartir en Twitter<\/span><\/a><\/li><li class='av-share-link av-social-link-whatsapp' ><a target=\"_blank\" aria-label=\"Compartir en Whatsapp\" href='https:\/\/api.whatsapp.com\/send?text=https:\/\/radiorevelacionfm.cl\/?p=50526' aria-hidden='false' data-av_icon='\uf232' data-av_iconfont='entypo-fontello' title='' data-avia-related-tooltip='Compartir en Whatsapp' rel=\"noopener\"><span class='avia_hidden_link_text'>Compartir en Whatsapp<\/span><\/a><\/li><li class='av-share-link av-social-link-linkedin' ><a target=\"_blank\" aria-label=\"Compartir en LinkedIn\" href='https:\/\/linkedin.com\/shareArticle?mini=true&#038;title=Mujeres%20encabezan%20el%20empleo%20en%20Cultura%20en%20Fondos%20Concursables%202025&#038;url=https:\/\/radiorevelacionfm.cl\/?p=50526' aria-hidden='false' data-av_icon='\ue8fc' data-av_iconfont='entypo-fontello' title='' data-avia-related-tooltip='Compartir en LinkedIn' rel=\"noopener\"><span class='avia_hidden_link_text'>Compartir en LinkedIn<\/span><\/a><\/li><li class='av-share-link av-social-link-mail' ><a  aria-label=\"Compartir por correo\" href='mailto:?subject=Mujeres%20encabezan%20el%20empleo%20en%20Cultura%20en%20Fondos%20Concursables%202025&#038;body=https:\/\/radiorevelacionfm.cl\/?p=50526' aria-hidden='false' data-av_icon='\ue805' data-av_iconfont='entypo-fontello' title='' data-avia-related-tooltip='Compartir por correo'><span class='avia_hidden_link_text'>Compartir por correo<\/span><\/a><\/li><\/ul><\/div><\/div>\n<div  style='height:50px' class='hr hr-invisible   avia-builder-el-8  el_after_av_social_share  el_before_av_comments_list '><span class='hr-inner ' ><span class='hr-inner-style'><\/span><\/span><\/div>\n<div  class='av-buildercomment  av-blog-meta-html-info-disabled av-blog-meta-tag-disabled  '><\/div>\n","protected":false},"excerpt":{"rendered":"","protected":false},"author":1,"featured_media":50527,"comment_status":"open","ping_status":"open","sticky":false,"template":"","format":"standard","meta":{"footnotes":""},"categories":[52],"tags":[],"class_list":["post-50526","post","type-post","status-publish","format-standard","has-post-thumbnail","hentry","category-cultura"],"jetpack_featured_media_url":"https:\/\/radiorevelacionfm.cl\/wp-content\/uploads\/2025\/02\/fondos-mujeres-1_optimized.jpg","_links":{"self":[{"href":"https:\/\/radiorevelacionfm.cl\/index.php?rest_route=\/wp\/v2\/posts\/50526","targetHints":{"allow":["GET"]}}],"collection":[{"href":"https:\/\/radiorevelacionfm.cl\/index.php?rest_route=\/wp\/v2\/posts"}],"about":[{"href":"https:\/\/radiorevelacionfm.cl\/index.php?rest_route=\/wp\/v2\/types\/post"}],"author":[{"embeddable":true,"href":"https:\/\/radiorevelacionfm.cl\/index.php?rest_route=\/wp\/v2\/users\/1"}],"replies":[{"embeddable":true,"href":"https:\/\/radiorevelacionfm.cl\/index.php?rest_route=%2Fwp%2Fv2%2Fcomments&post=50526"}],"version-history":[{"count":1,"href":"https:\/\/radiorevelacionfm.cl\/index.php?rest_route=\/wp\/v2\/posts\/50526\/revisions"}],"predecessor-version":[{"id":50528,"href":"https:\/\/radiorevelacionfm.cl\/index.php?rest_route=\/wp\/v2\/posts\/50526\/revisions\/50528"}],"wp:featuredmedia":[{"embeddable":true,"href":"https:\/\/radiorevelacionfm.cl\/index.php?rest_route=\/wp\/v2\/media\/50527"}],"wp:attachment":[{"href":"https:\/\/radiorevelacionfm.cl\/index.php?rest_route=%2Fwp%2Fv2%2Fmedia&parent=50526"}],"wp:term":[{"taxonomy":"category","embeddable":true,"href":"https:\/\/radiorevelacionfm.cl\/index.php?rest_route=%2Fwp%2Fv2%2Fcategories&post=50526"},{"taxonomy":"post_tag","embeddable":true,"href":"https:\/\/radiorevelacionfm.cl\/index.php?rest_route=%2Fwp%2Fv2%2Ftags&post=50526"}],"curies":[{"name":"wp","href":"https:\/\/api.w.org\/{rel}","templated":true}]}}