{"id":50515,"date":"2025-02-11T18:08:52","date_gmt":"2025-02-11T21:08:52","guid":{"rendered":"https:\/\/radiorevelacionfm.cl\/?p=50515"},"modified":"2025-02-11T18:08:52","modified_gmt":"2025-02-11T21:08:52","slug":"delegacion-municipal-de-islas-huichas-tiene-nueva-administracion","status":"publish","type":"post","link":"https:\/\/radiorevelacionfm.cl\/?p=50515","title":{"rendered":"Delegaci\u00f3n municipal de Islas Huichas tiene nueva administraci\u00f3n"},"content":{"rendered":"<div class=\"flex_column av_one_full  flex_column_div av-zero-column-padding first  avia-builder-el-0  el_before_av_one_full  avia-builder-el-first  \" style='border-radius:0px; '><div  class='avia-image-container  av-styling-    avia-builder-el-1  avia-builder-el-no-sibling  avia-align-center '  itemprop=\"image\" itemscope=\"itemscope\" itemtype=\"https:\/\/schema.org\/ImageObject\"  ><div class='avia-image-container-inner'><div class='avia-image-overlay-wrap'><img decoding=\"async\" class='wp-image-50516 avia-img-lazy-loading-not-50516 avia_image' src=\"https:\/\/radiorevelacionfm.cl\/wp-content\/uploads\/2025\/02\/20250203_131950-1_optimized-1.jpg\" alt='' title='20250203_131950-(1)_optimized (1)' height=\"600\" width=\"1066\"  itemprop=\"thumbnailUrl\" srcset=\"https:\/\/radiorevelacionfm.cl\/wp-content\/uploads\/2025\/02\/20250203_131950-1_optimized-1.jpg 1066w, https:\/\/radiorevelacionfm.cl\/wp-content\/uploads\/2025\/02\/20250203_131950-1_optimized-1-300x169.jpg 300w, https:\/\/radiorevelacionfm.cl\/wp-content\/uploads\/2025\/02\/20250203_131950-1_optimized-1-1030x580.jpg 1030w, https:\/\/radiorevelacionfm.cl\/wp-content\/uploads\/2025\/02\/20250203_131950-1_optimized-1-768x432.jpg 768w, https:\/\/radiorevelacionfm.cl\/wp-content\/uploads\/2025\/02\/20250203_131950-1_optimized-1-705x397.jpg 705w, https:\/\/radiorevelacionfm.cl\/wp-content\/uploads\/2025\/02\/20250203_131950-1_optimized-1-450x253.jpg 450w, https:\/\/radiorevelacionfm.cl\/wp-content\/uploads\/2025\/02\/20250203_131950-1_optimized-1-600x338.jpg 600w\" sizes=\"(max-width: 1066px) 100vw, 1066px\" \/><\/div><\/div><\/div><\/div><div class=\"flex_column av_one_full  flex_column_div av-zero-column-padding first  avia-builder-el-2  el_after_av_one_full  el_before_av_one_full  column-top-margin\" style='border-radius:0px; '><section class=\"av_textblock_section \"  itemscope=\"itemscope\" itemtype=\"https:\/\/schema.org\/BlogPosting\" itemprop=\"blogPost\" ><div class='avia_textblock  '   itemprop=\"text\" ><p style=\"text-align: center;\"><strong><span style=\"font-size: 18pt;\">Delegaci\u00f3n municipal de Islas Huichas tiene nueva administraci\u00f3n<\/span><\/strong><\/p>\n<div id=\"gtx-trans\" style=\"position: absolute; left: -50px; top: 4.31534px;\">\n<div class=\"gtx-trans-icon\"><\/div>\n<\/div>\n<\/div><\/section><\/div><div class=\"flex_column av_one_full  flex_column_div av-zero-column-padding first  avia-builder-el-4  el_after_av_one_full  el_before_av_hr  column-top-margin\" style='border-radius:0px; '><section class=\"av_textblock_section \"  itemscope=\"itemscope\" itemtype=\"https:\/\/schema.org\/BlogPosting\" itemprop=\"blogPost\" ><div class='avia_textblock  '   itemprop=\"text\" ><p style=\"text-align: justify;\">Diego Fuentes ser\u00e1 el nuevo delegado, en conjunto con la antecesora del cargo, Maira Paill\u00e1n, la bibliotecaria Sof\u00eda Matissine y Carlos Fuentes de PRODESAL; ser\u00e1n los encargados de ser la conexi\u00f3n directa entre la isla y el municipio ubicado en Puerto Ays\u00e9n.<\/p>\n<p style=\"text-align: justify;\">En su visita a la localidad isle\u00f1a de Las Huichas, el alcalde Luis Mart\u00ednez, aprovech\u00f3 la oportunidad para presentar a la comunidad al que ser\u00e1 el delegado municipal que \u201cser\u00e1 sus ojos\u201d en la isla y que tendr\u00e1 la responsabilidad de ser la persona a la cual acudir en nombre del alcalde para todos los vecinos de la comunidad insular.<\/p>\n<p style=\"text-align: justify;\">Junto con aquello, en las redes sociales municipales se presentaron a las dem\u00e1s personas que conformar\u00e1n el equipo de la Delegaci\u00f3n, conformado por Maira Paill\u00e1n, la anterior encargada, como funcionaria del Registro Social de Hogares y responsable municipal del Fondo de Intervenci\u00f3n de Apoyo al Desarrollo Infantil, FIADI; y Sof\u00eda Matissine, que seguir\u00e1 ejerciendo como la bibliotecaria de isla.<\/p>\n<p style=\"text-align: justify;\">El nuevo delegado de Las Huichas Diego Fuentes, es trabajador social de profesi\u00f3n, comenz\u00f3 a trabajar en la municipalidad en el albergue y en 2021 tuvo la oportunidad de ejercer en la isla.<\/p>\n<p style=\"text-align: justify;\">Fuentes comenta que estos primeros d\u00edas tiene dos enfoques, \u201cprimeramente apoyar todo lo que son las asistencias sociales, la verdad es que la situaci\u00f3n econ\u00f3mica ac\u00e1 en la isla no se encuentra en las mejores condiciones, es preocupante el estado en el cual se encuentran laboralmente muchas de las familias de las tres localidades. Entonces, desde ya el trabajo es poder paliar cada una de las necesidades inmediatas en lo que respecta a alimentos, apoyo en torno a la construcci\u00f3n de ampliaciones o de edificaciones, las propias casas de cada uno de los habitantes\u201d.<\/p>\n<p style=\"text-align: justify;\">Por otro lado, el delegado hizo hincapi\u00e9 en las intervenciones comunitarias que puedan realizar junto con el equipo que conforman \u00e9l, Maira y Sof\u00eda; en tem\u00e1ticas m\u00e1s culturales y de organizaci\u00f3n del territorio insular.<\/p>\n<p style=\"text-align: justify;\">Por su parte Maira Paill\u00e1n, comenta sobre el trabajo realizado el tiempo que estuvo a cargo de la delegaci\u00f3n, \u201cfue un a\u00f1o de trabajo gratificante para m\u00ed, de alto aprendizaje, porque liderar, no es f\u00e1cil y hay harto trabajo detr\u00e1s, aqu\u00ed en la Delegaci\u00f3n hay muchos programas que son de la municipalidad, entonces estar a cargo y manejar cada uno de ellos, fue complejo, pero a la vez satisfactorio, por lo que creo que se cumpli\u00f3 la misi\u00f3n y se llev\u00f3 a cabo el t\u00e9rmino de ese trabajo de buena forma\u201d.<\/p>\n<p style=\"text-align: justify;\">Ahora, Maira Paill\u00e1n ser\u00e1 la encargada del Registro Social de Hogares en la isla, un trabajo de importancia, al ser este la \u201cpuerta de entrada\u201d a todos los beneficios que dan tanto el estado como la municipalidad y otros entes. Es por aquello, que ella invita a que los vecinos puedan modificar constantemente sus datos, ante cualquier beneficio que podr\u00eda ser de ayuda.<\/p>\n<p style=\"text-align: justify;\">Los horarios de la delegaci\u00f3n municipal son de lunes a jueves entre las 8:15 a 17:30 horas y los viernes de las 8:15 a las 16:30 horas. Mismos tiempos en los que la biblioteca de Las Huichas est\u00e1 habilitada para la atenci\u00f3n al p\u00fablico, este espacio cuenta con m\u00e1s de 2 mil ejemplares con lecturas para todas las edades. Seg\u00fan la bibliotecaria Sof\u00eda Matissine, es un lugar abierto a todo tipo de actividades culturales, actualmente cuentan con aproximadamente 200 usuarios, as\u00ed que incita a los vecinos a que puedan ir para inscribirse y tener todos los beneficios que tiene el lugar.<\/p>\n<\/div><\/section><\/div><div  style='height:50px' class='hr hr-invisible   avia-builder-el-6  el_after_av_one_full  el_before_av_social_share '><span class='hr-inner ' ><span class='hr-inner-style'><\/span><\/span><\/div><\/p>\n<div  class='av-social-sharing-box  avia-builder-el-7  el_after_av_hr  el_before_av_hr  '><div class='av-share-box'><h5 class='av-share-link-description av-no-toc '>Compartir esta noticia<\/h5><ul class='av-share-box-list noLightbox'><li class='av-share-link av-social-link-facebook' ><a target=\"_blank\" aria-label=\"Compartir en Facebook\" href='https:\/\/www.facebook.com\/sharer.php?u=https:\/\/radiorevelacionfm.cl\/?p=50515&#038;t=Delegaci%C3%B3n%20municipal%20de%20Islas%20Huichas%20tiene%20nueva%20administraci%C3%B3n' aria-hidden='false' data-av_icon='\ue8f3' data-av_iconfont='entypo-fontello' title='' data-avia-related-tooltip='Compartir en Facebook' rel=\"noopener\"><span class='avia_hidden_link_text'>Compartir en Facebook<\/span><\/a><\/li><li class='av-share-link av-social-link-twitter' ><a target=\"_blank\" aria-label=\"Compartir en Twitter\" href='https:\/\/twitter.com\/share?text=Delegaci%C3%B3n%20municipal%20de%20Islas%20Huichas%20tiene%20nueva%20administraci%C3%B3n&#038;url=https:\/\/radiorevelacionfm.cl\/?p=50515' aria-hidden='false' data-av_icon='\ue8f1' data-av_iconfont='entypo-fontello' title='' data-avia-related-tooltip='Compartir en Twitter' rel=\"noopener\"><span class='avia_hidden_link_text'>Compartir en Twitter<\/span><\/a><\/li><li class='av-share-link av-social-link-whatsapp' ><a target=\"_blank\" aria-label=\"Compartir en Whatsapp\" href='https:\/\/api.whatsapp.com\/send?text=https:\/\/radiorevelacionfm.cl\/?p=50515' aria-hidden='false' data-av_icon='\uf232' data-av_iconfont='entypo-fontello' title='' data-avia-related-tooltip='Compartir en Whatsapp' rel=\"noopener\"><span class='avia_hidden_link_text'>Compartir en Whatsapp<\/span><\/a><\/li><li class='av-share-link av-social-link-linkedin' ><a target=\"_blank\" aria-label=\"Compartir en LinkedIn\" href='https:\/\/linkedin.com\/shareArticle?mini=true&#038;title=Delegaci%C3%B3n%20municipal%20de%20Islas%20Huichas%20tiene%20nueva%20administraci%C3%B3n&#038;url=https:\/\/radiorevelacionfm.cl\/?p=50515' aria-hidden='false' data-av_icon='\ue8fc' data-av_iconfont='entypo-fontello' title='' data-avia-related-tooltip='Compartir en LinkedIn' rel=\"noopener\"><span class='avia_hidden_link_text'>Compartir en LinkedIn<\/span><\/a><\/li><li class='av-share-link av-social-link-mail' ><a  aria-label=\"Compartir por correo\" href='mailto:?subject=Delegaci%C3%B3n%20municipal%20de%20Islas%20Huichas%20tiene%20nueva%20administraci%C3%B3n&#038;body=https:\/\/radiorevelacionfm.cl\/?p=50515' aria-hidden='false' data-av_icon='\ue805' data-av_iconfont='entypo-fontello' title='' data-avia-related-tooltip='Compartir por correo'><span class='avia_hidden_link_text'>Compartir por correo<\/span><\/a><\/li><\/ul><\/div><\/div>\n<div  style='height:50px' class='hr hr-invisible   avia-builder-el-8  el_after_av_social_share  el_before_av_comments_list '><span class='hr-inner ' ><span class='hr-inner-style'><\/span><\/span><\/div>\n<div  class='av-buildercomment  av-blog-meta-html-info-disabled av-blog-meta-tag-disabled  '><\/div>\n","protected":false},"excerpt":{"rendered":"","protected":false},"author":1,"featured_media":50516,"comment_status":"open","ping_status":"open","sticky":false,"template":"","format":"standard","meta":{"footnotes":""},"categories":[38],"tags":[],"class_list":["post-50515","post","type-post","status-publish","format-standard","has-post-thumbnail","hentry","category-regional"],"jetpack_featured_media_url":"https:\/\/radiorevelacionfm.cl\/wp-content\/uploads\/2025\/02\/20250203_131950-1_optimized-1.jpg","_links":{"self":[{"href":"https:\/\/radiorevelacionfm.cl\/index.php?rest_route=\/wp\/v2\/posts\/50515","targetHints":{"allow":["GET"]}}],"collection":[{"href":"https:\/\/radiorevelacionfm.cl\/index.php?rest_route=\/wp\/v2\/posts"}],"about":[{"href":"https:\/\/radiorevelacionfm.cl\/index.php?rest_route=\/wp\/v2\/types\/post"}],"author":[{"embeddable":true,"href":"https:\/\/radiorevelacionfm.cl\/index.php?rest_route=\/wp\/v2\/users\/1"}],"replies":[{"embeddable":true,"href":"https:\/\/radiorevelacionfm.cl\/index.php?rest_route=%2Fwp%2Fv2%2Fcomments&post=50515"}],"version-history":[{"count":1,"href":"https:\/\/radiorevelacionfm.cl\/index.php?rest_route=\/wp\/v2\/posts\/50515\/revisions"}],"predecessor-version":[{"id":50517,"href":"https:\/\/radiorevelacionfm.cl\/index.php?rest_route=\/wp\/v2\/posts\/50515\/revisions\/50517"}],"wp:featuredmedia":[{"embeddable":true,"href":"https:\/\/radiorevelacionfm.cl\/index.php?rest_route=\/wp\/v2\/media\/50516"}],"wp:attachment":[{"href":"https:\/\/radiorevelacionfm.cl\/index.php?rest_route=%2Fwp%2Fv2%2Fmedia&parent=50515"}],"wp:term":[{"taxonomy":"category","embeddable":true,"href":"https:\/\/radiorevelacionfm.cl\/index.php?rest_route=%2Fwp%2Fv2%2Fcategories&post=50515"},{"taxonomy":"post_tag","embeddable":true,"href":"https:\/\/radiorevelacionfm.cl\/index.php?rest_route=%2Fwp%2Fv2%2Ftags&post=50515"}],"curies":[{"name":"wp","href":"https:\/\/api.w.org\/{rel}","templated":true}]}}