{"id":50512,"date":"2025-02-12T10:09:02","date_gmt":"2025-02-12T13:09:02","guid":{"rendered":"https:\/\/radiorevelacionfm.cl\/?p=50512"},"modified":"2025-02-12T10:09:02","modified_gmt":"2025-02-12T13:09:02","slug":"gabinete-economico-sectorial-sesiono-en-puerto-aysen","status":"publish","type":"post","link":"https:\/\/radiorevelacionfm.cl\/?p=50512","title":{"rendered":"Gabinete econ\u00f3mico sectorial, sesion\u00f3 en Puerto Ays\u00e9n"},"content":{"rendered":"<div class=\"flex_column av_one_full  flex_column_div av-zero-column-padding first  avia-builder-el-0  el_before_av_one_full  avia-builder-el-first  \" style='border-radius:0px; '><div  class='avia-image-container  av-styling-    avia-builder-el-1  avia-builder-el-no-sibling  avia-align-center '  itemprop=\"image\" itemscope=\"itemscope\" itemtype=\"https:\/\/schema.org\/ImageObject\"  ><div class='avia-image-container-inner'><div class='avia-image-overlay-wrap'><img decoding=\"async\" class='wp-image-50513 avia-img-lazy-loading-not-50513 avia_image' src=\"https:\/\/radiorevelacionfm.cl\/wp-content\/uploads\/2025\/02\/dpp-1_optimized.jpg\" alt='' title='dpp-(1)_optimized' height=\"600\" width=\"1067\"  itemprop=\"thumbnailUrl\" srcset=\"https:\/\/radiorevelacionfm.cl\/wp-content\/uploads\/2025\/02\/dpp-1_optimized.jpg 1067w, https:\/\/radiorevelacionfm.cl\/wp-content\/uploads\/2025\/02\/dpp-1_optimized-300x169.jpg 300w, https:\/\/radiorevelacionfm.cl\/wp-content\/uploads\/2025\/02\/dpp-1_optimized-1030x579.jpg 1030w, https:\/\/radiorevelacionfm.cl\/wp-content\/uploads\/2025\/02\/dpp-1_optimized-768x432.jpg 768w, https:\/\/radiorevelacionfm.cl\/wp-content\/uploads\/2025\/02\/dpp-1_optimized-705x396.jpg 705w, https:\/\/radiorevelacionfm.cl\/wp-content\/uploads\/2025\/02\/dpp-1_optimized-450x253.jpg 450w, https:\/\/radiorevelacionfm.cl\/wp-content\/uploads\/2025\/02\/dpp-1_optimized-600x337.jpg 600w\" sizes=\"(max-width: 1067px) 100vw, 1067px\" \/><\/div><\/div><\/div><\/div><div class=\"flex_column av_one_full  flex_column_div av-zero-column-padding first  avia-builder-el-2  el_after_av_one_full  el_before_av_one_full  column-top-margin\" style='border-radius:0px; '><section class=\"av_textblock_section \"  itemscope=\"itemscope\" itemtype=\"https:\/\/schema.org\/BlogPosting\" itemprop=\"blogPost\" ><div class='avia_textblock  '   itemprop=\"text\" ><p style=\"text-align: center;\"><strong><span style=\"font-size: 18pt;\">Gabinete econ\u00f3mico sectorial, sesion\u00f3 en Puerto Ays\u00e9n<\/span><\/strong><\/p>\n<div id=\"gtx-trans\" style=\"position: absolute; left: -50px; top: 4.31534px;\">\n<div class=\"gtx-trans-icon\"><\/div>\n<\/div>\n<\/div><\/section><\/div><div class=\"flex_column av_one_full  flex_column_div av-zero-column-padding first  avia-builder-el-4  el_after_av_one_full  el_before_av_hr  column-top-margin\" style='border-radius:0px; '><section class=\"av_textblock_section \"  itemscope=\"itemscope\" itemtype=\"https:\/\/schema.org\/BlogPosting\" itemprop=\"blogPost\" ><div class='avia_textblock  '   itemprop=\"text\" ><p style=\"text-align: justify;\"><em>Con el objetivo de coordinar y agilizar las diversas acciones programadas por los organismos dependientes del Ministerio de Econom\u00eda en nuestro territorio, sesion\u00f3 en Puerto Ays\u00e9n el Gabinete Econ\u00f3mico Sectorial, para entregar al Delegado Provincial de Ays\u00e9n, el detalle de las diversas acciones que organismos tales como; Sernatur, Corfo, Sercotec, Superir, Subpesca e Indespa, desarrollar\u00e1n en la Provincia de Ays\u00e9n.<\/em><\/p>\n<p style=\"text-align: justify;\">Pensar en el desarrollo mirando hacia el litoral, fue la premisa del Seremi de Econom\u00eda, Fomento y Turismo; Felipe Rojas Pizarro, para llevar a cabo el primer Gabinete Econ\u00f3mico Sectorial de este 2025 en la ciudad de Puerto Ays\u00e9n. En esta iniciativa, confluyeron los diversos organismos dependientes del Ministerio de Econom\u00eda, con el fin de detallar las acciones a realizar durante este a\u00f1o al Delegado Presidencial Provincial; Rodrigo Moreno Rivera, para articular esfuerzos con DPP y promover los diversos instrumentos de fomento productivo disponibles, para continuar el trabajo realizado en torno a la reactivaci\u00f3n econ\u00f3mica y el desarrollo de la Provincia de Ays\u00e9n.<\/p>\n<p style=\"text-align: justify;\">Al respecto el Seremi de Econom\u00eda; Felipe Rojas manifest\u00f3 que; \u201cDesde la Seremi de Econom\u00eda\ufe0f, Fomento y Turismo, hemos desarrollado un fuerte trabajo con los empresarios y emprendedores del litoral de Ays\u00e9n. Es por esta raz\u00f3n que realizamos el primer Gabinete Econ\u00f3mico Sectorial del 2025 en la provincia de Ays\u00e9n, junto con el Delegado Presidencial Provincial; Rodrigo Moreno, donde distintas instituciones entre ellas; Corfo, Sercotec y Sernatur presentaron sus iniciativas en la perspectiva de fortalecer al sector privado, colaborar con el Gobierno Regional y evidentemente fomentar la actividad productiva de la Regi\u00f3n de Ays\u00e9n y pensando en el desarrollo del litoral\u201d.<\/p>\n<p style=\"text-align: justify;\">En esta instancia multisectorial que cont\u00f3 con Directoras y Directores, participaron; el Seremi de Econom\u00eda; Felipe Rojas, Delegado Presidencial Provincial; Rodrigo Moreno, Directora Sercotec Ays\u00e9n; Nelly Vargas, Directora Sernapesca Ays\u00e9n; Daniela Leiva, Director Zonal de Pesca; Blas Quiroga, la representante regional de Indespa; Andrea Paillacar, el Director de Sernatur Ays\u00e9n; Claudio Montecinos, Director (s) Corfo Ays\u00e9n; Fernando Johnson y el representante regional de Superir; Ismael Gonz\u00e1lez, quienes presentaron su planificaci\u00f3n y recursos asignados, para avanzar en las diversas iniciativas que tendr\u00e1n un importante impacto econ\u00f3mico en la Provincia de Ays\u00e9n.<\/p>\n<p style=\"text-align: justify;\">Por su parte, el Delegado Presidencial Provincial de Ays\u00e9n, Rodrigo Moreno Rivera, relev\u00f3 la gravitancia de acciones como el Gabinete Econ\u00f3mico Sectorial: \u00abEs muy importante avanzar en temas econ\u00f3micos de forma articulada para continuar expandiendo nuestra provincia. Esta semana realizamos el Gabinete Econ\u00f3mico Sectorial, donde logramos aunar criterios de gesti\u00f3n, acci\u00f3n y coordinaci\u00f3n para poder alcanzar mejores \u00edndices para este a\u00f1o. Sabemos que la econom\u00eda debemos dinamizarla y darle relevancia a lo que tenemos a nivel cultural, patrimonial, tur\u00edstico en nuestra provincia de Ays\u00e9n, as\u00ed que seguiremos trabajando en conjunto al Seremi de Econom\u00eda y las instituciones comprometidas en esta causa\u201d.<\/p>\n<p style=\"text-align: justify;\">En esta sesi\u00f3n del Gabinete Econ\u00f3mico, se profundiz\u00f3 en el Comit\u00e9 de Desarrollo Productivo, el Programa Territorial Integrado (PTI) que en esta ocasi\u00f3n estar\u00e1 enfocado directamente en los proveedores de la industria del salm\u00f3n. Introducci\u00f3n del Plan de Desarrollo del Litoral de Ays\u00e9n, como as\u00ed tambi\u00e9n una revisi\u00f3n al programa de difusi\u00f3n y promoci\u00f3n tur\u00edstica de Sernatur, que cuenta con financiamiento del Gobierno Regional de Ays\u00e9n. Adem\u00e1s, se present\u00f3 el programa \u201cTurismo Familiar\u201d, el que para este a\u00f1o se realizar\u00e1 en Puerto Ays\u00e9n y ser\u00e1 llevado a cabo por empresas locales. Estos Gabinetes se realizar\u00e1n regularmente para coordinar las iniciativas que llevan adelante diversos servicios, junto al sector privado y el Gobierno Regional, replic\u00e1ndose en el resto de las provincias.<\/p>\n<\/div><\/section><\/div><div  style='height:50px' class='hr hr-invisible   avia-builder-el-6  el_after_av_one_full  el_before_av_social_share '><span class='hr-inner ' ><span class='hr-inner-style'><\/span><\/span><\/div><\/p>\n<div  class='av-social-sharing-box  avia-builder-el-7  el_after_av_hr  el_before_av_hr  '><div class='av-share-box'><h5 class='av-share-link-description av-no-toc '>Compartir esta noticia<\/h5><ul class='av-share-box-list noLightbox'><li class='av-share-link av-social-link-facebook' ><a target=\"_blank\" aria-label=\"Compartir en Facebook\" href='https:\/\/www.facebook.com\/sharer.php?u=https:\/\/radiorevelacionfm.cl\/?p=50512&#038;t=Gabinete%20econ%C3%B3mico%20sectorial%2C%20sesion%C3%B3%20en%20Puerto%20Ays%C3%A9n' aria-hidden='false' data-av_icon='\ue8f3' data-av_iconfont='entypo-fontello' title='' data-avia-related-tooltip='Compartir en Facebook' rel=\"noopener\"><span class='avia_hidden_link_text'>Compartir en Facebook<\/span><\/a><\/li><li class='av-share-link av-social-link-twitter' ><a target=\"_blank\" aria-label=\"Compartir en Twitter\" href='https:\/\/twitter.com\/share?text=Gabinete%20econ%C3%B3mico%20sectorial%2C%20sesion%C3%B3%20en%20Puerto%20Ays%C3%A9n&#038;url=https:\/\/radiorevelacionfm.cl\/?p=50512' aria-hidden='false' data-av_icon='\ue8f1' data-av_iconfont='entypo-fontello' title='' data-avia-related-tooltip='Compartir en Twitter' rel=\"noopener\"><span class='avia_hidden_link_text'>Compartir en Twitter<\/span><\/a><\/li><li class='av-share-link av-social-link-whatsapp' ><a target=\"_blank\" aria-label=\"Compartir en Whatsapp\" href='https:\/\/api.whatsapp.com\/send?text=https:\/\/radiorevelacionfm.cl\/?p=50512' aria-hidden='false' data-av_icon='\uf232' data-av_iconfont='entypo-fontello' title='' data-avia-related-tooltip='Compartir en Whatsapp' rel=\"noopener\"><span class='avia_hidden_link_text'>Compartir en Whatsapp<\/span><\/a><\/li><li class='av-share-link av-social-link-linkedin' ><a target=\"_blank\" aria-label=\"Compartir en LinkedIn\" href='https:\/\/linkedin.com\/shareArticle?mini=true&#038;title=Gabinete%20econ%C3%B3mico%20sectorial%2C%20sesion%C3%B3%20en%20Puerto%20Ays%C3%A9n&#038;url=https:\/\/radiorevelacionfm.cl\/?p=50512' aria-hidden='false' data-av_icon='\ue8fc' data-av_iconfont='entypo-fontello' title='' data-avia-related-tooltip='Compartir en LinkedIn' rel=\"noopener\"><span class='avia_hidden_link_text'>Compartir en LinkedIn<\/span><\/a><\/li><li class='av-share-link av-social-link-mail' ><a  aria-label=\"Compartir por correo\" href='mailto:?subject=Gabinete%20econ%C3%B3mico%20sectorial%2C%20sesion%C3%B3%20en%20Puerto%20Ays%C3%A9n&#038;body=https:\/\/radiorevelacionfm.cl\/?p=50512' aria-hidden='false' data-av_icon='\ue805' data-av_iconfont='entypo-fontello' title='' data-avia-related-tooltip='Compartir por correo'><span class='avia_hidden_link_text'>Compartir por correo<\/span><\/a><\/li><\/ul><\/div><\/div>\n<div  style='height:50px' class='hr hr-invisible   avia-builder-el-8  el_after_av_social_share  el_before_av_comments_list '><span class='hr-inner ' ><span class='hr-inner-style'><\/span><\/span><\/div>\n<div  class='av-buildercomment  av-blog-meta-html-info-disabled av-blog-meta-tag-disabled  '><\/div>\n","protected":false},"excerpt":{"rendered":"","protected":false},"author":1,"featured_media":50513,"comment_status":"open","ping_status":"open","sticky":false,"template":"","format":"standard","meta":{"footnotes":""},"categories":[38],"tags":[],"class_list":["post-50512","post","type-post","status-publish","format-standard","has-post-thumbnail","hentry","category-regional"],"jetpack_featured_media_url":"https:\/\/radiorevelacionfm.cl\/wp-content\/uploads\/2025\/02\/dpp-1_optimized.jpg","_links":{"self":[{"href":"https:\/\/radiorevelacionfm.cl\/index.php?rest_route=\/wp\/v2\/posts\/50512","targetHints":{"allow":["GET"]}}],"collection":[{"href":"https:\/\/radiorevelacionfm.cl\/index.php?rest_route=\/wp\/v2\/posts"}],"about":[{"href":"https:\/\/radiorevelacionfm.cl\/index.php?rest_route=\/wp\/v2\/types\/post"}],"author":[{"embeddable":true,"href":"https:\/\/radiorevelacionfm.cl\/index.php?rest_route=\/wp\/v2\/users\/1"}],"replies":[{"embeddable":true,"href":"https:\/\/radiorevelacionfm.cl\/index.php?rest_route=%2Fwp%2Fv2%2Fcomments&post=50512"}],"version-history":[{"count":1,"href":"https:\/\/radiorevelacionfm.cl\/index.php?rest_route=\/wp\/v2\/posts\/50512\/revisions"}],"predecessor-version":[{"id":50514,"href":"https:\/\/radiorevelacionfm.cl\/index.php?rest_route=\/wp\/v2\/posts\/50512\/revisions\/50514"}],"wp:featuredmedia":[{"embeddable":true,"href":"https:\/\/radiorevelacionfm.cl\/index.php?rest_route=\/wp\/v2\/media\/50513"}],"wp:attachment":[{"href":"https:\/\/radiorevelacionfm.cl\/index.php?rest_route=%2Fwp%2Fv2%2Fmedia&parent=50512"}],"wp:term":[{"taxonomy":"category","embeddable":true,"href":"https:\/\/radiorevelacionfm.cl\/index.php?rest_route=%2Fwp%2Fv2%2Fcategories&post=50512"},{"taxonomy":"post_tag","embeddable":true,"href":"https:\/\/radiorevelacionfm.cl\/index.php?rest_route=%2Fwp%2Fv2%2Ftags&post=50512"}],"curies":[{"name":"wp","href":"https:\/\/api.w.org\/{rel}","templated":true}]}}