{"id":50509,"date":"2025-02-11T15:17:13","date_gmt":"2025-02-11T18:17:13","guid":{"rendered":"https:\/\/radiorevelacionfm.cl\/?p=50509"},"modified":"2025-02-11T15:17:13","modified_gmt":"2025-02-11T18:17:13","slug":"nuevas-rutas-subvencionadas-de-transporte-beneficiaran-a-habitantes-de-chacabuco-y-puerto-tranquilo","status":"publish","type":"post","link":"https:\/\/radiorevelacionfm.cl\/?p=50509","title":{"rendered":"Nuevas rutas subvencionadas de transporte beneficiar\u00e1n a habitantes de Chacabuco y Puerto Tranquilo"},"content":{"rendered":"<div class=\"flex_column av_one_full  flex_column_div av-zero-column-padding first  avia-builder-el-0  el_before_av_one_full  avia-builder-el-first  \" style='border-radius:0px; '><div  class='avia-image-container  av-styling-    avia-builder-el-1  avia-builder-el-no-sibling  avia-align-center '  itemprop=\"image\" itemscope=\"itemscope\" itemtype=\"https:\/\/schema.org\/ImageObject\"  ><div class='avia-image-container-inner'><div class='avia-image-overlay-wrap'><img decoding=\"async\" class='wp-image-50510 avia-img-lazy-loading-not-50510 avia_image' src=\"https:\/\/radiorevelacionfm.cl\/wp-content\/uploads\/2025\/02\/tranquilo-chacabuco-ok_optimized.jpg\" alt='' title='tranquilo - -chacabuco-(ok)_optimized' height=\"980\" width=\"801\"  itemprop=\"thumbnailUrl\" srcset=\"https:\/\/radiorevelacionfm.cl\/wp-content\/uploads\/2025\/02\/tranquilo-chacabuco-ok_optimized.jpg 801w, https:\/\/radiorevelacionfm.cl\/wp-content\/uploads\/2025\/02\/tranquilo-chacabuco-ok_optimized-245x300.jpg 245w, https:\/\/radiorevelacionfm.cl\/wp-content\/uploads\/2025\/02\/tranquilo-chacabuco-ok_optimized-768x940.jpg 768w, https:\/\/radiorevelacionfm.cl\/wp-content\/uploads\/2025\/02\/tranquilo-chacabuco-ok_optimized-576x705.jpg 576w, https:\/\/radiorevelacionfm.cl\/wp-content\/uploads\/2025\/02\/tranquilo-chacabuco-ok_optimized-450x551.jpg 450w, https:\/\/radiorevelacionfm.cl\/wp-content\/uploads\/2025\/02\/tranquilo-chacabuco-ok_optimized-600x734.jpg 600w\" sizes=\"(max-width: 801px) 100vw, 801px\" \/><\/div><\/div><\/div><\/div><div class=\"flex_column av_one_full  flex_column_div av-zero-column-padding first  avia-builder-el-2  el_after_av_one_full  el_before_av_one_full  column-top-margin\" style='border-radius:0px; '><section class=\"av_textblock_section \"  itemscope=\"itemscope\" itemtype=\"https:\/\/schema.org\/BlogPosting\" itemprop=\"blogPost\" ><div class='avia_textblock  '   itemprop=\"text\" ><p style=\"text-align: center;\"><span style=\"font-size: 18pt;\"><b>Nuevas rutas subvencionadas de transporte beneficiar\u00e1n a habitantes de Chacabuco y Puerto Tranquilo<\/b><\/span><\/p>\n<div id=\"gtx-trans\" style=\"position: absolute; left: -50px; top: 4.31534px;\">\n<div class=\"gtx-trans-icon\"><\/div>\n<\/div>\n<\/div><\/section><\/div><div class=\"flex_column av_one_full  flex_column_div av-zero-column-padding first  avia-builder-el-4  el_after_av_one_full  el_before_av_hr  column-top-margin\" style='border-radius:0px; '><section class=\"av_textblock_section \"  itemscope=\"itemscope\" itemtype=\"https:\/\/schema.org\/BlogPosting\" itemprop=\"blogPost\" ><div class='avia_textblock  '   itemprop=\"text\" ><p style=\"font-weight: 400; text-align: justify;\">Proceso de licitaci\u00f3n se encuentra abierto hasta el 20 de febrero y sus bases fueron consensuadas con ambas comunidades a trav\u00e9s de instancias de participaci\u00f3n de la seremiTT.<\/p>\n<p style=\"font-weight: 400; text-align: justify;\">Con llamados a licitaci\u00f3n del ministerio de Transportes y Telecomunicaciones (MTT) se podr\u00e1n establecer dos nuevas rutas de transportes: Puerto Chacabuco \u2013 Puerto Ays\u00e9n y Puerto Tranquilo \u2013 Coyhaique. En ambos casos, la seremiTT llev\u00f3 a cabo procesos de participaci\u00f3n ciudadana que lograron configurar las caracter\u00edsticas del servicio para resolver las necesidades de ambas localidades.<\/p>\n<p style=\"font-weight: 400; text-align: justify;\">Para Puerto Chacabuco, el dise\u00f1o de licitaci\u00f3n contempla un esquema de frecuencias y horarios fijos, que permitan dar m\u00e1s seguridad a usuarias y usuarios. De lunes a viernes con 14 viajes ida y vuelta, distribuidos entre las 06:30 hrs y las 21:30 hrs. Los d\u00edas s\u00e1bado y domingo, el transporte realizar\u00e1 6 y 4 frecuencias, respectivamente. En tanto, para Puerto Tranquilo, una de las principales solicitudes se dio en torno a las tarifas, y que mediante la subvenci\u00f3n alcanzar\u00e1 a un monto de 8 mil pesos hasta Coyhaique.<\/p>\n<p style=\"font-weight: 400; text-align: justify;\">El seremiTT Hans Zimmermann, se mostr\u00f3 muy satisfecho por esta gesti\u00f3n, que permitir\u00e1 fortalecer la red de subsidios en la regi\u00f3n de Ays\u00e9n. \u201cSin duda que estos dos nuevos servicios nos permiten reforzar la conectividad en la regi\u00f3n de Ays\u00e9n y son muestras del compromiso del gobierno del presidente Gabriel Boric con la conectividad de las zonas aisladas de nuestro pa\u00eds. Queremos invitar a los transportistas de nuestra regi\u00f3n as\u00ed como del resto de las zonas del pa\u00eds a participar en el proceso, que est\u00e1 disponible en el sitio web\u00a0<a href=\"http:\/\/www.dtpr.gob.cl\/\" data-saferedirecturl=\"https:\/\/www.google.com\/url?q=http:\/\/www.dtpr.gob.cl&amp;source=gmail&amp;ust=1739382802529000&amp;usg=AOvVaw1lVpY2np4BbpiTmRIrulFq\">www.dtpr.gob.cl<\/a>\u00a0y que est\u00e1 abierto hasta el d\u00eda 20 de febrero\u201d, inform\u00f3.<\/p>\n<p style=\"font-weight: 400; text-align: justify;\">Desde ambas localidades se ha valorado muy positivamente este trabajo que beneficiar\u00e1 a sus habitantes y mejorar\u00e1 su calidad de vida. La dirigenta vecinal de Puerto Chacabuco, Marina Carim\u00e1n declar\u00f3: \u201cHoy tuve el privilegio de recibir una excelente noticia. Por fin sali\u00f3 la licitaci\u00f3n de los subsidios de transporte. As\u00ed que feliz, porque este fue un trabajo, una lucha que llevamos por mucho tiempo como comunidad, con los dirigentes y vecinos en general. As\u00ed que feliz con estos nuevos buses. No solamente se va a favorecer la gente local, sino que la gente de Ays\u00e9n, alrededores, turismo, habitantes flotantes. Todos, todos nos vamos a favorecer con nuestros nuevos buses, nuestros nuevos transportes. Este es un paso, un gran paso, por as\u00ed decirlo. As\u00ed que ojal\u00e1 ahora haya gente interesada, a postular a estos nuevos transportes\u201d.<\/p>\n<p style=\"font-weight: 400; text-align: justify;\">El presidente de la junta vecinal de Puerto Tranquilo, Guido Jaramillo agreg\u00f3: \u201cestamos muy contentos por el llamado a licitaci\u00f3n del subsidio al transporte terrestre desde R\u00edo Tranquilo a Coyhaique. Esta es una necesidad que por muchos a\u00f1os se ven\u00eda planteando y que hoy d\u00eda ha sido acogida por el Ministerio del Transporte. Lo cual traer\u00e1 importantes beneficios para todos los vecinos, especialmente para los adultos mayores por el alto costo que tiene el pasaje desde nuestra localidad a Coyhaique. Seguiremos trabajando como Junta de Vecinos para obtener los mejores beneficios para nuestros asociados\u201d.<\/p>\n<\/div><\/section><\/div><div  style='height:50px' class='hr hr-invisible   avia-builder-el-6  el_after_av_one_full  el_before_av_social_share '><span class='hr-inner ' ><span class='hr-inner-style'><\/span><\/span><\/div><\/p>\n<div  class='av-social-sharing-box  avia-builder-el-7  el_after_av_hr  el_before_av_hr  '><div class='av-share-box'><h5 class='av-share-link-description av-no-toc '>Compartir esta noticia<\/h5><ul class='av-share-box-list noLightbox'><li class='av-share-link av-social-link-facebook' ><a target=\"_blank\" aria-label=\"Compartir en Facebook\" href='https:\/\/www.facebook.com\/sharer.php?u=https:\/\/radiorevelacionfm.cl\/?p=50509&#038;t=Nuevas%20rutas%20subvencionadas%20de%20transporte%20beneficiar%C3%A1n%20a%20habitantes%20de%20Chacabuco%20y%20Puerto%20Tranquilo' aria-hidden='false' data-av_icon='\ue8f3' data-av_iconfont='entypo-fontello' title='' data-avia-related-tooltip='Compartir en Facebook' rel=\"noopener\"><span class='avia_hidden_link_text'>Compartir en Facebook<\/span><\/a><\/li><li class='av-share-link av-social-link-twitter' ><a target=\"_blank\" aria-label=\"Compartir en Twitter\" href='https:\/\/twitter.com\/share?text=Nuevas%20rutas%20subvencionadas%20de%20transporte%20beneficiar%C3%A1n%20a%20habitantes%20de%20Chacabuco%20y%20Puerto%20Tranquilo&#038;url=https:\/\/radiorevelacionfm.cl\/?p=50509' aria-hidden='false' data-av_icon='\ue8f1' data-av_iconfont='entypo-fontello' title='' data-avia-related-tooltip='Compartir en Twitter' rel=\"noopener\"><span class='avia_hidden_link_text'>Compartir en Twitter<\/span><\/a><\/li><li class='av-share-link av-social-link-whatsapp' ><a target=\"_blank\" aria-label=\"Compartir en Whatsapp\" href='https:\/\/api.whatsapp.com\/send?text=https:\/\/radiorevelacionfm.cl\/?p=50509' aria-hidden='false' data-av_icon='\uf232' data-av_iconfont='entypo-fontello' title='' data-avia-related-tooltip='Compartir en Whatsapp' rel=\"noopener\"><span class='avia_hidden_link_text'>Compartir en Whatsapp<\/span><\/a><\/li><li class='av-share-link av-social-link-linkedin' ><a target=\"_blank\" aria-label=\"Compartir en LinkedIn\" href='https:\/\/linkedin.com\/shareArticle?mini=true&#038;title=Nuevas%20rutas%20subvencionadas%20de%20transporte%20beneficiar%C3%A1n%20a%20habitantes%20de%20Chacabuco%20y%20Puerto%20Tranquilo&#038;url=https:\/\/radiorevelacionfm.cl\/?p=50509' aria-hidden='false' data-av_icon='\ue8fc' data-av_iconfont='entypo-fontello' title='' data-avia-related-tooltip='Compartir en LinkedIn' rel=\"noopener\"><span class='avia_hidden_link_text'>Compartir en LinkedIn<\/span><\/a><\/li><li class='av-share-link av-social-link-mail' ><a  aria-label=\"Compartir por correo\" href='mailto:?subject=Nuevas%20rutas%20subvencionadas%20de%20transporte%20beneficiar%C3%A1n%20a%20habitantes%20de%20Chacabuco%20y%20Puerto%20Tranquilo&#038;body=https:\/\/radiorevelacionfm.cl\/?p=50509' aria-hidden='false' data-av_icon='\ue805' data-av_iconfont='entypo-fontello' title='' data-avia-related-tooltip='Compartir por correo'><span class='avia_hidden_link_text'>Compartir por correo<\/span><\/a><\/li><\/ul><\/div><\/div>\n<div  style='height:50px' class='hr hr-invisible   avia-builder-el-8  el_after_av_social_share  el_before_av_comments_list '><span class='hr-inner ' ><span class='hr-inner-style'><\/span><\/span><\/div>\n<div  class='av-buildercomment  av-blog-meta-html-info-disabled av-blog-meta-tag-disabled  '><\/div>\n","protected":false},"excerpt":{"rendered":"","protected":false},"author":1,"featured_media":50510,"comment_status":"open","ping_status":"open","sticky":false,"template":"","format":"standard","meta":{"footnotes":""},"categories":[59],"tags":[],"class_list":["post-50509","post","type-post","status-publish","format-standard","has-post-thumbnail","hentry","category-transporte"],"jetpack_featured_media_url":"https:\/\/radiorevelacionfm.cl\/wp-content\/uploads\/2025\/02\/tranquilo-chacabuco-ok_optimized.jpg","_links":{"self":[{"href":"https:\/\/radiorevelacionfm.cl\/index.php?rest_route=\/wp\/v2\/posts\/50509","targetHints":{"allow":["GET"]}}],"collection":[{"href":"https:\/\/radiorevelacionfm.cl\/index.php?rest_route=\/wp\/v2\/posts"}],"about":[{"href":"https:\/\/radiorevelacionfm.cl\/index.php?rest_route=\/wp\/v2\/types\/post"}],"author":[{"embeddable":true,"href":"https:\/\/radiorevelacionfm.cl\/index.php?rest_route=\/wp\/v2\/users\/1"}],"replies":[{"embeddable":true,"href":"https:\/\/radiorevelacionfm.cl\/index.php?rest_route=%2Fwp%2Fv2%2Fcomments&post=50509"}],"version-history":[{"count":1,"href":"https:\/\/radiorevelacionfm.cl\/index.php?rest_route=\/wp\/v2\/posts\/50509\/revisions"}],"predecessor-version":[{"id":50511,"href":"https:\/\/radiorevelacionfm.cl\/index.php?rest_route=\/wp\/v2\/posts\/50509\/revisions\/50511"}],"wp:featuredmedia":[{"embeddable":true,"href":"https:\/\/radiorevelacionfm.cl\/index.php?rest_route=\/wp\/v2\/media\/50510"}],"wp:attachment":[{"href":"https:\/\/radiorevelacionfm.cl\/index.php?rest_route=%2Fwp%2Fv2%2Fmedia&parent=50509"}],"wp:term":[{"taxonomy":"category","embeddable":true,"href":"https:\/\/radiorevelacionfm.cl\/index.php?rest_route=%2Fwp%2Fv2%2Fcategories&post=50509"},{"taxonomy":"post_tag","embeddable":true,"href":"https:\/\/radiorevelacionfm.cl\/index.php?rest_route=%2Fwp%2Fv2%2Ftags&post=50509"}],"curies":[{"name":"wp","href":"https:\/\/api.w.org\/{rel}","templated":true}]}}