{"id":50500,"date":"2025-02-11T21:07:03","date_gmt":"2025-02-12T00:07:03","guid":{"rendered":"https:\/\/radiorevelacionfm.cl\/?p=50500"},"modified":"2025-02-11T21:07:03","modified_gmt":"2025-02-12T00:07:03","slug":"reajuste-al-salario-minimo-el-monto-a-partir-de-enero-es-de-510-636","status":"publish","type":"post","link":"https:\/\/radiorevelacionfm.cl\/?p=50500","title":{"rendered":"Reajuste al Salario M\u00ednimo: el monto a partir de enero es de $510.636"},"content":{"rendered":"<div class=\"flex_column av_one_full  flex_column_div av-zero-column-padding first  avia-builder-el-0  el_before_av_one_full  avia-builder-el-first  \" style='border-radius:0px; '><div  class='avia-image-container  av-styling-    avia-builder-el-1  avia-builder-el-no-sibling  avia-align-center '  itemprop=\"image\" itemscope=\"itemscope\" itemtype=\"https:\/\/schema.org\/ImageObject\"  ><div class='avia-image-container-inner'><div class='avia-image-overlay-wrap'><img decoding=\"async\" class='wp-image-50501 avia-img-lazy-loading-not-50501 avia_image' src=\"https:\/\/radiorevelacionfm.cl\/wp-content\/uploads\/2025\/02\/seremis-trabajo-prev-social-y-gob-4-1_optimized.jpeg\" alt='' title='seremis-trabajo-prev-social-y-gob-(4)-(1)_optimized' height=\"600\" width=\"800\"  itemprop=\"thumbnailUrl\" srcset=\"https:\/\/radiorevelacionfm.cl\/wp-content\/uploads\/2025\/02\/seremis-trabajo-prev-social-y-gob-4-1_optimized.jpeg 800w, https:\/\/radiorevelacionfm.cl\/wp-content\/uploads\/2025\/02\/seremis-trabajo-prev-social-y-gob-4-1_optimized-300x225.jpeg 300w, https:\/\/radiorevelacionfm.cl\/wp-content\/uploads\/2025\/02\/seremis-trabajo-prev-social-y-gob-4-1_optimized-768x576.jpeg 768w, https:\/\/radiorevelacionfm.cl\/wp-content\/uploads\/2025\/02\/seremis-trabajo-prev-social-y-gob-4-1_optimized-705x529.jpeg 705w, https:\/\/radiorevelacionfm.cl\/wp-content\/uploads\/2025\/02\/seremis-trabajo-prev-social-y-gob-4-1_optimized-450x338.jpeg 450w, https:\/\/radiorevelacionfm.cl\/wp-content\/uploads\/2025\/02\/seremis-trabajo-prev-social-y-gob-4-1_optimized-600x450.jpeg 600w\" sizes=\"(max-width: 800px) 100vw, 800px\" \/><\/div><\/div><\/div><\/div><div class=\"flex_column av_one_full  flex_column_div av-zero-column-padding first  avia-builder-el-2  el_after_av_one_full  el_before_av_one_full  column-top-margin\" style='border-radius:0px; '><section class=\"av_textblock_section \"  itemscope=\"itemscope\" itemtype=\"https:\/\/schema.org\/BlogPosting\" itemprop=\"blogPost\" ><div class='avia_textblock  '   itemprop=\"text\" ><p style=\"text-align: center;\"><span style=\"font-size: 18pt;\"><b><span lang=\"ES-TRAD\">Reajuste al Salario M\u00ednimo: el monto a partir de enero es de $510.636<\/span><\/b><\/span><\/p>\n<div id=\"gtx-trans\" style=\"position: absolute; left: -50px; top: 4.31534px;\">\n<div class=\"gtx-trans-icon\"><\/div>\n<\/div>\n<\/div><\/section><\/div><div class=\"flex_column av_one_full  flex_column_div av-zero-column-padding first  avia-builder-el-4  el_after_av_one_full  el_before_av_hr  column-top-margin\" style='border-radius:0px; '><section class=\"av_textblock_section \"  itemscope=\"itemscope\" itemtype=\"https:\/\/schema.org\/BlogPosting\" itemprop=\"blogPost\" ><div class='avia_textblock  '   itemprop=\"text\" ><p class=\"v1MsoNormal\" style=\"text-align: justify;\"><span lang=\"ES-TRAD\">El Diario Oficial public\u00f3 este jueves 06 de febrero el decreto firmado por el Presidente Gabriel Boric y los ministros del Trabajo y Previsi\u00f3n Social, Jeannette Jara, y de Hacienda, Mario Marcel, que reajusta el salario m\u00ednimo a partir de enero de 2025 por efecto de la inflaci\u00f3n calculada entre los meses de julio y diciembre de 2024, que fue de 2,1%. De esta manera, el monto del Ingreso M\u00ednimo Mensual (IMM) ser\u00e1 de $510.636.<\/span><\/p>\n<p class=\"v1MsoNormal\" style=\"text-align: justify;\"><span lang=\"ES-TRAD\">Desde la Seremi de Gobierno, \u00darsula Mix Jim\u00e9nez valor\u00f3 positivamente este reajuste, \u00abPara el Gobierno del Presidente Gabriel Boric este es un avance relevante en la dignidad de los trabajadores y trabajadoras de Chile, y una muestra de que s\u00ed es posible mejorar sus condiciones laborales. Aqu\u00ed hemos visto que a trav\u00e9s del di\u00e1logo, y con gradualidad en la implementaci\u00f3n, se pueden dar pasos significativos para generar un horizonte de mejora en las condiciones de trabajo y de remuneraciones de los trabajadores en Chile. Este es otro compromiso del Gobierno que se ha cumplido y lo valoramos, afirm\u00f3 la autoridad\u00bb.<\/span><\/p>\n<p class=\"v1MsoNormal\" style=\"text-align: justify;\"><span lang=\"ES-TRAD\">Este incremento desde los $410.000 que exist\u00eda en abril de 2023, es parte del acuerdo alcanzado por el gobierno y la Central Unitaria de Trabajadores (CUT), que posteriormente deriv\u00f3 en el hist\u00f3rico incremento del salario m\u00ednimo despachado en mayo de 2023 por el Congreso Nacional.<\/span><\/p>\n<p class=\"v1MsoNormal\" style=\"text-align: justify;\"><span lang=\"ES-TRAD\">La Seremi de Trabajo y Previsi\u00f3n Social, Camila Covarrubias Retamal, detall\u00f3 sobre este reajuste, apuntando a su gradualidad, \u00abDebemos recordar que el a\u00f1o 2022 el sueldo m\u00ednimo era de $350.000 y el aumento se ha logrado gracias a acuerdos que se han llevado adelante junto con las y los trabajadores, y que hoy, debido al alza de la inflaci\u00f3n entre julio y diciembre 2024, nos lleva a alcanzar un sueldo m\u00ednimo de $510.636, para que as\u00ed las personas que menos ganan, no pierdan su poder adquisitivo frente al conocido aumento de la inflaci\u00f3n. Este aumento ser\u00e1 retroactivo al mes de enero y debemos destacar que ha sido gradual y con apoyo a las micro y peque\u00f1as empresas desde un inicio, el cual continuar\u00e1 hasta abril de este a\u00f1o. Adem\u00e1s, debemos mencionar que se reajustaron los tramos de asignaci\u00f3n familiar y maternal, que tambi\u00e9n son en apoyo a las y los trabajadores con menores ingresos\u00bb.<\/span><\/p>\n<p class=\"v1MsoNormal\" style=\"text-align: justify;\"><span lang=\"ES-TRAD\">En el decreto publicado tambi\u00e9n se determina el Ingreso M\u00ednimo Mensual para trabajadoras y trabajadores menores de 18 a\u00f1os y mayores de 65 a\u00f1os, cuyo monto ser\u00e1 de $380.923.<\/span><\/p>\n<p class=\"v1MsoNormal\" style=\"text-align: justify;\"><span lang=\"ES-TRAD\">Adem\u00e1s, se define el IMM para efectos no remuneracionales y los tramos de asignaci\u00f3n familiar y maternal. En el primer caso qued\u00f3 en $329.151. Mientras que los tramos de asignaci\u00f3n familiar y maternal se establecieron de la siguiente forma:<\/span><\/p>\n<p class=\"v1MsoNormal\" style=\"text-align: justify;\"><span lang=\"ES-TRAD\">El primer tramo para una asignaci\u00f3n de $21.243 por carga es para beneficiarios cuyo ingreso mensual no exceda los $598.698; el segundo tramo para una asignaci\u00f3n de $13.036 por carga es para beneficiarios cuyo ingreso mensual supere los $598.698 y no exceda los $874.460; y el tercer tramo para una asignaci\u00f3n de $4.119 por carga es para beneficiario cuyo ingreso mensual supere los $874.460 y no exceda los $1.363.858.<\/span><\/p>\n<p class=\"v1MsoNormal\" style=\"text-align: justify;\"><span lang=\"ES-TRAD\">Las personas que tengan acreditadas o acrediten cargas familiares, cuyo ingreso mensual sea superior a los $1.363.858 no tendr\u00e1n derechos a las asignaciones aludidas.<\/span><\/p>\n<\/div><\/section><\/div><div  style='height:50px' class='hr hr-invisible   avia-builder-el-6  el_after_av_one_full  el_before_av_social_share '><span class='hr-inner ' ><span class='hr-inner-style'><\/span><\/span><\/div><\/p>\n<div  class='av-social-sharing-box  avia-builder-el-7  el_after_av_hr  el_before_av_hr  '><div class='av-share-box'><h5 class='av-share-link-description av-no-toc '>Compartir esta noticia<\/h5><ul class='av-share-box-list noLightbox'><li class='av-share-link av-social-link-facebook' ><a target=\"_blank\" aria-label=\"Compartir en Facebook\" href='https:\/\/www.facebook.com\/sharer.php?u=https:\/\/radiorevelacionfm.cl\/?p=50500&#038;t=Reajuste%20al%20Salario%20M%C3%ADnimo%3A%20el%20monto%20a%20partir%20de%20enero%20es%20de%20%24510.636' aria-hidden='false' data-av_icon='\ue8f3' data-av_iconfont='entypo-fontello' title='' data-avia-related-tooltip='Compartir en Facebook' rel=\"noopener\"><span class='avia_hidden_link_text'>Compartir en Facebook<\/span><\/a><\/li><li class='av-share-link av-social-link-twitter' ><a target=\"_blank\" aria-label=\"Compartir en Twitter\" href='https:\/\/twitter.com\/share?text=Reajuste%20al%20Salario%20M%C3%ADnimo%3A%20el%20monto%20a%20partir%20de%20enero%20es%20de%20%24510.636&#038;url=https:\/\/radiorevelacionfm.cl\/?p=50500' aria-hidden='false' data-av_icon='\ue8f1' data-av_iconfont='entypo-fontello' title='' data-avia-related-tooltip='Compartir en Twitter' rel=\"noopener\"><span class='avia_hidden_link_text'>Compartir en Twitter<\/span><\/a><\/li><li class='av-share-link av-social-link-whatsapp' ><a target=\"_blank\" aria-label=\"Compartir en Whatsapp\" href='https:\/\/api.whatsapp.com\/send?text=https:\/\/radiorevelacionfm.cl\/?p=50500' aria-hidden='false' data-av_icon='\uf232' data-av_iconfont='entypo-fontello' title='' data-avia-related-tooltip='Compartir en Whatsapp' rel=\"noopener\"><span class='avia_hidden_link_text'>Compartir en Whatsapp<\/span><\/a><\/li><li class='av-share-link av-social-link-linkedin' ><a target=\"_blank\" aria-label=\"Compartir en LinkedIn\" href='https:\/\/linkedin.com\/shareArticle?mini=true&#038;title=Reajuste%20al%20Salario%20M%C3%ADnimo%3A%20el%20monto%20a%20partir%20de%20enero%20es%20de%20%24510.636&#038;url=https:\/\/radiorevelacionfm.cl\/?p=50500' aria-hidden='false' data-av_icon='\ue8fc' data-av_iconfont='entypo-fontello' title='' data-avia-related-tooltip='Compartir en LinkedIn' rel=\"noopener\"><span class='avia_hidden_link_text'>Compartir en LinkedIn<\/span><\/a><\/li><li class='av-share-link av-social-link-mail' ><a  aria-label=\"Compartir por correo\" href='mailto:?subject=Reajuste%20al%20Salario%20M%C3%ADnimo%3A%20el%20monto%20a%20partir%20de%20enero%20es%20de%20%24510.636&#038;body=https:\/\/radiorevelacionfm.cl\/?p=50500' aria-hidden='false' data-av_icon='\ue805' data-av_iconfont='entypo-fontello' title='' data-avia-related-tooltip='Compartir por correo'><span class='avia_hidden_link_text'>Compartir por correo<\/span><\/a><\/li><\/ul><\/div><\/div>\n<div  style='height:50px' class='hr hr-invisible   avia-builder-el-8  el_after_av_social_share  el_before_av_comments_list '><span class='hr-inner ' ><span class='hr-inner-style'><\/span><\/span><\/div>\n<div  class='av-buildercomment  av-blog-meta-html-info-disabled av-blog-meta-tag-disabled  '><\/div>\n","protected":false},"excerpt":{"rendered":"","protected":false},"author":1,"featured_media":50501,"comment_status":"open","ping_status":"open","sticky":false,"template":"","format":"standard","meta":{"footnotes":""},"categories":[56],"tags":[],"class_list":["post-50500","post","type-post","status-publish","format-standard","has-post-thumbnail","hentry","category-trabajo"],"jetpack_featured_media_url":"https:\/\/radiorevelacionfm.cl\/wp-content\/uploads\/2025\/02\/seremis-trabajo-prev-social-y-gob-4-1_optimized.jpeg","_links":{"self":[{"href":"https:\/\/radiorevelacionfm.cl\/index.php?rest_route=\/wp\/v2\/posts\/50500","targetHints":{"allow":["GET"]}}],"collection":[{"href":"https:\/\/radiorevelacionfm.cl\/index.php?rest_route=\/wp\/v2\/posts"}],"about":[{"href":"https:\/\/radiorevelacionfm.cl\/index.php?rest_route=\/wp\/v2\/types\/post"}],"author":[{"embeddable":true,"href":"https:\/\/radiorevelacionfm.cl\/index.php?rest_route=\/wp\/v2\/users\/1"}],"replies":[{"embeddable":true,"href":"https:\/\/radiorevelacionfm.cl\/index.php?rest_route=%2Fwp%2Fv2%2Fcomments&post=50500"}],"version-history":[{"count":1,"href":"https:\/\/radiorevelacionfm.cl\/index.php?rest_route=\/wp\/v2\/posts\/50500\/revisions"}],"predecessor-version":[{"id":50502,"href":"https:\/\/radiorevelacionfm.cl\/index.php?rest_route=\/wp\/v2\/posts\/50500\/revisions\/50502"}],"wp:featuredmedia":[{"embeddable":true,"href":"https:\/\/radiorevelacionfm.cl\/index.php?rest_route=\/wp\/v2\/media\/50501"}],"wp:attachment":[{"href":"https:\/\/radiorevelacionfm.cl\/index.php?rest_route=%2Fwp%2Fv2%2Fmedia&parent=50500"}],"wp:term":[{"taxonomy":"category","embeddable":true,"href":"https:\/\/radiorevelacionfm.cl\/index.php?rest_route=%2Fwp%2Fv2%2Fcategories&post=50500"},{"taxonomy":"post_tag","embeddable":true,"href":"https:\/\/radiorevelacionfm.cl\/index.php?rest_route=%2Fwp%2Fv2%2Ftags&post=50500"}],"curies":[{"name":"wp","href":"https:\/\/api.w.org\/{rel}","templated":true}]}}