{"id":50497,"date":"2025-02-11T12:16:29","date_gmt":"2025-02-11T15:16:29","guid":{"rendered":"https:\/\/radiorevelacionfm.cl\/?p=50497"},"modified":"2025-02-11T12:16:29","modified_gmt":"2025-02-11T15:16:29","slug":"se-extiende-el-plazo-para-postular-al-recambio-de-calefactores-en-coyhaique","status":"publish","type":"post","link":"https:\/\/radiorevelacionfm.cl\/?p=50497","title":{"rendered":"Se extiende el plazo para postular al recambio de calefactores en Coyhaique"},"content":{"rendered":"<div class=\"flex_column av_one_full  flex_column_div av-zero-column-padding first  avia-builder-el-0  el_before_av_one_full  avia-builder-el-first  \" style='border-radius:0px; '><div  class='avia-image-container  av-styling-    avia-builder-el-1  avia-builder-el-no-sibling  avia-align-center '  itemprop=\"image\" itemscope=\"itemscope\" itemtype=\"https:\/\/schema.org\/ImageObject\"  ><div class='avia-image-container-inner'><div class='avia-image-overlay-wrap'><img decoding=\"async\" class='wp-image-50498 avia-img-lazy-loading-not-50498 avia_image' src=\"https:\/\/radiorevelacionfm.cl\/wp-content\/uploads\/2025\/02\/1-2025-02-11t121602_optimized.897-1.jpg\" alt='' title='1---2025-02-11t121602_optimized.897-(1)' height=\"600\" width=\"1067\"  itemprop=\"thumbnailUrl\" srcset=\"https:\/\/radiorevelacionfm.cl\/wp-content\/uploads\/2025\/02\/1-2025-02-11t121602_optimized.897-1.jpg 1067w, https:\/\/radiorevelacionfm.cl\/wp-content\/uploads\/2025\/02\/1-2025-02-11t121602_optimized.897-1-300x169.jpg 300w, https:\/\/radiorevelacionfm.cl\/wp-content\/uploads\/2025\/02\/1-2025-02-11t121602_optimized.897-1-1030x579.jpg 1030w, https:\/\/radiorevelacionfm.cl\/wp-content\/uploads\/2025\/02\/1-2025-02-11t121602_optimized.897-1-768x432.jpg 768w, https:\/\/radiorevelacionfm.cl\/wp-content\/uploads\/2025\/02\/1-2025-02-11t121602_optimized.897-1-705x396.jpg 705w, https:\/\/radiorevelacionfm.cl\/wp-content\/uploads\/2025\/02\/1-2025-02-11t121602_optimized.897-1-450x253.jpg 450w, https:\/\/radiorevelacionfm.cl\/wp-content\/uploads\/2025\/02\/1-2025-02-11t121602_optimized.897-1-600x337.jpg 600w\" sizes=\"(max-width: 1067px) 100vw, 1067px\" \/><\/div><\/div><\/div><\/div><div class=\"flex_column av_one_full  flex_column_div av-zero-column-padding first  avia-builder-el-2  el_after_av_one_full  el_before_av_one_full  column-top-margin\" style='border-radius:0px; '><section class=\"av_textblock_section \"  itemscope=\"itemscope\" itemtype=\"https:\/\/schema.org\/BlogPosting\" itemprop=\"blogPost\" ><div class='avia_textblock  '   itemprop=\"text\" ><p style=\"text-align: center;\"><strong><span style=\"font-size: 18pt;\">Se extiende el plazo para postular al recambio de calefactores en Coyhaique<\/span><\/strong><\/p>\n<div id=\"gtx-trans\" style=\"position: absolute; left: -50px; top: 4.31534px;\">\n<div class=\"gtx-trans-icon\"><\/div>\n<\/div>\n<\/div><\/section><\/div><div class=\"flex_column av_one_full  flex_column_div av-zero-column-padding first  avia-builder-el-4  el_after_av_one_full  el_before_av_hr  column-top-margin\" style='border-radius:0px; '><section class=\"av_textblock_section \"  itemscope=\"itemscope\" itemtype=\"https:\/\/schema.org\/BlogPosting\" itemprop=\"blogPost\" ><div class='avia_textblock  '   itemprop=\"text\" ><p style=\"text-align: justify;\">El Seremi de Medio Ambiente, Yoal D\u00edaz, anunci\u00f3 la ampliaci\u00f3n del plazo para postular al programa de recambio de calefactores en Coyhaique, \u201cqueremos contarle a todas las familias de Coyhaique que ampliamos el plazo de postulaci\u00f3n al programa de recambio de calefactores en sus l\u00edneas de pellet y aire acondicionado hasta el d\u00eda 3 de marzo, este programa ambiental busca descontaminar nuestra ciudad y para ello requerimos del compromiso de todos y todas, as\u00ed que no pierdan la oportunidad y s\u00famense a descontaminar nuestra ciudad\u201d.<\/p>\n<p style=\"text-align: justify;\">El programa, financiado por el Gobierno Regional de Ays\u00e9n y su Consejo, forma parte del Plan de Descontaminaci\u00f3n Atmosf\u00e9rica de la zona saturada de Coyhaique, como una de las diversas medidas que apuntan a mejorar la calidad del aire de la ciudad.<\/p>\n<p style=\"text-align: justify;\">Para el primer llamado 2025 se han considerado m\u00e1s de 900 cupos, divididos en las l\u00edneas pellet y aire acondicionado, apostando al compromiso voluntario de la ciudadan\u00eda para eliminar fuentes emisoras de material particulado, que en la ciudad de Coyhaique consideran en m\u00e1s de un 90% el uso de calefacci\u00f3n domiciliaria a le\u00f1a.<\/p>\n<p style=\"text-align: justify;\">La autoridad hizo hincapi\u00e9 en que si bien el proceso de postulaci\u00f3n se realiza en l\u00ednea en la p\u00e1gina calefactores.mma.gob.cl; el equipo de la SEREMI se encuentra disponible de lunes a viernes para asistir en la postulaci\u00f3n \u00a0en la oficina del recambio de calefactores ubicada en Errazuriz 514, y as\u00ed tambi\u00e9n record\u00f3 a la comunidad que el equipo se ha desplegado en diversos puntos itinerantes para motivar y asistir en la postulaci\u00f3n, considerando intervenciones en supermercados y ferias locales, indicando que para conocer el calendario semanal, las y los interesados puedes revisar las redes sociales de la Seremi del Medio Ambiente.<\/p>\n<p style=\"text-align: justify;\">Respecto a los requisitos de postulaci\u00f3n el Seremi record\u00f3 a la comunidad que el Programa tiene como objetivo disminuir los niveles de contaminaci\u00f3n en la zona saturada de Coyhaique, por cuanto se considera un beneficio ambiental cuyo fin es chatarrizar las estufas a le\u00f1a y reemplazarlas con calefactores que utilicen combustibles m\u00e1s limpios y eficientes. Desde esa l\u00f3gica, explic\u00f3 la autoridad, el beneficio no considera registro social de hogares y se otorga una sola vez por persona.<\/p>\n<p style=\"text-align: justify;\"><strong>Requisitos de postulaci\u00f3n<\/strong><\/p>\n<p style=\"text-align: justify;\">Desde la SEREMI recalcaron que quienes quieran ser parte del programa de recambio de calefactores deber\u00e1n cumplir con los requisitos excluyentes: El domicilio del postulante debe encontrarse dentro del pol\u00edgono del \u00e1rea saturada de Coyhaique; \u00e9l o la postulante debe ser propietario\/a del artefacto a le\u00f1a; as\u00ed tambi\u00e9n el artefacto a recambiar debe ser a le\u00f1a: cocina, salamandra, hechizo, calefactor c\u00e1mara simple con templador o sin templador y estar instalado en la vivienda. Tampoco podr\u00e1n postular personas que hayan sido beneficiarias anteriormente o que cuenten con un integrante del grupo familiar declarado que haya sido beneficiado por el programa.<\/p>\n<p style=\"text-align: justify;\">La autoridad ambiental destac\u00f3 que el Programa de Recambio de Calefactores, junto a programas de Reacondicionamiento T\u00e9rmico de Viviendas de Minvu y otras medidas incluidas en el Plan de Descontaminaci\u00f3n Atmosf\u00e9rica (PDA) de Coyhaique, han sido efectivos en reducir las emisiones en la ciudad de Coyhaique, por cuanto reiter\u00f3 la invitaci\u00f3n a todas las familias a sumarse al programa y as\u00ed tambi\u00e9n a descontaminar el aire de la regi\u00f3n.<\/p>\n<\/div><\/section><\/div><div  style='height:50px' class='hr hr-invisible   avia-builder-el-6  el_after_av_one_full  el_before_av_social_share '><span class='hr-inner ' ><span class='hr-inner-style'><\/span><\/span><\/div><\/p>\n<div  class='av-social-sharing-box  avia-builder-el-7  el_after_av_hr  el_before_av_hr  '><div class='av-share-box'><h5 class='av-share-link-description av-no-toc '>Compartir esta noticia<\/h5><ul class='av-share-box-list noLightbox'><li class='av-share-link av-social-link-facebook' ><a target=\"_blank\" aria-label=\"Compartir en Facebook\" href='https:\/\/www.facebook.com\/sharer.php?u=https:\/\/radiorevelacionfm.cl\/?p=50497&#038;t=Se%20extiende%20el%20plazo%20para%20postular%20al%20recambio%20de%20calefactores%20en%20Coyhaique' aria-hidden='false' data-av_icon='\ue8f3' data-av_iconfont='entypo-fontello' title='' data-avia-related-tooltip='Compartir en Facebook' rel=\"noopener\"><span class='avia_hidden_link_text'>Compartir en Facebook<\/span><\/a><\/li><li class='av-share-link av-social-link-twitter' ><a target=\"_blank\" aria-label=\"Compartir en Twitter\" href='https:\/\/twitter.com\/share?text=Se%20extiende%20el%20plazo%20para%20postular%20al%20recambio%20de%20calefactores%20en%20Coyhaique&#038;url=https:\/\/radiorevelacionfm.cl\/?p=50497' aria-hidden='false' data-av_icon='\ue8f1' data-av_iconfont='entypo-fontello' title='' data-avia-related-tooltip='Compartir en Twitter' rel=\"noopener\"><span class='avia_hidden_link_text'>Compartir en Twitter<\/span><\/a><\/li><li class='av-share-link av-social-link-whatsapp' ><a target=\"_blank\" aria-label=\"Compartir en Whatsapp\" href='https:\/\/api.whatsapp.com\/send?text=https:\/\/radiorevelacionfm.cl\/?p=50497' aria-hidden='false' data-av_icon='\uf232' data-av_iconfont='entypo-fontello' title='' data-avia-related-tooltip='Compartir en Whatsapp' rel=\"noopener\"><span class='avia_hidden_link_text'>Compartir en Whatsapp<\/span><\/a><\/li><li class='av-share-link av-social-link-linkedin' ><a target=\"_blank\" aria-label=\"Compartir en LinkedIn\" href='https:\/\/linkedin.com\/shareArticle?mini=true&#038;title=Se%20extiende%20el%20plazo%20para%20postular%20al%20recambio%20de%20calefactores%20en%20Coyhaique&#038;url=https:\/\/radiorevelacionfm.cl\/?p=50497' aria-hidden='false' data-av_icon='\ue8fc' data-av_iconfont='entypo-fontello' title='' data-avia-related-tooltip='Compartir en LinkedIn' rel=\"noopener\"><span class='avia_hidden_link_text'>Compartir en LinkedIn<\/span><\/a><\/li><li class='av-share-link av-social-link-mail' ><a  aria-label=\"Compartir por correo\" href='mailto:?subject=Se%20extiende%20el%20plazo%20para%20postular%20al%20recambio%20de%20calefactores%20en%20Coyhaique&#038;body=https:\/\/radiorevelacionfm.cl\/?p=50497' aria-hidden='false' data-av_icon='\ue805' data-av_iconfont='entypo-fontello' title='' data-avia-related-tooltip='Compartir por correo'><span class='avia_hidden_link_text'>Compartir por correo<\/span><\/a><\/li><\/ul><\/div><\/div>\n<div  style='height:50px' class='hr hr-invisible   avia-builder-el-8  el_after_av_social_share  el_before_av_comments_list '><span class='hr-inner ' ><span class='hr-inner-style'><\/span><\/span><\/div>\n<div  class='av-buildercomment  av-blog-meta-html-info-disabled av-blog-meta-tag-disabled  '><\/div>\n","protected":false},"excerpt":{"rendered":"","protected":false},"author":1,"featured_media":50498,"comment_status":"open","ping_status":"open","sticky":false,"template":"","format":"standard","meta":{"footnotes":""},"categories":[39],"tags":[],"class_list":["post-50497","post","type-post","status-publish","format-standard","has-post-thumbnail","hentry","category-medio-ambiente"],"jetpack_featured_media_url":"https:\/\/radiorevelacionfm.cl\/wp-content\/uploads\/2025\/02\/1-2025-02-11t121602_optimized.897-1.jpg","_links":{"self":[{"href":"https:\/\/radiorevelacionfm.cl\/index.php?rest_route=\/wp\/v2\/posts\/50497","targetHints":{"allow":["GET"]}}],"collection":[{"href":"https:\/\/radiorevelacionfm.cl\/index.php?rest_route=\/wp\/v2\/posts"}],"about":[{"href":"https:\/\/radiorevelacionfm.cl\/index.php?rest_route=\/wp\/v2\/types\/post"}],"author":[{"embeddable":true,"href":"https:\/\/radiorevelacionfm.cl\/index.php?rest_route=\/wp\/v2\/users\/1"}],"replies":[{"embeddable":true,"href":"https:\/\/radiorevelacionfm.cl\/index.php?rest_route=%2Fwp%2Fv2%2Fcomments&post=50497"}],"version-history":[{"count":1,"href":"https:\/\/radiorevelacionfm.cl\/index.php?rest_route=\/wp\/v2\/posts\/50497\/revisions"}],"predecessor-version":[{"id":50499,"href":"https:\/\/radiorevelacionfm.cl\/index.php?rest_route=\/wp\/v2\/posts\/50497\/revisions\/50499"}],"wp:featuredmedia":[{"embeddable":true,"href":"https:\/\/radiorevelacionfm.cl\/index.php?rest_route=\/wp\/v2\/media\/50498"}],"wp:attachment":[{"href":"https:\/\/radiorevelacionfm.cl\/index.php?rest_route=%2Fwp%2Fv2%2Fmedia&parent=50497"}],"wp:term":[{"taxonomy":"category","embeddable":true,"href":"https:\/\/radiorevelacionfm.cl\/index.php?rest_route=%2Fwp%2Fv2%2Fcategories&post=50497"},{"taxonomy":"post_tag","embeddable":true,"href":"https:\/\/radiorevelacionfm.cl\/index.php?rest_route=%2Fwp%2Fv2%2Ftags&post=50497"}],"curies":[{"name":"wp","href":"https:\/\/api.w.org\/{rel}","templated":true}]}}