{"id":50494,"date":"2025-02-11T11:57:27","date_gmt":"2025-02-11T14:57:27","guid":{"rendered":"https:\/\/radiorevelacionfm.cl\/?p=50494"},"modified":"2025-02-11T11:57:27","modified_gmt":"2025-02-11T14:57:27","slug":"vecinos-de-villa-manihuales-denuncian-uso-indebido-de-terrenos-privados-por-parte-de-conaf","status":"publish","type":"post","link":"https:\/\/radiorevelacionfm.cl\/?p=50494","title":{"rendered":"Vecinos de Villa Ma\u00f1ihuales denuncian uso indebido de terrenos privados por parte de Conaf"},"content":{"rendered":"<div class=\"flex_column av_one_full  flex_column_div av-zero-column-padding first  avia-builder-el-0  el_before_av_one_full  avia-builder-el-first  \" style='border-radius:0px; '><div  class='avia-image-container  av-styling-    avia-builder-el-1  avia-builder-el-no-sibling  avia-align-center '  itemprop=\"image\" itemscope=\"itemscope\" itemtype=\"https:\/\/schema.org\/ImageObject\"  ><div class='avia-image-container-inner'><div class='avia-image-overlay-wrap'><img decoding=\"async\" class='wp-image-50495 avia-img-lazy-loading-not-50495 avia_image' src=\"https:\/\/radiorevelacionfm.cl\/wp-content\/uploads\/2025\/02\/foto-mono-campo-1_optimized.jpeg\" alt='' title='foto-mono-campo-(1)_optimized' height=\"600\" width=\"800\"  itemprop=\"thumbnailUrl\" srcset=\"https:\/\/radiorevelacionfm.cl\/wp-content\/uploads\/2025\/02\/foto-mono-campo-1_optimized.jpeg 800w, https:\/\/radiorevelacionfm.cl\/wp-content\/uploads\/2025\/02\/foto-mono-campo-1_optimized-300x225.jpeg 300w, https:\/\/radiorevelacionfm.cl\/wp-content\/uploads\/2025\/02\/foto-mono-campo-1_optimized-768x576.jpeg 768w, https:\/\/radiorevelacionfm.cl\/wp-content\/uploads\/2025\/02\/foto-mono-campo-1_optimized-705x529.jpeg 705w, https:\/\/radiorevelacionfm.cl\/wp-content\/uploads\/2025\/02\/foto-mono-campo-1_optimized-450x338.jpeg 450w, https:\/\/radiorevelacionfm.cl\/wp-content\/uploads\/2025\/02\/foto-mono-campo-1_optimized-600x450.jpeg 600w\" sizes=\"(max-width: 800px) 100vw, 800px\" \/><\/div><\/div><\/div><\/div><div class=\"flex_column av_one_full  flex_column_div av-zero-column-padding first  avia-builder-el-2  el_after_av_one_full  el_before_av_one_full  column-top-margin\" style='border-radius:0px; '><section class=\"av_textblock_section \"  itemscope=\"itemscope\" itemtype=\"https:\/\/schema.org\/BlogPosting\" itemprop=\"blogPost\" ><div class='avia_textblock  '   itemprop=\"text\" ><p style=\"text-align: center;\"><strong><span style=\"font-size: 18pt;\">Vecinos de Villa Ma\u00f1ihuales denuncian uso indebido de terrenos privados por parte de Conaf<\/span><\/strong><\/p>\n<div id=\"gtx-trans\" style=\"position: absolute; left: -50px; top: 4.31534px;\">\n<div class=\"gtx-trans-icon\"><\/div>\n<\/div>\n<\/div><\/section><\/div><div class=\"flex_column av_one_full  flex_column_div av-zero-column-padding first  avia-builder-el-4  el_after_av_one_full  el_before_av_hr  column-top-margin\" style='border-radius:0px; '><section class=\"av_textblock_section \"  itemscope=\"itemscope\" itemtype=\"https:\/\/schema.org\/BlogPosting\" itemprop=\"blogPost\" ><div class='avia_textblock  '   itemprop=\"text\" ><p style=\"font-weight: 400; text-align: justify;\"><em>El legislador se reuni\u00f3 con los pobladores que viven en el sector de Aguas Frescas, que se encuentra a unos 10 kil\u00f3metros de la localidad.<\/em><\/p>\n<p style=\"font-weight: 400; text-align: justify;\">El diputado Miguel \u00c1ngel Calisto se traslad\u00f3 hasta el sector de Aguas Frescas en las cercan\u00edas de Villa Ma\u00f1ihuales para atender una denuncia realizada por un grupo de vecinos, quienes aseguran que la Corporaci\u00f3n Nacional Forestal, CONAF, ha estado haciendo uso de terrenos privados para la extracci\u00f3n de madera y plantaci\u00f3n de \u00e1rboles.<\/p>\n<p style=\"font-weight: 400; text-align: justify;\">Seg\u00fan el legislador, \u201clos vecinos est\u00e1n sufriendo una situaci\u00f3n compleja en su relaci\u00f3n con CONAF. CONAF no se ha portado bien como vecino con los sectores campesinos, porque ha hecho uso de espacios que constan en documentos oficiales que son terrenos particulares, terrenos de propietarios, de campesinos, y donde han pasado, han cercado, han hecho camino sin la autorizaci\u00f3n de sus due\u00f1os.<\/p>\n<p style=\"font-weight: 400; text-align: justify;\">Calisto agreg\u00f3 que \u201cnosotros vamos a reiterar y reforzar la fiscalizaci\u00f3n y vamos a acompa\u00f1ar a los dirigentes campesinos ante las autoridades de CONAF, ante las autoridades de Bienes Nacionales para que resuelvan este problema, donde adem\u00e1s han tenido un trato bastante poco amistoso con los propietarios.<\/p>\n<p style=\"font-weight: 400; text-align: justify;\">\u201cLos documentos constan que estos terrenos son de familias de la Patagonia, familias campesinas, y lo que ha hecho CONAF es insistir que ellos tienen propiedad de estos terrenos, y han hecho caminos, han sacado trozos, han sacado madera, afectando ciertamente el desarrollo de la familia. O sea, ha sido una falta de respeto que nosotros no vamos a tolerar, y esperamos que las autoridades del gobierno, entonces, resuelvan este problema a la brevedad\u201d, se\u00f1al\u00f3 el parlamentario.<\/p>\n<p style=\"font-weight: 400; text-align: justify;\">Por su parte, Luis Gonz\u00e1lez, uno de los pobladores afectados, asegur\u00f3 que \u201chay una parte de mi terreno que estaba limpio y me lo plantaron con \u00e1rboles. Ellos saben bien que es m\u00edo, la l\u00ednea que separa pasa mucho m\u00e1s arriba, como 60 metros m\u00e1s arriba donde plantaron todav\u00eda, est\u00e1n 60 metros dentro de mi predio\u201d.<\/p>\n<p style=\"font-weight: 400; text-align: justify;\">Finalmente, el dirigente se\u00f1al\u00f3 que \u201cah\u00ed no s\u00e9 qu\u00e9 va a pasar. Yo quiero cerrar. Yo creo que al cerrar tendr\u00eda m\u00e1s derecho de reclamar, de protecci\u00f3n. Y ese ser\u00eda mi problema, con el cuidado del terreno\u201d.<\/p>\n<\/div><\/section><\/div><div  style='height:50px' class='hr hr-invisible   avia-builder-el-6  el_after_av_one_full  el_before_av_social_share '><span class='hr-inner ' ><span class='hr-inner-style'><\/span><\/span><\/div><\/p>\n<div  class='av-social-sharing-box  avia-builder-el-7  el_after_av_hr  el_before_av_hr  '><div class='av-share-box'><h5 class='av-share-link-description av-no-toc '>Compartir esta noticia<\/h5><ul class='av-share-box-list noLightbox'><li class='av-share-link av-social-link-facebook' ><a target=\"_blank\" aria-label=\"Compartir en Facebook\" href='https:\/\/www.facebook.com\/sharer.php?u=https:\/\/radiorevelacionfm.cl\/?p=50494&#038;t=Vecinos%20de%20Villa%20Ma%C3%B1ihuales%20denuncian%20uso%20indebido%20de%20terrenos%20privados%20por%20parte%20de%20Conaf' aria-hidden='false' data-av_icon='\ue8f3' data-av_iconfont='entypo-fontello' title='' data-avia-related-tooltip='Compartir en Facebook' rel=\"noopener\"><span class='avia_hidden_link_text'>Compartir en Facebook<\/span><\/a><\/li><li class='av-share-link av-social-link-twitter' ><a target=\"_blank\" aria-label=\"Compartir en Twitter\" href='https:\/\/twitter.com\/share?text=Vecinos%20de%20Villa%20Ma%C3%B1ihuales%20denuncian%20uso%20indebido%20de%20terrenos%20privados%20por%20parte%20de%20Conaf&#038;url=https:\/\/radiorevelacionfm.cl\/?p=50494' aria-hidden='false' data-av_icon='\ue8f1' data-av_iconfont='entypo-fontello' title='' data-avia-related-tooltip='Compartir en Twitter' rel=\"noopener\"><span class='avia_hidden_link_text'>Compartir en Twitter<\/span><\/a><\/li><li class='av-share-link av-social-link-whatsapp' ><a target=\"_blank\" aria-label=\"Compartir en Whatsapp\" href='https:\/\/api.whatsapp.com\/send?text=https:\/\/radiorevelacionfm.cl\/?p=50494' aria-hidden='false' data-av_icon='\uf232' data-av_iconfont='entypo-fontello' title='' data-avia-related-tooltip='Compartir en Whatsapp' rel=\"noopener\"><span class='avia_hidden_link_text'>Compartir en Whatsapp<\/span><\/a><\/li><li class='av-share-link av-social-link-linkedin' ><a target=\"_blank\" aria-label=\"Compartir en LinkedIn\" href='https:\/\/linkedin.com\/shareArticle?mini=true&#038;title=Vecinos%20de%20Villa%20Ma%C3%B1ihuales%20denuncian%20uso%20indebido%20de%20terrenos%20privados%20por%20parte%20de%20Conaf&#038;url=https:\/\/radiorevelacionfm.cl\/?p=50494' aria-hidden='false' data-av_icon='\ue8fc' data-av_iconfont='entypo-fontello' title='' data-avia-related-tooltip='Compartir en LinkedIn' rel=\"noopener\"><span class='avia_hidden_link_text'>Compartir en LinkedIn<\/span><\/a><\/li><li class='av-share-link av-social-link-mail' ><a  aria-label=\"Compartir por correo\" href='mailto:?subject=Vecinos%20de%20Villa%20Ma%C3%B1ihuales%20denuncian%20uso%20indebido%20de%20terrenos%20privados%20por%20parte%20de%20Conaf&#038;body=https:\/\/radiorevelacionfm.cl\/?p=50494' aria-hidden='false' data-av_icon='\ue805' data-av_iconfont='entypo-fontello' title='' data-avia-related-tooltip='Compartir por correo'><span class='avia_hidden_link_text'>Compartir por correo<\/span><\/a><\/li><\/ul><\/div><\/div>\n<div  style='height:50px' class='hr hr-invisible   avia-builder-el-8  el_after_av_social_share  el_before_av_comments_list '><span class='hr-inner ' ><span class='hr-inner-style'><\/span><\/span><\/div>\n<div  class='av-buildercomment  av-blog-meta-html-info-disabled av-blog-meta-tag-disabled  '><\/div>\n","protected":false},"excerpt":{"rendered":"","protected":false},"author":1,"featured_media":50495,"comment_status":"open","ping_status":"open","sticky":false,"template":"","format":"standard","meta":{"footnotes":""},"categories":[38],"tags":[],"class_list":["post-50494","post","type-post","status-publish","format-standard","has-post-thumbnail","hentry","category-regional"],"jetpack_featured_media_url":"https:\/\/radiorevelacionfm.cl\/wp-content\/uploads\/2025\/02\/foto-mono-campo-1_optimized.jpeg","_links":{"self":[{"href":"https:\/\/radiorevelacionfm.cl\/index.php?rest_route=\/wp\/v2\/posts\/50494","targetHints":{"allow":["GET"]}}],"collection":[{"href":"https:\/\/radiorevelacionfm.cl\/index.php?rest_route=\/wp\/v2\/posts"}],"about":[{"href":"https:\/\/radiorevelacionfm.cl\/index.php?rest_route=\/wp\/v2\/types\/post"}],"author":[{"embeddable":true,"href":"https:\/\/radiorevelacionfm.cl\/index.php?rest_route=\/wp\/v2\/users\/1"}],"replies":[{"embeddable":true,"href":"https:\/\/radiorevelacionfm.cl\/index.php?rest_route=%2Fwp%2Fv2%2Fcomments&post=50494"}],"version-history":[{"count":1,"href":"https:\/\/radiorevelacionfm.cl\/index.php?rest_route=\/wp\/v2\/posts\/50494\/revisions"}],"predecessor-version":[{"id":50496,"href":"https:\/\/radiorevelacionfm.cl\/index.php?rest_route=\/wp\/v2\/posts\/50494\/revisions\/50496"}],"wp:featuredmedia":[{"embeddable":true,"href":"https:\/\/radiorevelacionfm.cl\/index.php?rest_route=\/wp\/v2\/media\/50495"}],"wp:attachment":[{"href":"https:\/\/radiorevelacionfm.cl\/index.php?rest_route=%2Fwp%2Fv2%2Fmedia&parent=50494"}],"wp:term":[{"taxonomy":"category","embeddable":true,"href":"https:\/\/radiorevelacionfm.cl\/index.php?rest_route=%2Fwp%2Fv2%2Fcategories&post=50494"},{"taxonomy":"post_tag","embeddable":true,"href":"https:\/\/radiorevelacionfm.cl\/index.php?rest_route=%2Fwp%2Fv2%2Ftags&post=50494"}],"curies":[{"name":"wp","href":"https:\/\/api.w.org\/{rel}","templated":true}]}}