{"id":50490,"date":"2025-02-10T20:32:01","date_gmt":"2025-02-10T23:32:01","guid":{"rendered":"https:\/\/radiorevelacionfm.cl\/?p=50490"},"modified":"2025-02-10T20:32:01","modified_gmt":"2025-02-10T23:32:01","slug":"gobernador-regional-inicia-conversaciones-con-alcaldes-para-agilizar-inversion-en-proyectos-y-anuncia-la-creacion-de-un-gabinete-productivo","status":"publish","type":"post","link":"https:\/\/radiorevelacionfm.cl\/?p=50490","title":{"rendered":"Gobernador Regional inicia conversaciones con alcaldes para agilizar inversi\u00f3n en proyectos y anuncia la creaci\u00f3n de un \u201cGabinete Productivo\u201d"},"content":{"rendered":"<div class=\"flex_column av_one_full  flex_column_div av-zero-column-padding first  avia-builder-el-0  el_before_av_one_full  avia-builder-el-first  \" style='border-radius:0px; '><div  class='avia-image-container  av-styling-    avia-builder-el-1  avia-builder-el-no-sibling  avia-align-center '  itemprop=\"image\" itemscope=\"itemscope\" itemtype=\"https:\/\/schema.org\/ImageObject\"  ><div class='avia-image-container-inner'><div class='avia-image-overlay-wrap'><img decoding=\"async\" class='wp-image-50491 avia-img-lazy-loading-not-50491 avia_image' src=\"https:\/\/radiorevelacionfm.cl\/wp-content\/uploads\/2025\/02\/IMAGEN-GOBERNADOR-REGIONAL-MARCELO-SANTANA-1-1.jpeg\" alt='' title='IMAGEN GOBERNADOR REGIONAL MARCELO SANTANA (1) (1)' height=\"600\" width=\"898\"  itemprop=\"thumbnailUrl\" srcset=\"https:\/\/radiorevelacionfm.cl\/wp-content\/uploads\/2025\/02\/IMAGEN-GOBERNADOR-REGIONAL-MARCELO-SANTANA-1-1.jpeg 898w, https:\/\/radiorevelacionfm.cl\/wp-content\/uploads\/2025\/02\/IMAGEN-GOBERNADOR-REGIONAL-MARCELO-SANTANA-1-1-300x200.jpeg 300w, https:\/\/radiorevelacionfm.cl\/wp-content\/uploads\/2025\/02\/IMAGEN-GOBERNADOR-REGIONAL-MARCELO-SANTANA-1-1-768x513.jpeg 768w, https:\/\/radiorevelacionfm.cl\/wp-content\/uploads\/2025\/02\/IMAGEN-GOBERNADOR-REGIONAL-MARCELO-SANTANA-1-1-705x471.jpeg 705w, https:\/\/radiorevelacionfm.cl\/wp-content\/uploads\/2025\/02\/IMAGEN-GOBERNADOR-REGIONAL-MARCELO-SANTANA-1-1-450x301.jpeg 450w, https:\/\/radiorevelacionfm.cl\/wp-content\/uploads\/2025\/02\/IMAGEN-GOBERNADOR-REGIONAL-MARCELO-SANTANA-1-1-600x401.jpeg 600w\" sizes=\"(max-width: 898px) 100vw, 898px\" \/><\/div><\/div><\/div><\/div><div class=\"flex_column av_one_full  flex_column_div av-zero-column-padding first  avia-builder-el-2  el_after_av_one_full  el_before_av_one_full  column-top-margin\" style='border-radius:0px; '><section class=\"av_textblock_section \"  itemscope=\"itemscope\" itemtype=\"https:\/\/schema.org\/BlogPosting\" itemprop=\"blogPost\" ><div class='avia_textblock  '   itemprop=\"text\" ><p style=\"text-align: center;\"><strong><span style=\"font-size: 18pt;\">Gobernador Regional inicia conversaciones con alcaldes para agilizar inversi\u00f3n en proyectos y anuncia la creaci\u00f3n de un \u201cGabinete Productivo\u201d<\/span><\/strong><\/p>\n<div id=\"gtx-trans\" style=\"position: absolute; left: -50px; top: 4.31534px;\">\n<div class=\"gtx-trans-icon\"><\/div>\n<\/div>\n<\/div><\/section><\/div><div class=\"flex_column av_one_full  flex_column_div av-zero-column-padding first  avia-builder-el-4  el_after_av_one_full  el_before_av_hr  column-top-margin\" style='border-radius:0px; '><section class=\"av_textblock_section \"  itemscope=\"itemscope\" itemtype=\"https:\/\/schema.org\/BlogPosting\" itemprop=\"blogPost\" ><div class='avia_textblock  '   itemprop=\"text\" ><p style=\"text-align: justify;\"><em>La autoridad regional ha sostenido encuentros con distintos municipios para impulsar la reactivaci\u00f3n econ\u00f3mica y avanzar en su plan de las primeras 100 acciones para la regi\u00f3n de Ays\u00e9n.<\/em><\/p>\n<p style=\"text-align: justify;\">En el marco de una serie de reuniones con alcaldes de la regi\u00f3n, el Gobernador Regional Marcelo Santana Vargas, junto a su equipo, se traslad\u00f3 esta semana a la comuna de Cochrane, donde se reuni\u00f3 con el alcalde Patricio Ulloa, y posteriormente a la comuna de Tortel, con la alcaldesa Marisela Jim\u00e9nez. El objetivo principal de estos encuentros fue revisar las distintas carteras de proyectos y agilizar la inversi\u00f3n en ambas comunas.<\/p>\n<p style=\"text-align: justify;\">El Gobernador Regional se traslad\u00f3 junto a distintos jefes de divisi\u00f3n para ver in situ las problem\u00e1ticas de las localidades y definir estrategias de acci\u00f3n concretas. Durante las reuniones, se abordaron iniciativas claves en infraestructura, conectividad y desarrollo social, reafirmando el compromiso de avanzar en la ejecuci\u00f3n de proyectos que permitan mejorar la calidad de vida de los habitantes de la regi\u00f3n, y destac\u00f3: \u00abEstamos sosteniendo reuniones con los alcaldes de la regi\u00f3n, ya hemos sostenido 4 reuniones, y seguiremos avanzando, la idea es trabajar de manera coordinada con los municipios, priorizando aquellas obras que tengan impacto en el desarrollo\u00a0 de las comunas, y para ello esta alianza estrat\u00e9gica con los municipios es fundamental, as\u00ed que agradecemos la disposici\u00f3n de los equipos, de los alcaldes, de sus concejos, que nos van a permitir avanzar en nuestro plan de gobierno\u201d<\/p>\n<p style=\"text-align: justify;\">A lo anterior, el Gobernador destac\u00f3 que estas reuniones permiten identificar las principales necesidades y destrabar aquellas iniciativas que son fundamentales para mejorar la calidad de vida de los habitantes de la regi\u00f3n.<\/p>\n<p style=\"text-align: justify;\">Por su parte, el alcalde de Cochrane, Patricio Ulloa, valor\u00f3 la instancia, se\u00f1alando que: \u00abEl apoyo del Gobierno Regional y la coordinaci\u00f3n con nuestro municipio son fundamentales para que Cochrane siga avanzando en su desarrollo productivo. Es crucial fortalecer el fomento y el emprendimiento, garantizando que el mundo rural contin\u00fae creciendo con mejores oportunidades y condiciones para nuestra gente. Confiamos en que, en los pr\u00f3ximos meses, estos proyectos se materialicen, incluyendo uno que ser\u00e1 pionero en la regi\u00f3n. Adem\u00e1s, la reactivaci\u00f3n econ\u00f3mica de nuestra comuna es una de nuestras principales prioridades \u00ab.se\u00f1al\u00f3 el edil.<\/p>\n<p style=\"text-align: justify;\">Asimismo, la alcaldesa de Tortel, Marisela Jim\u00e9nez, destac\u00f3 la disposici\u00f3n del Gobernador para agilizar la inversi\u00f3n en la comuna. \u00abSostuvimos una importante reuni\u00f3n de trabajo con el gobernador regional y su equipo t\u00e9cnico, donde abordamos los principales proyectos para nuestra comuna. Adem\u00e1s, recorrimos distintos sectores de Tortel para identificar nuevas iniciativas de inversi\u00f3n que mejoren la calidad de vida de nuestros vecinos y vecinas\u201d.<\/p>\n<p style=\"text-align: justify;\">\u201cUno de los principales proyectos en carpeta es la adquisici\u00f3n de un generador de emergencia, fundamental para garantizar el suministro en situaciones cr\u00edticas. Asimismo, analizamos otras iniciativas orientadas a mejorar los servicios b\u00e1sicos y fortalecer la conectividad dentro de la comuna\u201d. finaliz\u00f3 la alcaldesa.<\/p>\n<p style=\"text-align: justify;\"><strong>Un plan de trabajo estrat\u00e9gico para la reactivaci\u00f3n econ\u00f3mica<\/strong><\/p>\n<p style=\"text-align: justify;\">Estas reuniones que vienen desarroll\u00e1ndose a inicios de la semana pasada en encuentros bilaterales con el alcalde de Cisnes y el alcalde de Chile Chico, Francisco Roncagliolo y Ariel Keim respectivamente, dan inicio a una serie de di\u00e1logos que buscan consolidar un plan de trabajo en conjunto con los municipios para la reactivaci\u00f3n econ\u00f3mica de la regi\u00f3n.<\/p>\n<p style=\"text-align: justify;\">Esta semana el Gobernador Santana continuar\u00e1 esta agenda de trabajo reuni\u00e9ndose con el alcalde de Coyhaique, para luego trasladarse a la comuna de R\u00edo Ib\u00e1\u00f1ez, con el fin de seguir impulsando inversiones estrat\u00e9gicas y de desarrollo local.<\/p>\n<p style=\"text-align: justify;\">Desde el Gobierno Regional, se reafirma el compromiso de trabajar en conjunto con los distintos actores para potenciar la econom\u00eda regional y fortalecer los proyectos prioritarios de cada comuna. En esta l\u00ednea, este jueves 13 de febrero, el Gobernador sostendr\u00e1 reuniones con representantes de sectores productivos para avanzar en la planificaci\u00f3n de las primeras 100 acciones que ser\u00e1n presentadas dentro de las pr\u00f3ximas semanas.<\/p>\n<p style=\"text-align: justify;\"><strong>Un compromiso con el desarrollo de Ays\u00e9n \u201cGabinete Productivo\u201d<\/strong><\/p>\n<p style=\"text-align: justify;\">El Gobierno Regional mantiene una agenda de trabajo enfocada en descentralizar la inversi\u00f3n y entregar soluciones concretas que permitan dinamizar la econom\u00eda local. A trav\u00e9s del trabajo coordinado con los municipios, servicios p\u00fablicos y sectores productivos, se espera generar un impacto positivo en la calidad de vida de las familias de Ays\u00e9n. En esta l\u00ednea, se anunci\u00f3 la creaci\u00f3n de un Gabinete Productivo, que permitir\u00e1 fortalecer en terreno, las estrategias de desarrollo econ\u00f3mico regional, articulando esfuerzos entre el sector p\u00fablico y privado para generar m\u00e1s oportunidades y mejorar la productividad de la regi\u00f3n.<\/p>\n<p style=\"text-align: justify;\">En este contexto el Gobernador destac\u00f3 que el desarrollo productivo de nuestra regi\u00f3n es una prioridad. Con la creaci\u00f3n del Gabinete Productivo se busca fortalecer el trabajo colaborativo con los sectores econ\u00f3micos y avanzar en iniciativas que generen empleo y crecimiento para Ays\u00e9n. Finalmente se comprometi\u00f3 a seguir\u00a0 recorriendo el territorio para garantizar que las decisiones que se toman desde el Gobierno Regional respondan a las reales necesidades de la gente.<\/p>\n<\/div><\/section><\/div><div  style='height:50px' class='hr hr-invisible   avia-builder-el-6  el_after_av_one_full  el_before_av_social_share '><span class='hr-inner ' ><span class='hr-inner-style'><\/span><\/span><\/div><\/p>\n<div  class='av-social-sharing-box  avia-builder-el-7  el_after_av_hr  el_before_av_hr  '><div class='av-share-box'><h5 class='av-share-link-description av-no-toc '>Compartir esta noticia<\/h5><ul class='av-share-box-list noLightbox'><li class='av-share-link av-social-link-facebook' ><a target=\"_blank\" aria-label=\"Compartir en Facebook\" href='https:\/\/www.facebook.com\/sharer.php?u=https:\/\/radiorevelacionfm.cl\/?p=50490&#038;t=Gobernador%20Regional%20inicia%20conversaciones%20con%20alcaldes%20para%20agilizar%20inversi%C3%B3n%20en%20proyectos%20y%20anuncia%20la%20creaci%C3%B3n%20de%20un%20%E2%80%9CGabinete%20Productivo%E2%80%9D' aria-hidden='false' data-av_icon='\ue8f3' data-av_iconfont='entypo-fontello' title='' data-avia-related-tooltip='Compartir en Facebook' rel=\"noopener\"><span class='avia_hidden_link_text'>Compartir en Facebook<\/span><\/a><\/li><li class='av-share-link av-social-link-twitter' ><a target=\"_blank\" aria-label=\"Compartir en Twitter\" href='https:\/\/twitter.com\/share?text=Gobernador%20Regional%20inicia%20conversaciones%20con%20alcaldes%20para%20agilizar%20inversi%C3%B3n%20en%20proyectos%20y%20anuncia%20la%20creaci%C3%B3n%20de%20un%20%E2%80%9CGabinete%20Productivo%E2%80%9D&#038;url=https:\/\/radiorevelacionfm.cl\/?p=50490' aria-hidden='false' data-av_icon='\ue8f1' data-av_iconfont='entypo-fontello' title='' data-avia-related-tooltip='Compartir en Twitter' rel=\"noopener\"><span class='avia_hidden_link_text'>Compartir en Twitter<\/span><\/a><\/li><li class='av-share-link av-social-link-whatsapp' ><a target=\"_blank\" aria-label=\"Compartir en Whatsapp\" href='https:\/\/api.whatsapp.com\/send?text=https:\/\/radiorevelacionfm.cl\/?p=50490' aria-hidden='false' data-av_icon='\uf232' data-av_iconfont='entypo-fontello' title='' data-avia-related-tooltip='Compartir en Whatsapp' rel=\"noopener\"><span class='avia_hidden_link_text'>Compartir en Whatsapp<\/span><\/a><\/li><li class='av-share-link av-social-link-linkedin' ><a target=\"_blank\" aria-label=\"Compartir en LinkedIn\" href='https:\/\/linkedin.com\/shareArticle?mini=true&#038;title=Gobernador%20Regional%20inicia%20conversaciones%20con%20alcaldes%20para%20agilizar%20inversi%C3%B3n%20en%20proyectos%20y%20anuncia%20la%20creaci%C3%B3n%20de%20un%20%E2%80%9CGabinete%20Productivo%E2%80%9D&#038;url=https:\/\/radiorevelacionfm.cl\/?p=50490' aria-hidden='false' data-av_icon='\ue8fc' data-av_iconfont='entypo-fontello' title='' data-avia-related-tooltip='Compartir en LinkedIn' rel=\"noopener\"><span class='avia_hidden_link_text'>Compartir en LinkedIn<\/span><\/a><\/li><li class='av-share-link av-social-link-mail' ><a  aria-label=\"Compartir por correo\" href='mailto:?subject=Gobernador%20Regional%20inicia%20conversaciones%20con%20alcaldes%20para%20agilizar%20inversi%C3%B3n%20en%20proyectos%20y%20anuncia%20la%20creaci%C3%B3n%20de%20un%20%E2%80%9CGabinete%20Productivo%E2%80%9D&#038;body=https:\/\/radiorevelacionfm.cl\/?p=50490' aria-hidden='false' data-av_icon='\ue805' data-av_iconfont='entypo-fontello' title='' data-avia-related-tooltip='Compartir por correo'><span class='avia_hidden_link_text'>Compartir por correo<\/span><\/a><\/li><\/ul><\/div><\/div>\n<div  style='height:50px' class='hr hr-invisible   avia-builder-el-8  el_after_av_social_share  el_before_av_comments_list '><span class='hr-inner ' ><span class='hr-inner-style'><\/span><\/span><\/div>\n<div  class='av-buildercomment  av-blog-meta-html-info-disabled av-blog-meta-tag-disabled  '><\/div>\n","protected":false},"excerpt":{"rendered":"","protected":false},"author":1,"featured_media":50491,"comment_status":"open","ping_status":"open","sticky":false,"template":"","format":"standard","meta":{"footnotes":""},"categories":[38],"tags":[],"class_list":["post-50490","post","type-post","status-publish","format-standard","has-post-thumbnail","hentry","category-regional"],"jetpack_featured_media_url":"https:\/\/radiorevelacionfm.cl\/wp-content\/uploads\/2025\/02\/IMAGEN-GOBERNADOR-REGIONAL-MARCELO-SANTANA-1-1.jpeg","_links":{"self":[{"href":"https:\/\/radiorevelacionfm.cl\/index.php?rest_route=\/wp\/v2\/posts\/50490","targetHints":{"allow":["GET"]}}],"collection":[{"href":"https:\/\/radiorevelacionfm.cl\/index.php?rest_route=\/wp\/v2\/posts"}],"about":[{"href":"https:\/\/radiorevelacionfm.cl\/index.php?rest_route=\/wp\/v2\/types\/post"}],"author":[{"embeddable":true,"href":"https:\/\/radiorevelacionfm.cl\/index.php?rest_route=\/wp\/v2\/users\/1"}],"replies":[{"embeddable":true,"href":"https:\/\/radiorevelacionfm.cl\/index.php?rest_route=%2Fwp%2Fv2%2Fcomments&post=50490"}],"version-history":[{"count":1,"href":"https:\/\/radiorevelacionfm.cl\/index.php?rest_route=\/wp\/v2\/posts\/50490\/revisions"}],"predecessor-version":[{"id":50492,"href":"https:\/\/radiorevelacionfm.cl\/index.php?rest_route=\/wp\/v2\/posts\/50490\/revisions\/50492"}],"wp:featuredmedia":[{"embeddable":true,"href":"https:\/\/radiorevelacionfm.cl\/index.php?rest_route=\/wp\/v2\/media\/50491"}],"wp:attachment":[{"href":"https:\/\/radiorevelacionfm.cl\/index.php?rest_route=%2Fwp%2Fv2%2Fmedia&parent=50490"}],"wp:term":[{"taxonomy":"category","embeddable":true,"href":"https:\/\/radiorevelacionfm.cl\/index.php?rest_route=%2Fwp%2Fv2%2Fcategories&post=50490"},{"taxonomy":"post_tag","embeddable":true,"href":"https:\/\/radiorevelacionfm.cl\/index.php?rest_route=%2Fwp%2Fv2%2Ftags&post=50490"}],"curies":[{"name":"wp","href":"https:\/\/api.w.org\/{rel}","templated":true}]}}