{"id":50484,"date":"2025-02-10T19:03:23","date_gmt":"2025-02-10T22:03:23","guid":{"rendered":"https:\/\/radiorevelacionfm.cl\/?p=50484"},"modified":"2025-02-10T19:03:23","modified_gmt":"2025-02-10T22:03:23","slug":"con-una-mejora-en-la-remuneracion-mensual-de-los-soldados-conscriptos-comenzo-el-llamado-para-realizar-el-servicio-militar","status":"publish","type":"post","link":"https:\/\/radiorevelacionfm.cl\/?p=50484","title":{"rendered":"Con una mejora en la remuneraci\u00f3n mensual de los soldados conscriptos, comenz\u00f3 el llamado para realizar el Servicio Militar"},"content":{"rendered":"<div class=\"flex_column av_one_full  flex_column_div av-zero-column-padding first  avia-builder-el-0  el_before_av_one_full  avia-builder-el-first  \" style='border-radius:0px; '><div  class='avia-image-container  av-styling-    avia-builder-el-1  avia-builder-el-no-sibling  avia-align-center '  itemprop=\"image\" itemscope=\"itemscope\" itemtype=\"https:\/\/schema.org\/ImageObject\"  ><div class='avia-image-container-inner'><div class='avia-image-overlay-wrap'><img decoding=\"async\" class='wp-image-50485 avia-img-lazy-loading-not-50485 avia_image' src=\"https:\/\/radiorevelacionfm.cl\/wp-content\/uploads\/2025\/02\/whatsapp-image-2025-02-10-at-15_optimized.03.49-3-1.jpeg\" alt='' title='whatsapp-image-2025-02-10-at-15_optimized.03.49-(3)-(1)' height=\"600\" width=\"800\"  itemprop=\"thumbnailUrl\" srcset=\"https:\/\/radiorevelacionfm.cl\/wp-content\/uploads\/2025\/02\/whatsapp-image-2025-02-10-at-15_optimized.03.49-3-1.jpeg 800w, https:\/\/radiorevelacionfm.cl\/wp-content\/uploads\/2025\/02\/whatsapp-image-2025-02-10-at-15_optimized.03.49-3-1-300x225.jpeg 300w, https:\/\/radiorevelacionfm.cl\/wp-content\/uploads\/2025\/02\/whatsapp-image-2025-02-10-at-15_optimized.03.49-3-1-768x576.jpeg 768w, https:\/\/radiorevelacionfm.cl\/wp-content\/uploads\/2025\/02\/whatsapp-image-2025-02-10-at-15_optimized.03.49-3-1-705x529.jpeg 705w, https:\/\/radiorevelacionfm.cl\/wp-content\/uploads\/2025\/02\/whatsapp-image-2025-02-10-at-15_optimized.03.49-3-1-450x338.jpeg 450w, https:\/\/radiorevelacionfm.cl\/wp-content\/uploads\/2025\/02\/whatsapp-image-2025-02-10-at-15_optimized.03.49-3-1-600x450.jpeg 600w\" sizes=\"(max-width: 800px) 100vw, 800px\" \/><\/div><\/div><\/div><\/div><div class=\"flex_column av_one_full  flex_column_div av-zero-column-padding first  avia-builder-el-2  el_after_av_one_full  el_before_av_one_full  column-top-margin\" style='border-radius:0px; '><section class=\"av_textblock_section \"  itemscope=\"itemscope\" itemtype=\"https:\/\/schema.org\/BlogPosting\" itemprop=\"blogPost\" ><div class='avia_textblock  '   itemprop=\"text\" ><p style=\"text-align: center;\"><strong><span style=\"font-size: 18pt;\">Con una mejora en la remuneraci\u00f3n mensual de los soldados conscriptos, comenz\u00f3 el llamado para realizar el Servicio Militar<\/span><\/strong><\/p>\n<div id=\"gtx-trans\" style=\"position: absolute; left: -50px; top: 4.31534px;\">\n<div class=\"gtx-trans-icon\"><\/div>\n<\/div>\n<\/div><\/section><\/div><div class=\"flex_column av_one_full  flex_column_div av-zero-column-padding first  avia-builder-el-4  el_after_av_one_full  el_before_av_hr  column-top-margin\" style='border-radius:0px; '><section class=\"av_textblock_section \"  itemscope=\"itemscope\" itemtype=\"https:\/\/schema.org\/BlogPosting\" itemprop=\"blogPost\" ><div class='avia_textblock  '   itemprop=\"text\" ><p style=\"text-align: justify;\">El proceso de selecci\u00f3n para el Servicio Militar Obligatorio para el a\u00f1o 2025 comenz\u00f3 con la publicaci\u00f3n de la lista de llamados, es por ello que los j\u00f3venes que tengan \u00a0entre 18 y 24 a\u00f1os de edad deben\u00a0 verificar si fueron convocados ingresando su RUT en el sitio oficial del Servicio Militar. En el caso, que no hayan sido seleccionados en el sorteo, a\u00fan pueden inscribirse como voluntario. Es importante destacar, que para las mujeres la participaci\u00f3n es voluntaria.<\/p>\n<p style=\"text-align: justify;\">Quienes ingresen a la Instituci\u00f3n como Soldados Conscriptos podr\u00e1n optar a diferentes beneficios como nivelar sus estudios de ense\u00f1anza b\u00e1sica o media, as\u00ed como tambi\u00e9n capacitarse en diferentes oficios gracias a un convenio con Servicio Nacional de Capacitaci\u00f3n y Empleo (Sence), uno de los beneficios m\u00e1s destacables es la \u201cAsignaci\u00f3n de est\u00edmulo al Servicio Militar\u201d el cual permitir\u00e1 aumentar en un 50% los sueldos de los soldados conscriptos en 2025 y en un 75% en 2026. Es decir a\u00a0 partir de este a\u00f1o, el sueldo de los soldados conscriptos de primer a\u00f1o aumentar\u00e1 de 124 mil pesos a 187 mil pesos mensuales, lo que podr\u00eda llegar hasta un m\u00e1ximo de 343 mil pesos con las asignaciones de zona.<\/p>\n<p style=\"text-align: justify;\">Cabe mencionar, que el Servicio Militar Obligatorio tiene una duraci\u00f3n de dos a\u00f1os, en los cuales el nuevo contingente podr\u00e1 adquirir conocimientos y tener un entrenamiento b\u00e1sico como soldado, quedando capacitados para apoyar al pa\u00eds en Defensa, as\u00ed como tambi\u00e9n en cat\u00e1strofes o emergencias.<\/p>\n<p style=\"text-align: justify;\">Los j\u00f3venes para saber si fueron llamados o quieren\u00a0 inscribirse de forma voluntaria deben ingresar a la p\u00e1gina web <a href=\"https:\/\/www.serviciomilitar.cl\/\">https:\/\/www.serviciomilitar.cl\/<\/a> o acercarse al cant\u00f3n de reclutamiento m\u00e1s cercano a su residencia<\/p>\n<\/div><\/section><\/div><div  style='height:50px' class='hr hr-invisible   avia-builder-el-6  el_after_av_one_full  el_before_av_social_share '><span class='hr-inner ' ><span class='hr-inner-style'><\/span><\/span><\/div><\/p>\n<div  class='av-social-sharing-box  avia-builder-el-7  el_after_av_hr  el_before_av_hr  '><div class='av-share-box'><h5 class='av-share-link-description av-no-toc '>Compartir esta noticia<\/h5><ul class='av-share-box-list noLightbox'><li class='av-share-link av-social-link-facebook' ><a target=\"_blank\" aria-label=\"Compartir en Facebook\" href='https:\/\/www.facebook.com\/sharer.php?u=https:\/\/radiorevelacionfm.cl\/?p=50484&#038;t=Con%20una%20mejora%20en%20la%20remuneraci%C3%B3n%20mensual%20de%20los%20soldados%20conscriptos%2C%20comenz%C3%B3%20el%20llamado%20para%20realizar%20el%20Servicio%20Militar' aria-hidden='false' data-av_icon='\ue8f3' data-av_iconfont='entypo-fontello' title='' data-avia-related-tooltip='Compartir en Facebook' rel=\"noopener\"><span class='avia_hidden_link_text'>Compartir en Facebook<\/span><\/a><\/li><li class='av-share-link av-social-link-twitter' ><a target=\"_blank\" aria-label=\"Compartir en Twitter\" href='https:\/\/twitter.com\/share?text=Con%20una%20mejora%20en%20la%20remuneraci%C3%B3n%20mensual%20de%20los%20soldados%20conscriptos%2C%20comenz%C3%B3%20el%20llamado%20para%20realizar%20el%20Servicio%20Militar&#038;url=https:\/\/radiorevelacionfm.cl\/?p=50484' aria-hidden='false' data-av_icon='\ue8f1' data-av_iconfont='entypo-fontello' title='' data-avia-related-tooltip='Compartir en Twitter' rel=\"noopener\"><span class='avia_hidden_link_text'>Compartir en Twitter<\/span><\/a><\/li><li class='av-share-link av-social-link-whatsapp' ><a target=\"_blank\" aria-label=\"Compartir en Whatsapp\" href='https:\/\/api.whatsapp.com\/send?text=https:\/\/radiorevelacionfm.cl\/?p=50484' aria-hidden='false' data-av_icon='\uf232' data-av_iconfont='entypo-fontello' title='' data-avia-related-tooltip='Compartir en Whatsapp' rel=\"noopener\"><span class='avia_hidden_link_text'>Compartir en Whatsapp<\/span><\/a><\/li><li class='av-share-link av-social-link-linkedin' ><a target=\"_blank\" aria-label=\"Compartir en LinkedIn\" href='https:\/\/linkedin.com\/shareArticle?mini=true&#038;title=Con%20una%20mejora%20en%20la%20remuneraci%C3%B3n%20mensual%20de%20los%20soldados%20conscriptos%2C%20comenz%C3%B3%20el%20llamado%20para%20realizar%20el%20Servicio%20Militar&#038;url=https:\/\/radiorevelacionfm.cl\/?p=50484' aria-hidden='false' data-av_icon='\ue8fc' data-av_iconfont='entypo-fontello' title='' data-avia-related-tooltip='Compartir en LinkedIn' rel=\"noopener\"><span class='avia_hidden_link_text'>Compartir en LinkedIn<\/span><\/a><\/li><li class='av-share-link av-social-link-mail' ><a  aria-label=\"Compartir por correo\" href='mailto:?subject=Con%20una%20mejora%20en%20la%20remuneraci%C3%B3n%20mensual%20de%20los%20soldados%20conscriptos%2C%20comenz%C3%B3%20el%20llamado%20para%20realizar%20el%20Servicio%20Militar&#038;body=https:\/\/radiorevelacionfm.cl\/?p=50484' aria-hidden='false' data-av_icon='\ue805' data-av_iconfont='entypo-fontello' title='' data-avia-related-tooltip='Compartir por correo'><span class='avia_hidden_link_text'>Compartir por correo<\/span><\/a><\/li><\/ul><\/div><\/div>\n<div  style='height:50px' class='hr hr-invisible   avia-builder-el-8  el_after_av_social_share  el_before_av_comments_list '><span class='hr-inner ' ><span class='hr-inner-style'><\/span><\/span><\/div>\n<div  class='av-buildercomment  av-blog-meta-html-info-disabled av-blog-meta-tag-disabled  '><\/div>\n","protected":false},"excerpt":{"rendered":"","protected":false},"author":1,"featured_media":50485,"comment_status":"open","ping_status":"open","sticky":false,"template":"","format":"standard","meta":{"footnotes":""},"categories":[38],"tags":[],"class_list":["post-50484","post","type-post","status-publish","format-standard","has-post-thumbnail","hentry","category-regional"],"jetpack_featured_media_url":"https:\/\/radiorevelacionfm.cl\/wp-content\/uploads\/2025\/02\/whatsapp-image-2025-02-10-at-15_optimized.03.49-3-1.jpeg","_links":{"self":[{"href":"https:\/\/radiorevelacionfm.cl\/index.php?rest_route=\/wp\/v2\/posts\/50484","targetHints":{"allow":["GET"]}}],"collection":[{"href":"https:\/\/radiorevelacionfm.cl\/index.php?rest_route=\/wp\/v2\/posts"}],"about":[{"href":"https:\/\/radiorevelacionfm.cl\/index.php?rest_route=\/wp\/v2\/types\/post"}],"author":[{"embeddable":true,"href":"https:\/\/radiorevelacionfm.cl\/index.php?rest_route=\/wp\/v2\/users\/1"}],"replies":[{"embeddable":true,"href":"https:\/\/radiorevelacionfm.cl\/index.php?rest_route=%2Fwp%2Fv2%2Fcomments&post=50484"}],"version-history":[{"count":1,"href":"https:\/\/radiorevelacionfm.cl\/index.php?rest_route=\/wp\/v2\/posts\/50484\/revisions"}],"predecessor-version":[{"id":50486,"href":"https:\/\/radiorevelacionfm.cl\/index.php?rest_route=\/wp\/v2\/posts\/50484\/revisions\/50486"}],"wp:featuredmedia":[{"embeddable":true,"href":"https:\/\/radiorevelacionfm.cl\/index.php?rest_route=\/wp\/v2\/media\/50485"}],"wp:attachment":[{"href":"https:\/\/radiorevelacionfm.cl\/index.php?rest_route=%2Fwp%2Fv2%2Fmedia&parent=50484"}],"wp:term":[{"taxonomy":"category","embeddable":true,"href":"https:\/\/radiorevelacionfm.cl\/index.php?rest_route=%2Fwp%2Fv2%2Fcategories&post=50484"},{"taxonomy":"post_tag","embeddable":true,"href":"https:\/\/radiorevelacionfm.cl\/index.php?rest_route=%2Fwp%2Fv2%2Ftags&post=50484"}],"curies":[{"name":"wp","href":"https:\/\/api.w.org\/{rel}","templated":true}]}}