{"id":50481,"date":"2025-02-10T18:02:10","date_gmt":"2025-02-10T21:02:10","guid":{"rendered":"https:\/\/radiorevelacionfm.cl\/?p=50481"},"modified":"2025-02-10T18:02:10","modified_gmt":"2025-02-10T21:02:10","slug":"cochrane-celebra-el-xxv-encuentro-costumbrista-el-mas-tradicional-y-antiguo-de-la-region-de-aysen","status":"publish","type":"post","link":"https:\/\/radiorevelacionfm.cl\/?p=50481","title":{"rendered":"Cochrane celebra el XXV Encuentro Costumbrista: El m\u00e1s tradicional y antiguo de la regi\u00f3n de Ays\u00e9n"},"content":{"rendered":"<div class=\"flex_column av_one_full  flex_column_div av-zero-column-padding first  avia-builder-el-0  el_before_av_one_full  avia-builder-el-first  \" style='border-radius:0px; '><div  class='avia-image-container  av-styling-    avia-builder-el-1  avia-builder-el-no-sibling  avia-align-center '  itemprop=\"image\" itemscope=\"itemscope\" itemtype=\"https:\/\/schema.org\/ImageObject\"  ><div class='avia-image-container-inner'><div class='avia-image-overlay-wrap'><img decoding=\"async\" class='wp-image-50482 avia-img-lazy-loading-not-50482 avia_image' src=\"https:\/\/radiorevelacionfm.cl\/wp-content\/uploads\/2025\/02\/costumbrista-cochrane-25-1-1_optimized-1.jpeg\" alt='' title='costumbrista-cochrane-25-(1)-(1)_optimized (1)' height=\"600\" width=\"897\"  itemprop=\"thumbnailUrl\" srcset=\"https:\/\/radiorevelacionfm.cl\/wp-content\/uploads\/2025\/02\/costumbrista-cochrane-25-1-1_optimized-1.jpeg 897w, https:\/\/radiorevelacionfm.cl\/wp-content\/uploads\/2025\/02\/costumbrista-cochrane-25-1-1_optimized-1-300x201.jpeg 300w, https:\/\/radiorevelacionfm.cl\/wp-content\/uploads\/2025\/02\/costumbrista-cochrane-25-1-1_optimized-1-768x514.jpeg 768w, https:\/\/radiorevelacionfm.cl\/wp-content\/uploads\/2025\/02\/costumbrista-cochrane-25-1-1_optimized-1-705x472.jpeg 705w, https:\/\/radiorevelacionfm.cl\/wp-content\/uploads\/2025\/02\/costumbrista-cochrane-25-1-1_optimized-1-450x301.jpeg 450w, https:\/\/radiorevelacionfm.cl\/wp-content\/uploads\/2025\/02\/costumbrista-cochrane-25-1-1_optimized-1-600x401.jpeg 600w\" sizes=\"(max-width: 897px) 100vw, 897px\" \/><\/div><\/div><\/div><\/div><div class=\"flex_column av_one_full  flex_column_div av-zero-column-padding first  avia-builder-el-2  el_after_av_one_full  el_before_av_one_full  column-top-margin\" style='border-radius:0px; '><section class=\"av_textblock_section \"  itemscope=\"itemscope\" itemtype=\"https:\/\/schema.org\/BlogPosting\" itemprop=\"blogPost\" ><div class='avia_textblock  '   itemprop=\"text\" ><p style=\"text-align: center;\"><strong><span style=\"font-size: 18pt;\">Cochrane celebra el XXV Encuentro Costumbrista: El m\u00e1s tradicional y antiguo de la regi\u00f3n de Ays\u00e9n<\/span><\/strong><\/p>\n<div id=\"gtx-trans\" style=\"position: absolute; left: -50px; top: 4.31534px;\">\n<div class=\"gtx-trans-icon\"><\/div>\n<\/div>\n<\/div><\/section><\/div><\/p>\n<div class=\"flex_column av_one_full  flex_column_div av-zero-column-padding first  avia-builder-el-4  el_after_av_one_full  el_before_av_hr  column-top-margin\" style='border-radius:0px; '><section class=\"av_textblock_section \"  itemscope=\"itemscope\" itemtype=\"https:\/\/schema.org\/BlogPosting\" itemprop=\"blogPost\" ><div class='avia_textblock  '   itemprop=\"text\" ><p style=\"text-align: justify;\">La comuna de Cochrane se prepara para recibir a visitantes y residentes en la vig\u00e9sima quinta edici\u00f3n del Encuentro Costumbrista, el evento m\u00e1s tradicional y antiguo de la regi\u00f3n de Ays\u00e9n. Este 15 y 16 de febrero, el Parque Costumbrista se convertir\u00e1 en el epicentro de la cultura patag\u00f3nica, con actividades para toda la familia y un ambiente que rescata las ra\u00edces de los pioneros de la zona, evento organizado por la Municipalidad de Cochrane y financiado por el Gobierno Regional de Ays\u00e9n.<\/p>\n<p style=\"text-align: justify;\">\u00abQueremos hacer una invitaci\u00f3n muy especial a toda la regi\u00f3n de Ays\u00e9n y a quienes nos visitan a disfrutar del Encuentro Costumbrista de Cochrane. Este a\u00f1o estamos cumpliendo 25 a\u00f1os de esta tradici\u00f3n, por lo que esperamos contar con una gran participaci\u00f3n para celebrar nuestras costumbres\u00bb, expres\u00f3 el alcalde Patricio Ulloa Georgia.<\/p>\n<p style=\"text-align: justify;\">La jornada dar\u00e1 inicio este s\u00e1bado 15 de febrero a partir de las 10:00 horas con la apertura de los stands de artesan\u00eda y gastronom\u00eda t\u00edpica, donde los asistentes podr\u00e1n disfrutar de cordero al palo, vaquilla al palo y otras preparaciones tradicionales. Adem\u00e1s, se llevar\u00e1 a cabo el esperado desfile de pioneros, un recorrido a caballo que rinde homenaje a quienes forjaron esta tierra.<\/p>\n<p style=\"text-align: justify;\">Antes del inicio oficial de las festividades, el encuentro contar\u00e1 con una romer\u00eda del recuerdo en el Cementerio Municipal, un emotivo homenaje a quienes contribuyeron a forjar la historia de Cochrane. \u00abLo que hacemos es mantener vivas las costumbres y tradiciones que nos legaron nuestros antepasados\u00bb, destac\u00f3 el alcalde.<\/p>\n<p style=\"text-align: justify;\">Los asistentes podr\u00e1n disfrutar de una amplia variedad de actividades, desde juegos tradicionales y muestra de esquila hasta espect\u00e1culos de jineteadas y el desaf\u00edo de la torta frita m\u00e1s grande de la Patagonia. Adem\u00e1s, el evento contar\u00e1 con presentaciones de destacados artistas locales, como Los de San Lorenzo, Heriberto Maldonado, Atilio Cruces, Sones del Baker, Las Aut\u00e9nticas del Baker y Carlos Cruces. En el \u00e1mbito regional, se presentar\u00e1n Los Amigos Criollos, Fusi\u00f3n Irreverente y Jorge Contreras, mientras que el talento nacional estar\u00e1 representado por La Descendencia Chilena y Los Bravos de Chile. Con esta variada propuesta art\u00edstica, el evento promete brindar un espect\u00e1culo de primer nivel para todos los asistentes.<\/p>\n<p style=\"text-align: justify;\">El XXV Encuentro Costumbrista de Cochrane promete ser una instancia inolvidable para celebrar la cultura patag\u00f3nica y compartir en comunidad. \u00abEl programa oficial est\u00e1 disponible en nuestras redes sociales para que puedan planificar su visita. Esta fiesta es un encuentro maravilloso que lleva la esencia del campo a la ciudad, y queremos que todos se sientan invitados\u00bb, concluy\u00f3 el alcalde Ulloa.<\/p>\n<p style=\"text-align: justify;\">Para m\u00e1s informaci\u00f3n sobre la programaci\u00f3n y actividades, puedes encontrarla en www.municochrane.cl o en redes sociales de la I. Municipalidad de Cochrane.<\/p>\n<\/div><\/section><\/div>\n<div  style='height:50px' class='hr hr-invisible   avia-builder-el-6  el_after_av_one_full  el_before_av_social_share '><span class='hr-inner ' ><span class='hr-inner-style'><\/span><\/span><\/div>\n<div  class='av-social-sharing-box  avia-builder-el-7  el_after_av_hr  el_before_av_hr  '><div class='av-share-box'><h5 class='av-share-link-description av-no-toc '>Compartir esta noticia<\/h5><ul class='av-share-box-list noLightbox'><li class='av-share-link av-social-link-facebook' ><a target=\"_blank\" aria-label=\"Compartir en Facebook\" href='https:\/\/www.facebook.com\/sharer.php?u=https:\/\/radiorevelacionfm.cl\/?p=50481&#038;t=Cochrane%20celebra%20el%20XXV%20Encuentro%20Costumbrista%3A%20El%20m%C3%A1s%20tradicional%20y%20antiguo%20de%20la%20regi%C3%B3n%20de%20Ays%C3%A9n' aria-hidden='false' data-av_icon='\ue8f3' data-av_iconfont='entypo-fontello' title='' data-avia-related-tooltip='Compartir en Facebook' rel=\"noopener\"><span class='avia_hidden_link_text'>Compartir en Facebook<\/span><\/a><\/li><li class='av-share-link av-social-link-twitter' ><a target=\"_blank\" aria-label=\"Compartir en Twitter\" href='https:\/\/twitter.com\/share?text=Cochrane%20celebra%20el%20XXV%20Encuentro%20Costumbrista%3A%20El%20m%C3%A1s%20tradicional%20y%20antiguo%20de%20la%20regi%C3%B3n%20de%20Ays%C3%A9n&#038;url=https:\/\/radiorevelacionfm.cl\/?p=50481' aria-hidden='false' data-av_icon='\ue8f1' data-av_iconfont='entypo-fontello' title='' data-avia-related-tooltip='Compartir en Twitter' rel=\"noopener\"><span class='avia_hidden_link_text'>Compartir en Twitter<\/span><\/a><\/li><li class='av-share-link av-social-link-whatsapp' ><a target=\"_blank\" aria-label=\"Compartir en Whatsapp\" href='https:\/\/api.whatsapp.com\/send?text=https:\/\/radiorevelacionfm.cl\/?p=50481' aria-hidden='false' data-av_icon='\uf232' data-av_iconfont='entypo-fontello' title='' data-avia-related-tooltip='Compartir en Whatsapp' rel=\"noopener\"><span class='avia_hidden_link_text'>Compartir en Whatsapp<\/span><\/a><\/li><li class='av-share-link av-social-link-linkedin' ><a target=\"_blank\" aria-label=\"Compartir en LinkedIn\" href='https:\/\/linkedin.com\/shareArticle?mini=true&#038;title=Cochrane%20celebra%20el%20XXV%20Encuentro%20Costumbrista%3A%20El%20m%C3%A1s%20tradicional%20y%20antiguo%20de%20la%20regi%C3%B3n%20de%20Ays%C3%A9n&#038;url=https:\/\/radiorevelacionfm.cl\/?p=50481' aria-hidden='false' data-av_icon='\ue8fc' data-av_iconfont='entypo-fontello' title='' data-avia-related-tooltip='Compartir en LinkedIn' rel=\"noopener\"><span class='avia_hidden_link_text'>Compartir en LinkedIn<\/span><\/a><\/li><li class='av-share-link av-social-link-mail' ><a  aria-label=\"Compartir por correo\" href='mailto:?subject=Cochrane%20celebra%20el%20XXV%20Encuentro%20Costumbrista%3A%20El%20m%C3%A1s%20tradicional%20y%20antiguo%20de%20la%20regi%C3%B3n%20de%20Ays%C3%A9n&#038;body=https:\/\/radiorevelacionfm.cl\/?p=50481' aria-hidden='false' data-av_icon='\ue805' data-av_iconfont='entypo-fontello' title='' data-avia-related-tooltip='Compartir por correo'><span class='avia_hidden_link_text'>Compartir por correo<\/span><\/a><\/li><\/ul><\/div><\/div>\n<div  style='height:50px' class='hr hr-invisible   avia-builder-el-8  el_after_av_social_share  el_before_av_comments_list '><span class='hr-inner ' ><span class='hr-inner-style'><\/span><\/span><\/div>\n<div  class='av-buildercomment  av-blog-meta-html-info-disabled av-blog-meta-tag-disabled  '><\/div>\n","protected":false},"excerpt":{"rendered":"","protected":false},"author":1,"featured_media":50482,"comment_status":"open","ping_status":"open","sticky":false,"template":"","format":"standard","meta":{"footnotes":""},"categories":[38],"tags":[],"class_list":["post-50481","post","type-post","status-publish","format-standard","has-post-thumbnail","hentry","category-regional"],"jetpack_featured_media_url":"https:\/\/radiorevelacionfm.cl\/wp-content\/uploads\/2025\/02\/costumbrista-cochrane-25-1-1_optimized-1.jpeg","_links":{"self":[{"href":"https:\/\/radiorevelacionfm.cl\/index.php?rest_route=\/wp\/v2\/posts\/50481","targetHints":{"allow":["GET"]}}],"collection":[{"href":"https:\/\/radiorevelacionfm.cl\/index.php?rest_route=\/wp\/v2\/posts"}],"about":[{"href":"https:\/\/radiorevelacionfm.cl\/index.php?rest_route=\/wp\/v2\/types\/post"}],"author":[{"embeddable":true,"href":"https:\/\/radiorevelacionfm.cl\/index.php?rest_route=\/wp\/v2\/users\/1"}],"replies":[{"embeddable":true,"href":"https:\/\/radiorevelacionfm.cl\/index.php?rest_route=%2Fwp%2Fv2%2Fcomments&post=50481"}],"version-history":[{"count":1,"href":"https:\/\/radiorevelacionfm.cl\/index.php?rest_route=\/wp\/v2\/posts\/50481\/revisions"}],"predecessor-version":[{"id":50483,"href":"https:\/\/radiorevelacionfm.cl\/index.php?rest_route=\/wp\/v2\/posts\/50481\/revisions\/50483"}],"wp:featuredmedia":[{"embeddable":true,"href":"https:\/\/radiorevelacionfm.cl\/index.php?rest_route=\/wp\/v2\/media\/50482"}],"wp:attachment":[{"href":"https:\/\/radiorevelacionfm.cl\/index.php?rest_route=%2Fwp%2Fv2%2Fmedia&parent=50481"}],"wp:term":[{"taxonomy":"category","embeddable":true,"href":"https:\/\/radiorevelacionfm.cl\/index.php?rest_route=%2Fwp%2Fv2%2Fcategories&post=50481"},{"taxonomy":"post_tag","embeddable":true,"href":"https:\/\/radiorevelacionfm.cl\/index.php?rest_route=%2Fwp%2Fv2%2Ftags&post=50481"}],"curies":[{"name":"wp","href":"https:\/\/api.w.org\/{rel}","templated":true}]}}