{"id":50478,"date":"2025-02-13T10:46:13","date_gmt":"2025-02-13T13:46:13","guid":{"rendered":"https:\/\/radiorevelacionfm.cl\/?p=50478"},"modified":"2025-02-13T10:46:13","modified_gmt":"2025-02-13T13:46:13","slug":"gobierno-regional-anticipa-la-apertura-del-presupuesto-2025","status":"publish","type":"post","link":"https:\/\/radiorevelacionfm.cl\/?p=50478","title":{"rendered":"Gobierno Regional anticipa la apertura del presupuesto 2025"},"content":{"rendered":"<div class=\"flex_column av_one_full  flex_column_div av-zero-column-padding first  avia-builder-el-0  el_before_av_one_full  avia-builder-el-first  \" style='border-radius:0px; '><div  class='avia-image-container  av-styling-    avia-builder-el-1  avia-builder-el-no-sibling  avia-align-center '  itemprop=\"image\" itemscope=\"itemscope\" itemtype=\"https:\/\/schema.org\/ImageObject\"  ><div class='avia-image-container-inner'><div class='avia-image-overlay-wrap'><img decoding=\"async\" class='wp-image-50479 avia-img-lazy-loading-not-50479 avia_image' src=\"https:\/\/radiorevelacionfm.cl\/wp-content\/uploads\/2025\/02\/Gobernador-Regional-Marcelo-Santana-1-1.jpeg\" alt='' title='Gobernador Regional Marcelo Santana (1) (1)' height=\"600\" width=\"898\"  itemprop=\"thumbnailUrl\" srcset=\"https:\/\/radiorevelacionfm.cl\/wp-content\/uploads\/2025\/02\/Gobernador-Regional-Marcelo-Santana-1-1.jpeg 898w, https:\/\/radiorevelacionfm.cl\/wp-content\/uploads\/2025\/02\/Gobernador-Regional-Marcelo-Santana-1-1-300x200.jpeg 300w, https:\/\/radiorevelacionfm.cl\/wp-content\/uploads\/2025\/02\/Gobernador-Regional-Marcelo-Santana-1-1-768x513.jpeg 768w, https:\/\/radiorevelacionfm.cl\/wp-content\/uploads\/2025\/02\/Gobernador-Regional-Marcelo-Santana-1-1-705x471.jpeg 705w, https:\/\/radiorevelacionfm.cl\/wp-content\/uploads\/2025\/02\/Gobernador-Regional-Marcelo-Santana-1-1-450x301.jpeg 450w, https:\/\/radiorevelacionfm.cl\/wp-content\/uploads\/2025\/02\/Gobernador-Regional-Marcelo-Santana-1-1-600x401.jpeg 600w\" sizes=\"(max-width: 898px) 100vw, 898px\" \/><\/div><\/div><\/div><\/div><div class=\"flex_column av_one_full  flex_column_div av-zero-column-padding first  avia-builder-el-2  el_after_av_one_full  el_before_av_one_full  column-top-margin\" style='border-radius:0px; '><section class=\"av_textblock_section \"  itemscope=\"itemscope\" itemtype=\"https:\/\/schema.org\/BlogPosting\" itemprop=\"blogPost\" ><div class='avia_textblock  '   itemprop=\"text\" ><p style=\"text-align: center;\"><strong><span style=\"font-size: 18pt;\">Gobierno Regional anticipa la apertura del presupuesto 2025<\/span><\/strong><\/p>\n<div id=\"gtx-trans\" style=\"position: absolute; left: -50px; top: 4.31534px;\">\n<div class=\"gtx-trans-icon\"><\/div>\n<\/div>\n<\/div><\/section><\/div><div class=\"flex_column av_one_full  flex_column_div av-zero-column-padding first  avia-builder-el-4  el_after_av_one_full  el_before_av_hr  column-top-margin\" style='border-radius:0px; '><section class=\"av_textblock_section \"  itemscope=\"itemscope\" itemtype=\"https:\/\/schema.org\/BlogPosting\" itemprop=\"blogPost\" ><div class='avia_textblock  '   itemprop=\"text\" ><p style=\"text-align: justify;\">\u00abNuestro deber y compromiso es garantizar a la comunidad regional una mejor distribuci\u00f3n de los recursos\u00bb, afirm\u00f3 el Gobernador Marcelo Santana.<\/p>\n<p style=\"text-align: justify;\">El Gobierno Regional de Ays\u00e9n marc\u00f3 un hito en la gesti\u00f3n financiera de la regi\u00f3n al dar inicio oficial a la apertura anticipada del presupuesto 2025, permitiendo una planificaci\u00f3n m\u00e1s eficiente y una ejecuci\u00f3n temprana de los recursos. Gracias al esfuerzo del equipo regional, este proceso se concret\u00f3 40 d\u00edas antes que el a\u00f1o pasado, lo que permitir\u00e1 optimizar su ejecuci\u00f3n y alcanzar con mayor eficacia las metas establecidas por la administraci\u00f3n.<\/p>\n<p style=\"text-align: justify;\">El Gobernador Regional, Marcelo Santana, destac\u00f3 la importancia de esta medida, se\u00f1alando que:<\/p>\n<p style=\"text-align: justify;\"><em>\u00abLuego de mucho esfuerzo y trabajo de nuestros equipos en conjunto con la Dipres, hemos logrado abrir el presupuesto 2025 y con esto comenzar su ejecuci\u00f3n este mes de febrero, 40 d\u00edas antes que el a\u00f1o pasado. Lo que buscamos es mejorar la eficiencia, la ejecuci\u00f3n presupuestaria y ocupar los recursos que llegan a la regi\u00f3n en obras que impacten en nuestro desarrollo.\u00bb<\/em><\/p>\n<p style=\"text-align: justify;\">Adem\u00e1s, el Gobernador mencion\u00f3 que, como parte de este proceso, ya se han comenzado a realizar transferencias a los distintos servicios p\u00fablicos y municipios, lo que permitir\u00e1 que las comunas inicien la ejecuci\u00f3n de proyectos en beneficio de sus habitantes. Con esta medida, se busca acelerar la inversi\u00f3n y generar un impacto positivo en el desarrollo regional.<\/p>\n<p style=\"text-align: justify;\"><strong>Desaf\u00edos de la ejecuci\u00f3n presupuestaria en Ays\u00e9n<\/strong><\/p>\n<p style=\"text-align: justify;\">Para la jefa de la Divisi\u00f3n de Presupuesto e Inversi\u00f3n Regional, Magdalena L\u00e9niz Garc\u00eda, la ejecuci\u00f3n presupuestaria ha enfrentado diversas dificultades debido a modificaciones normativas establecidas en la Ley de Presupuesto 2024.<\/p>\n<p style=\"text-align: justify;\"><em>\u00abEstas modificaciones han generado retrasos en la aprobaci\u00f3n de modificaciones presupuestarias, problemas en el reconocimiento de gastos y diferencias de criterios administrativos que han afectado la inversi\u00f3n en la regi\u00f3n. Las principales trabas han sido la lentitud en la visaci\u00f3n de modificaciones por parte de DIPRES, la gesti\u00f3n de rebajas presupuestarias a fin de a\u00f1o y la falta de reconocimiento de algunos gastos, lo que ha impactado la ejecuci\u00f3n de proyectos claves para el desarrollo de Ays\u00e9n.\u00bb<\/em><\/p>\n<p style=\"text-align: justify;\">Ante este escenario, el Gobierno Regional ha enfatizado la necesidad de mejorar la planificaci\u00f3n y agilizar la inversi\u00f3n en obras estrat\u00e9gicas que generen empleo y dinamicen la econom\u00eda local.<\/p>\n<p style=\"text-align: justify;\"><strong>Planificaci\u00f3n y enfoque en inversi\u00f3n estrat\u00e9gica<\/strong><\/p>\n<p style=\"text-align: justify;\">Con la apertura adelantada del presupuesto, el Gobierno Regional reafirma su compromiso con una gesti\u00f3n ordenada y eficiente, garantizando que los recursos lleguen oportunamente a las iniciativas que fortalecer\u00e1n el desarrollo de Ays\u00e9n. Ahora comienza la tarea de redistribuir el presupuesto y cumplir con los compromisos establecidos, tomando en cuenta los recientes datos sobre el PIB y la confirmaci\u00f3n de la Direcci\u00f3n de Presupuestos (DIPRES) sobre la posibilidad de nuevas reducciones presupuestarias.<\/p>\n<p style=\"text-align: justify;\">Ante este escenario, cobra a\u00fan m\u00e1s relevancia invertir en obras que impulsen la econom\u00eda regional, fomenten el empleo y atraigan inversi\u00f3n privada, consolidando as\u00ed un desarrollo sostenible y equitativo para Ays\u00e9n.<\/p>\n<\/div><\/section><\/div><div  style='height:50px' class='hr hr-invisible   avia-builder-el-6  el_after_av_one_full  el_before_av_social_share '><span class='hr-inner ' ><span class='hr-inner-style'><\/span><\/span><\/div><\/p>\n<div  class='av-social-sharing-box  avia-builder-el-7  el_after_av_hr  el_before_av_hr  '><div class='av-share-box'><h5 class='av-share-link-description av-no-toc '>Compartir esta noticia<\/h5><ul class='av-share-box-list noLightbox'><li class='av-share-link av-social-link-facebook' ><a target=\"_blank\" aria-label=\"Compartir en Facebook\" href='https:\/\/www.facebook.com\/sharer.php?u=https:\/\/radiorevelacionfm.cl\/?p=50478&#038;t=Gobierno%20Regional%20anticipa%20la%20apertura%20del%20presupuesto%202025' aria-hidden='false' data-av_icon='\ue8f3' data-av_iconfont='entypo-fontello' title='' data-avia-related-tooltip='Compartir en Facebook' rel=\"noopener\"><span class='avia_hidden_link_text'>Compartir en Facebook<\/span><\/a><\/li><li class='av-share-link av-social-link-twitter' ><a target=\"_blank\" aria-label=\"Compartir en Twitter\" href='https:\/\/twitter.com\/share?text=Gobierno%20Regional%20anticipa%20la%20apertura%20del%20presupuesto%202025&#038;url=https:\/\/radiorevelacionfm.cl\/?p=50478' aria-hidden='false' data-av_icon='\ue8f1' data-av_iconfont='entypo-fontello' title='' data-avia-related-tooltip='Compartir en Twitter' rel=\"noopener\"><span class='avia_hidden_link_text'>Compartir en Twitter<\/span><\/a><\/li><li class='av-share-link av-social-link-whatsapp' ><a target=\"_blank\" aria-label=\"Compartir en Whatsapp\" href='https:\/\/api.whatsapp.com\/send?text=https:\/\/radiorevelacionfm.cl\/?p=50478' aria-hidden='false' data-av_icon='\uf232' data-av_iconfont='entypo-fontello' title='' data-avia-related-tooltip='Compartir en Whatsapp' rel=\"noopener\"><span class='avia_hidden_link_text'>Compartir en Whatsapp<\/span><\/a><\/li><li class='av-share-link av-social-link-linkedin' ><a target=\"_blank\" aria-label=\"Compartir en LinkedIn\" href='https:\/\/linkedin.com\/shareArticle?mini=true&#038;title=Gobierno%20Regional%20anticipa%20la%20apertura%20del%20presupuesto%202025&#038;url=https:\/\/radiorevelacionfm.cl\/?p=50478' aria-hidden='false' data-av_icon='\ue8fc' data-av_iconfont='entypo-fontello' title='' data-avia-related-tooltip='Compartir en LinkedIn' rel=\"noopener\"><span class='avia_hidden_link_text'>Compartir en LinkedIn<\/span><\/a><\/li><li class='av-share-link av-social-link-mail' ><a  aria-label=\"Compartir por correo\" href='mailto:?subject=Gobierno%20Regional%20anticipa%20la%20apertura%20del%20presupuesto%202025&#038;body=https:\/\/radiorevelacionfm.cl\/?p=50478' aria-hidden='false' data-av_icon='\ue805' data-av_iconfont='entypo-fontello' title='' data-avia-related-tooltip='Compartir por correo'><span class='avia_hidden_link_text'>Compartir por correo<\/span><\/a><\/li><\/ul><\/div><\/div>\n<div  style='height:50px' class='hr hr-invisible   avia-builder-el-8  el_after_av_social_share  el_before_av_comments_list '><span class='hr-inner ' ><span class='hr-inner-style'><\/span><\/span><\/div>\n<div  class='av-buildercomment  av-blog-meta-html-info-disabled av-blog-meta-tag-disabled  '><\/div>\n","protected":false},"excerpt":{"rendered":"","protected":false},"author":1,"featured_media":50479,"comment_status":"open","ping_status":"open","sticky":false,"template":"","format":"standard","meta":{"footnotes":""},"categories":[38],"tags":[],"class_list":["post-50478","post","type-post","status-publish","format-standard","has-post-thumbnail","hentry","category-regional"],"jetpack_featured_media_url":"https:\/\/radiorevelacionfm.cl\/wp-content\/uploads\/2025\/02\/Gobernador-Regional-Marcelo-Santana-1-1.jpeg","_links":{"self":[{"href":"https:\/\/radiorevelacionfm.cl\/index.php?rest_route=\/wp\/v2\/posts\/50478","targetHints":{"allow":["GET"]}}],"collection":[{"href":"https:\/\/radiorevelacionfm.cl\/index.php?rest_route=\/wp\/v2\/posts"}],"about":[{"href":"https:\/\/radiorevelacionfm.cl\/index.php?rest_route=\/wp\/v2\/types\/post"}],"author":[{"embeddable":true,"href":"https:\/\/radiorevelacionfm.cl\/index.php?rest_route=\/wp\/v2\/users\/1"}],"replies":[{"embeddable":true,"href":"https:\/\/radiorevelacionfm.cl\/index.php?rest_route=%2Fwp%2Fv2%2Fcomments&post=50478"}],"version-history":[{"count":1,"href":"https:\/\/radiorevelacionfm.cl\/index.php?rest_route=\/wp\/v2\/posts\/50478\/revisions"}],"predecessor-version":[{"id":50480,"href":"https:\/\/radiorevelacionfm.cl\/index.php?rest_route=\/wp\/v2\/posts\/50478\/revisions\/50480"}],"wp:featuredmedia":[{"embeddable":true,"href":"https:\/\/radiorevelacionfm.cl\/index.php?rest_route=\/wp\/v2\/media\/50479"}],"wp:attachment":[{"href":"https:\/\/radiorevelacionfm.cl\/index.php?rest_route=%2Fwp%2Fv2%2Fmedia&parent=50478"}],"wp:term":[{"taxonomy":"category","embeddable":true,"href":"https:\/\/radiorevelacionfm.cl\/index.php?rest_route=%2Fwp%2Fv2%2Fcategories&post=50478"},{"taxonomy":"post_tag","embeddable":true,"href":"https:\/\/radiorevelacionfm.cl\/index.php?rest_route=%2Fwp%2Fv2%2Ftags&post=50478"}],"curies":[{"name":"wp","href":"https:\/\/api.w.org\/{rel}","templated":true}]}}