{"id":5047,"date":"2021-06-09T10:13:09","date_gmt":"2021-06-09T13:13:09","guid":{"rendered":"https:\/\/radiorevelacionfm.cl\/?p=5047"},"modified":"2021-06-09T12:15:04","modified_gmt":"2021-06-09T15:15:04","slug":"destacan-exitoso-operativo-de-vacunacion-contra-el-covid-realizado-el-fin-de-semana","status":"publish","type":"post","link":"https:\/\/radiorevelacionfm.cl\/?p=5047","title":{"rendered":"Destacan exitoso operativo de vacunaci\u00f3n contra el Covid realizado el fin de semana"},"content":{"rendered":"<div class=\"flex_column av_one_full  flex_column_div av-zero-column-padding first  avia-builder-el-0  el_before_av_one_full  avia-builder-el-first  \" style='border-radius:0px; '><div  class='avia-image-container  av-styling-    avia-builder-el-1  avia-builder-el-no-sibling  avia-align-center '  itemprop=\"image\" itemscope=\"itemscope\" itemtype=\"https:\/\/schema.org\/ImageObject\"  ><div class='avia-image-container-inner'><div class='avia-image-overlay-wrap'><img decoding=\"async\" class='wp-image-5048 avia-img-lazy-loading-not-5048 avia_image' src=\"https:\/\/radiorevelacionfm.cl\/wp-content\/uploads\/2021\/06\/image_50377985-1_optimized.jpg\" alt='' title='image_50377985-(1)_optimized' height=\"600\" width=\"1142\"  itemprop=\"thumbnailUrl\" srcset=\"https:\/\/radiorevelacionfm.cl\/wp-content\/uploads\/2021\/06\/image_50377985-1_optimized.jpg 1142w, https:\/\/radiorevelacionfm.cl\/wp-content\/uploads\/2021\/06\/image_50377985-1_optimized-300x158.jpg 300w, https:\/\/radiorevelacionfm.cl\/wp-content\/uploads\/2021\/06\/image_50377985-1_optimized-1030x541.jpg 1030w, https:\/\/radiorevelacionfm.cl\/wp-content\/uploads\/2021\/06\/image_50377985-1_optimized-768x404.jpg 768w, https:\/\/radiorevelacionfm.cl\/wp-content\/uploads\/2021\/06\/image_50377985-1_optimized-705x370.jpg 705w, https:\/\/radiorevelacionfm.cl\/wp-content\/uploads\/2021\/06\/image_50377985-1_optimized-600x315.jpg 600w\" sizes=\"(max-width: 1142px) 100vw, 1142px\" \/><\/div><\/div><\/div><\/div>\n<div class=\"flex_column av_one_full  flex_column_div av-zero-column-padding first  avia-builder-el-2  el_after_av_one_full  el_before_av_one_full  column-top-margin\" style='border-radius:0px; '><section class=\"av_textblock_section \"  itemscope=\"itemscope\" itemtype=\"https:\/\/schema.org\/BlogPosting\" itemprop=\"blogPost\" ><div class='avia_textblock  '   itemprop=\"text\" ><p style=\"text-align: center;\"><span style=\"font-size: 18pt;\"><strong>Destacan exitoso operativo de vacunaci\u00f3n contra el Covid realizado el fin de semana<\/strong><\/span><\/p>\n<div id=\"gtx-trans\" style=\"position: absolute; left: -50px; top: 4.31534px;\">\n<div class=\"gtx-trans-icon\"><\/div>\n<\/div>\n<\/div><\/section><\/div><div class=\"flex_column av_one_full  flex_column_div av-zero-column-padding first  avia-builder-el-4  el_after_av_one_full  el_before_av_hr  column-top-margin\" style='border-radius:0px; '><section class=\"av_textblock_section \"  itemscope=\"itemscope\" itemtype=\"https:\/\/schema.org\/BlogPosting\" itemprop=\"blogPost\" ><div class='avia_textblock  '   itemprop=\"text\" ><p style=\"text-align: justify;\">A los tradicionales puntos de vacunaci\u00f3n establecidos por el Servicio de Salud Ays\u00e9n y la Direcci\u00f3n de Atenci\u00f3n Primaria en Salud, que funcionan de lunes a viernes en lugares como: la ACHS, el auditorio del MOP, el Gimnasio Regional, la sede de la Uni\u00f3n Comunal del Adulto Mayor y la Unidad Vecinal Vista Hermosa, el pasado fin de semana, se implementaron nuevos puntos de atenci\u00f3n, como lo son: la poblaci\u00f3n Clotario Blest junto a la extensi\u00f3n de la Asociaci\u00f3n Chilena de Seguridad que funcionar\u00e1 todos los s\u00e1bados y la sede del Colegio M\u00e9dico de Coyhaique que abri\u00f3 el domingo 6 del presente.<\/p>\n<p style=\"text-align: justify;\">Hasta dichos lugares concurri\u00f3 el Director del SSA, Gabriel Burgos, quien se refiri\u00f3 al trabajo que se est\u00e1 realizando.<\/p>\n<p style=\"text-align: justify;\">\u201cEsfuerzos como los que efect\u00faan nuestros equipos vacunadores, trabajando fines de semana y festivos, contando adem\u00e1s con el apoyo de enfermeras voluntarias, tienen por finalidad cumplir de manera exitosa la campa\u00f1a de vacunaci\u00f3n contra el Coronavirus, esto nos ha arrojado muy buenos resultados, donde superamos como Regi\u00f3n, el 80 % en primeras dosis y en las segundas dosis, un 60 %, por lo que esta semana, estaremos vacunando a los rezagados\u201d. Expres\u00f3 el directivo.<\/p>\n<p style=\"text-align: justify;\">Burgos, destac\u00f3 el compromiso de m\u00faltiples instituciones que se han adherido a la campa\u00f1a. \u201cLo vivido en la poblaci\u00f3n Vista Hermosa as\u00ed como en el sector Clotario Blest este pasado fin de semana, nos muestra el inter\u00e9s de los dirigentes sociales que abren sus sedes vecinales, para permitirnos acercar la salud a los barrios; lo mismo ocurri\u00f3 en la ACHS, que ahora atender\u00e1 todos los s\u00e1bado y en la casa del Colegio M\u00e9dico, donde las personas pudieron hasta tomarse un caf\u00e9 al salir y disfrutar de m\u00fasica, mientras hac\u00edan la fila o esperaban su alta tras recibir la dosis de la vacuna, lo que agradecemos profundamente, m\u00e1s cuando junto al presidente del gremio m\u00e9dico, proyectamos una nueva jornada de vacunaci\u00f3n para el pr\u00f3ximo domingo\u201d.<\/p>\n<p style=\"text-align: justify;\">Al respecto, el presidente del Colegio M\u00e9dico Coyhaique, Claudio Vallejos, expres\u00f3: \u201cEstamos contentos de poder colaborar con el SSA en este proceso de vacunaci\u00f3n; esta iniciativa fue presentada en la Mesa Social COVID, y fue acogida por el Servicio. Nosotros ofrecemos nuestra casa del m\u00e9dico como punto de vacunaci\u00f3n contra el COVID 19 y este domingo 13 estaremos nuevamente con nuestras puertas abiertas esper\u00e1ndolos, tendremos un grato ambiente y al retirarse les ofrecemos un chocolate caliente en estos d\u00edas helados; \u201cVac\u00fanese es la \u00fanica manera de protegernos y tambi\u00e9n a nuestros seres queridos\u201d, puntualiz\u00f3, el presidente de los Galenos.<\/p>\n<p style=\"text-align: justify;\"><strong><u>Reacci\u00f3n vecinal<\/u><\/strong><\/p>\n<p style=\"text-align: justify;\">Sandra Vargas, presidenta de la poblaci\u00f3n Clotario Blest 1 y 2, se\u00f1al\u00f3, \u201cPrimero agradecer al Director, a todo el equipo de salud que est\u00e1n todos los d\u00edas trabajando de sol a sol, y se les agradece de coraz\u00f3n; por eso le ped\u00ed a mis j\u00f3venes y a mis adultos mayores que vengan y esa fue la convocatoria, de vacunarse con la gente que trabaja con nosotros, tenemos que dar el ejemplo, estar vacunados y cuidarnos\u201d, coment\u00f3 la dirigente.<\/p>\n<p style=\"text-align: justify;\">Finalmente destacamos que, a contar de este mi\u00e9rcoles 9 de junio, entrar\u00e1 como punto de vacunaci\u00f3n el casino Dreams Coyhaique, reemplazando al auditorio del Ministerio de Obras P\u00fablicas, que, de manera paralela, continuar\u00e1 operativo hasta el viernes 11 del presente mes.<\/p>\n<\/div><\/section><\/div><\/p>\n<div  style='height:50px' class='hr hr-invisible   avia-builder-el-6  el_after_av_one_full  el_before_av_social_share '><span class='hr-inner ' ><span class='hr-inner-style'><\/span><\/span><\/div>\n<div  class='av-social-sharing-box  avia-builder-el-7  el_after_av_hr  el_before_av_hr  '><div class='av-share-box'><h5 class='av-share-link-description av-no-toc '>Compartir esta noticia<\/h5><ul class='av-share-box-list noLightbox'><li class='av-share-link av-social-link-facebook' ><a target=\"_blank\" aria-label=\"Compartir en Facebook\" href='https:\/\/www.facebook.com\/sharer.php?u=https:\/\/radiorevelacionfm.cl\/?p=5047&#038;t=Destacan%20exitoso%20operativo%20de%20vacunaci%C3%B3n%20contra%20el%20Covid%20realizado%20el%20fin%20de%20semana' aria-hidden='false' data-av_icon='\ue8f3' data-av_iconfont='entypo-fontello' title='' data-avia-related-tooltip='Compartir en Facebook' rel=\"noopener\"><span class='avia_hidden_link_text'>Compartir en Facebook<\/span><\/a><\/li><li class='av-share-link av-social-link-twitter' ><a target=\"_blank\" aria-label=\"Compartir en Twitter\" href='https:\/\/twitter.com\/share?text=Destacan%20exitoso%20operativo%20de%20vacunaci%C3%B3n%20contra%20el%20Covid%20realizado%20el%20fin%20de%20semana&#038;url=https:\/\/radiorevelacionfm.cl\/?p=5047' aria-hidden='false' data-av_icon='\ue8f1' data-av_iconfont='entypo-fontello' title='' data-avia-related-tooltip='Compartir en Twitter' rel=\"noopener\"><span class='avia_hidden_link_text'>Compartir en Twitter<\/span><\/a><\/li><li class='av-share-link av-social-link-whatsapp' ><a target=\"_blank\" aria-label=\"Compartir en Whatsapp\" href='https:\/\/api.whatsapp.com\/send?text=https:\/\/radiorevelacionfm.cl\/?p=5047' aria-hidden='false' data-av_icon='\uf232' data-av_iconfont='entypo-fontello' title='' data-avia-related-tooltip='Compartir en Whatsapp' rel=\"noopener\"><span class='avia_hidden_link_text'>Compartir en Whatsapp<\/span><\/a><\/li><li class='av-share-link av-social-link-linkedin' ><a target=\"_blank\" aria-label=\"Compartir en LinkedIn\" href='https:\/\/linkedin.com\/shareArticle?mini=true&#038;title=Destacan%20exitoso%20operativo%20de%20vacunaci%C3%B3n%20contra%20el%20Covid%20realizado%20el%20fin%20de%20semana&#038;url=https:\/\/radiorevelacionfm.cl\/?p=5047' aria-hidden='false' data-av_icon='\ue8fc' data-av_iconfont='entypo-fontello' title='' data-avia-related-tooltip='Compartir en LinkedIn' rel=\"noopener\"><span class='avia_hidden_link_text'>Compartir en LinkedIn<\/span><\/a><\/li><li class='av-share-link av-social-link-mail' ><a  aria-label=\"Compartir por correo\" href='mailto:?subject=Destacan%20exitoso%20operativo%20de%20vacunaci%C3%B3n%20contra%20el%20Covid%20realizado%20el%20fin%20de%20semana&#038;body=https:\/\/radiorevelacionfm.cl\/?p=5047' aria-hidden='false' data-av_icon='\ue805' data-av_iconfont='entypo-fontello' title='' data-avia-related-tooltip='Compartir por correo'><span class='avia_hidden_link_text'>Compartir por correo<\/span><\/a><\/li><\/ul><\/div><\/div>\n<div  style='height:50px' class='hr hr-invisible   avia-builder-el-8  el_after_av_social_share  el_before_av_comments_list '><span class='hr-inner ' ><span class='hr-inner-style'><\/span><\/span><\/div>\n<div  class='av-buildercomment  av-blog-meta-html-info-disabled av-blog-meta-tag-disabled  '><\/div>\n","protected":false},"excerpt":{"rendered":"","protected":false},"author":1,"featured_media":5062,"comment_status":"open","ping_status":"open","sticky":false,"template":"","format":"standard","meta":{"footnotes":""},"categories":[46],"tags":[],"class_list":["post-5047","post","type-post","status-publish","format-standard","has-post-thumbnail","hentry","category-salud"],"jetpack_featured_media_url":"https:\/\/radiorevelacionfm.cl\/wp-content\/uploads\/2021\/06\/image_50377985-1-2_optimized.jpg","_links":{"self":[{"href":"https:\/\/radiorevelacionfm.cl\/index.php?rest_route=\/wp\/v2\/posts\/5047","targetHints":{"allow":["GET"]}}],"collection":[{"href":"https:\/\/radiorevelacionfm.cl\/index.php?rest_route=\/wp\/v2\/posts"}],"about":[{"href":"https:\/\/radiorevelacionfm.cl\/index.php?rest_route=\/wp\/v2\/types\/post"}],"author":[{"embeddable":true,"href":"https:\/\/radiorevelacionfm.cl\/index.php?rest_route=\/wp\/v2\/users\/1"}],"replies":[{"embeddable":true,"href":"https:\/\/radiorevelacionfm.cl\/index.php?rest_route=%2Fwp%2Fv2%2Fcomments&post=5047"}],"version-history":[{"count":2,"href":"https:\/\/radiorevelacionfm.cl\/index.php?rest_route=\/wp\/v2\/posts\/5047\/revisions"}],"predecessor-version":[{"id":5054,"href":"https:\/\/radiorevelacionfm.cl\/index.php?rest_route=\/wp\/v2\/posts\/5047\/revisions\/5054"}],"wp:featuredmedia":[{"embeddable":true,"href":"https:\/\/radiorevelacionfm.cl\/index.php?rest_route=\/wp\/v2\/media\/5062"}],"wp:attachment":[{"href":"https:\/\/radiorevelacionfm.cl\/index.php?rest_route=%2Fwp%2Fv2%2Fmedia&parent=5047"}],"wp:term":[{"taxonomy":"category","embeddable":true,"href":"https:\/\/radiorevelacionfm.cl\/index.php?rest_route=%2Fwp%2Fv2%2Fcategories&post=5047"},{"taxonomy":"post_tag","embeddable":true,"href":"https:\/\/radiorevelacionfm.cl\/index.php?rest_route=%2Fwp%2Fv2%2Ftags&post=5047"}],"curies":[{"name":"wp","href":"https:\/\/api.w.org\/{rel}","templated":true}]}}