{"id":50469,"date":"2025-02-10T21:15:34","date_gmt":"2025-02-11T00:15:34","guid":{"rendered":"https:\/\/radiorevelacionfm.cl\/?p=50469"},"modified":"2025-02-10T21:15:34","modified_gmt":"2025-02-11T00:15:34","slug":"para-conocer-el-avance-del-programa-en-aysen-coordinadora-nacional-de-la-linea-la-ninez-y-la-adolescencia-se-defienden-de-la-caj-visito-la-region","status":"publish","type":"post","link":"https:\/\/radiorevelacionfm.cl\/?p=50469","title":{"rendered":"Para conocer el avance del programa en Ays\u00e9n: Coordinadora Nacional de la l\u00ednea La Ni\u00f1ez y la Adolescencia se Defienden de la CAJ visit\u00f3 la regi\u00f3n"},"content":{"rendered":"<div class=\"flex_column av_one_full  flex_column_div av-zero-column-padding first  avia-builder-el-0  el_before_av_one_full  avia-builder-el-first  \" style='border-radius:0px; '><div  class='avia-image-container  av-styling-    avia-builder-el-1  avia-builder-el-no-sibling  avia-align-center '  itemprop=\"image\" itemscope=\"itemscope\" itemtype=\"https:\/\/schema.org\/ImageObject\"  ><div class='avia-image-container-inner'><div class='avia-image-overlay-wrap'><img decoding=\"async\" class='wp-image-50470 avia-img-lazy-loading-not-50470 avia_image' src=\"https:\/\/radiorevelacionfm.cl\/wp-content\/uploads\/2025\/02\/visita-coordinadora-nacional-1-1-1.jpg\" alt='' title='visita coordinadora nacional 1 (1) (1)' height=\"600\" width=\"800\"  itemprop=\"thumbnailUrl\" srcset=\"https:\/\/radiorevelacionfm.cl\/wp-content\/uploads\/2025\/02\/visita-coordinadora-nacional-1-1-1.jpg 800w, https:\/\/radiorevelacionfm.cl\/wp-content\/uploads\/2025\/02\/visita-coordinadora-nacional-1-1-1-300x225.jpg 300w, https:\/\/radiorevelacionfm.cl\/wp-content\/uploads\/2025\/02\/visita-coordinadora-nacional-1-1-1-768x576.jpg 768w, https:\/\/radiorevelacionfm.cl\/wp-content\/uploads\/2025\/02\/visita-coordinadora-nacional-1-1-1-705x529.jpg 705w, https:\/\/radiorevelacionfm.cl\/wp-content\/uploads\/2025\/02\/visita-coordinadora-nacional-1-1-1-450x338.jpg 450w, https:\/\/radiorevelacionfm.cl\/wp-content\/uploads\/2025\/02\/visita-coordinadora-nacional-1-1-1-600x450.jpg 600w\" sizes=\"(max-width: 800px) 100vw, 800px\" \/><\/div><\/div><\/div><\/div><div class=\"flex_column av_one_full  flex_column_div av-zero-column-padding first  avia-builder-el-2  el_after_av_one_full  el_before_av_one_full  column-top-margin\" style='border-radius:0px; '><section class=\"av_textblock_section \"  itemscope=\"itemscope\" itemtype=\"https:\/\/schema.org\/BlogPosting\" itemprop=\"blogPost\" ><div class='avia_textblock  '   itemprop=\"text\" ><p style=\"text-align: center;\"><strong><span style=\"font-size: 18pt;\">Para conocer el avance del programa en Ays\u00e9n: Coordinadora Nacional de la l\u00ednea La Ni\u00f1ez y la Adolescencia se Defienden de la CAJ visit\u00f3 la regi\u00f3n<\/span><\/strong><\/p>\n<div id=\"gtx-trans\" style=\"position: absolute; left: -50px; top: 4.31534px;\">\n<div class=\"gtx-trans-icon\"><\/div>\n<\/div>\n<\/div><\/section><\/div><div class=\"flex_column av_one_full  flex_column_div av-zero-column-padding first  avia-builder-el-4  el_after_av_one_full  el_before_av_hr  column-top-margin\" style='border-radius:0px; '><section class=\"av_textblock_section \"  itemscope=\"itemscope\" itemtype=\"https:\/\/schema.org\/BlogPosting\" itemprop=\"blogPost\" ><div class='avia_textblock  '   itemprop=\"text\" ><p style=\"text-align: justify;\">Con el objetivo de conocer el trabajo que desarrolla el equipo de la l\u00ednea La Ni\u00f1ez y la Adolescencia se Defienden dependiente de la Corporaci\u00f3n de Asistencia Judicial, recientemente desarroll\u00f3 una intensa agenda de trabajo en la regi\u00f3n la coordinadora Nacional de este programa Marta Salda\u00f1a, instancia en la que se reuni\u00f3 con el seremi de Justicia y Derechos Humanos Samuel Navarro, la directora regional Mar\u00eda Francisca Vilches y los funcionarios del programa en Coyhaique y Puerto Ays\u00e9n.<\/p>\n<p style=\"text-align: justify;\">En relaci\u00f3n a esta visita, el seremi de Justicia y Derechos Humanos Samuel Navarro Castro explic\u00f3 que \u201cfue muy importante contar con la presencia de la coordinadora Nacional del Programa La Ni\u00f1ez y la Adolescencia se Defienden Marta Salda\u00f1a, integrante de la Divisi\u00f3n Judicial del Ministerio de Justicia y Derechos Humanos, por cuanto nos permite ver en terreno como ha estado el avance general del programa, aquellas situaciones respecto a las causas ingresadas, las registradas, las estrategias jur\u00eddicas, las entrevistas que realizan los profesionales abogados, asistentes sociales, psic\u00f3logos y otros que trabajan en este programa que tiene una cobertura regional, sabemos que siempre hay situaciones que ir mejorando, y para nosotros es muy relevante que desde el nivel central podamos tener estas visitas inspectivas, sobre todo cuando son de car\u00e1cter presencial, conversar los requerimientos que se tienen de parte de la coordinadora nacional como tambi\u00e9n lo que ha planteado su directora regional, nos parece importante hacer este seguimiento y como poder ir mejorando y ampliando la oferta que en este caso es la representaci\u00f3n jur\u00eddica que tienen ni\u00f1os y ni\u00f1as ante los Juzgados de Familia en caso de que lo requieran, y en este sentido es muy importante seguir profundizando este programa que ha logrado promover los derechos de la infancia que es una preocupaci\u00f3n central de este gobierno\u201d.<\/p>\n<p style=\"text-align: justify;\">Por su parte, la Coordinadora Nacional del Programa La Ni\u00f1ez y la Adolescencia se Defienden Marta Salda\u00f1a Salda\u00f1a se\u00f1al\u00f3 que \u201crealizamos la primera visita inspectiva del a\u00f1o 2025 como uno de los componentes de l\u00ednea La Ni\u00f1ez y la Adolescencia se Defienden a la regi\u00f3n de Ays\u00e9n, reuni\u00e9ndonos en dicha instancia con el seremi de Justicia, la directora de la Corporaci\u00f3n de Asistencia Judicial y la coordinadora regional del programa, en este contexto comentarles que el objetivo de estas visitas t\u00e9cnicas por parte de esta unidad ministerial es levantar hallazgos, diagn\u00f3sticos y conocer la realidad del programa, en ese sentido pudimos advertir que se est\u00e1n presentando algunas situaciones con la adjudicatura, las cuales queremos remediar a trav\u00e9s de articulaci\u00f3n, mesas de trabajo y reuniones con el intersector, con los Tribunales de Justicia y con todos en definitiva, quienes articulan y participan en este programa o red llamada infancia, a fin de poder contribuir en la restituci\u00f3n de los derechos de los NNA, entregar alguna representaci\u00f3n jur\u00eddica de calidad y en definitiva concientizar tanto a los Tribunales de Justicia como a otras entidades que participan en este gran engranaje, cual es el rol de la abogada curadora ad litem como representante jur\u00eddico de los NNA.<\/p>\n<p style=\"text-align: justify;\">Finalmente, la directora regional de la Corporaci\u00f3n de Asistencia Judicial, Mar\u00eda Francisca Vilches manifest\u00f3 que \u201cparticipamos junto a la coordinadora nacional Marta Salda\u00f1a en las reuniones sostenidas con las funcionarias y funcionarios de la regi\u00f3n ya sea de Coyhaique como Puerto Ays\u00e9n, visitando cada una de las oficinas y conociendo el trabajo que se desarrolla a nivel regional, instancia que valoramos y encontramos muy positiva ya que como regi\u00f3n creemos que tenemos particularidades propias que es necesario que nuestras autoridades nacionales conozcan y se interioricen de ellas en terreno, en este sentido destacamos esta visita ya que es la primera vez que la coordinadora regional de la l\u00ednea viene a nuestra regi\u00f3n, oportunidad en la que pudo analizar el trabajo desempe\u00f1ado por las y los profesionales en favor de los ni\u00f1os, ni\u00f1as y adolescentes de esta regi\u00f3n\u201d concluy\u00f3.<\/p>\n<\/div><\/section><\/div><div  style='height:50px' class='hr hr-invisible   avia-builder-el-6  el_after_av_one_full  el_before_av_social_share '><span class='hr-inner ' ><span class='hr-inner-style'><\/span><\/span><\/div><\/p>\n<div  class='av-social-sharing-box  avia-builder-el-7  el_after_av_hr  el_before_av_hr  '><div class='av-share-box'><h5 class='av-share-link-description av-no-toc '>Compartir esta noticia<\/h5><ul class='av-share-box-list noLightbox'><li class='av-share-link av-social-link-facebook' ><a target=\"_blank\" aria-label=\"Compartir en Facebook\" href='https:\/\/www.facebook.com\/sharer.php?u=https:\/\/radiorevelacionfm.cl\/?p=50469&#038;t=Para%20conocer%20el%20avance%20del%20programa%20en%20Ays%C3%A9n%3A%20Coordinadora%20Nacional%20de%20la%20l%C3%ADnea%20La%20Ni%C3%B1ez%20y%20la%20Adolescencia%20se%20Defienden%20de%20la%20CAJ%20visit%C3%B3%20la%20regi%C3%B3n' aria-hidden='false' data-av_icon='\ue8f3' data-av_iconfont='entypo-fontello' title='' data-avia-related-tooltip='Compartir en Facebook' rel=\"noopener\"><span class='avia_hidden_link_text'>Compartir en Facebook<\/span><\/a><\/li><li class='av-share-link av-social-link-twitter' ><a target=\"_blank\" aria-label=\"Compartir en Twitter\" href='https:\/\/twitter.com\/share?text=Para%20conocer%20el%20avance%20del%20programa%20en%20Ays%C3%A9n%3A%20Coordinadora%20Nacional%20de%20la%20l%C3%ADnea%20La%20Ni%C3%B1ez%20y%20la%20Adolescencia%20se%20Defienden%20de%20la%20CAJ%20visit%C3%B3%20la%20regi%C3%B3n&#038;url=https:\/\/radiorevelacionfm.cl\/?p=50469' aria-hidden='false' data-av_icon='\ue8f1' data-av_iconfont='entypo-fontello' title='' data-avia-related-tooltip='Compartir en Twitter' rel=\"noopener\"><span class='avia_hidden_link_text'>Compartir en Twitter<\/span><\/a><\/li><li class='av-share-link av-social-link-whatsapp' ><a target=\"_blank\" aria-label=\"Compartir en Whatsapp\" href='https:\/\/api.whatsapp.com\/send?text=https:\/\/radiorevelacionfm.cl\/?p=50469' aria-hidden='false' data-av_icon='\uf232' data-av_iconfont='entypo-fontello' title='' data-avia-related-tooltip='Compartir en Whatsapp' rel=\"noopener\"><span class='avia_hidden_link_text'>Compartir en Whatsapp<\/span><\/a><\/li><li class='av-share-link av-social-link-linkedin' ><a target=\"_blank\" aria-label=\"Compartir en LinkedIn\" href='https:\/\/linkedin.com\/shareArticle?mini=true&#038;title=Para%20conocer%20el%20avance%20del%20programa%20en%20Ays%C3%A9n%3A%20Coordinadora%20Nacional%20de%20la%20l%C3%ADnea%20La%20Ni%C3%B1ez%20y%20la%20Adolescencia%20se%20Defienden%20de%20la%20CAJ%20visit%C3%B3%20la%20regi%C3%B3n&#038;url=https:\/\/radiorevelacionfm.cl\/?p=50469' aria-hidden='false' data-av_icon='\ue8fc' data-av_iconfont='entypo-fontello' title='' data-avia-related-tooltip='Compartir en LinkedIn' rel=\"noopener\"><span class='avia_hidden_link_text'>Compartir en LinkedIn<\/span><\/a><\/li><li class='av-share-link av-social-link-mail' ><a  aria-label=\"Compartir por correo\" href='mailto:?subject=Para%20conocer%20el%20avance%20del%20programa%20en%20Ays%C3%A9n%3A%20Coordinadora%20Nacional%20de%20la%20l%C3%ADnea%20La%20Ni%C3%B1ez%20y%20la%20Adolescencia%20se%20Defienden%20de%20la%20CAJ%20visit%C3%B3%20la%20regi%C3%B3n&#038;body=https:\/\/radiorevelacionfm.cl\/?p=50469' aria-hidden='false' data-av_icon='\ue805' data-av_iconfont='entypo-fontello' title='' data-avia-related-tooltip='Compartir por correo'><span class='avia_hidden_link_text'>Compartir por correo<\/span><\/a><\/li><\/ul><\/div><\/div>\n<div  style='height:50px' class='hr hr-invisible   avia-builder-el-8  el_after_av_social_share  el_before_av_comments_list '><span class='hr-inner ' ><span class='hr-inner-style'><\/span><\/span><\/div>\n<div  class='av-buildercomment  av-blog-meta-html-info-disabled av-blog-meta-tag-disabled  '><\/div>\n","protected":false},"excerpt":{"rendered":"","protected":false},"author":1,"featured_media":50470,"comment_status":"open","ping_status":"open","sticky":false,"template":"","format":"standard","meta":{"footnotes":""},"categories":[55],"tags":[],"class_list":["post-50469","post","type-post","status-publish","format-standard","has-post-thumbnail","hentry","category-justicia"],"jetpack_featured_media_url":"https:\/\/radiorevelacionfm.cl\/wp-content\/uploads\/2025\/02\/visita-coordinadora-nacional-1-1-1.jpg","_links":{"self":[{"href":"https:\/\/radiorevelacionfm.cl\/index.php?rest_route=\/wp\/v2\/posts\/50469","targetHints":{"allow":["GET"]}}],"collection":[{"href":"https:\/\/radiorevelacionfm.cl\/index.php?rest_route=\/wp\/v2\/posts"}],"about":[{"href":"https:\/\/radiorevelacionfm.cl\/index.php?rest_route=\/wp\/v2\/types\/post"}],"author":[{"embeddable":true,"href":"https:\/\/radiorevelacionfm.cl\/index.php?rest_route=\/wp\/v2\/users\/1"}],"replies":[{"embeddable":true,"href":"https:\/\/radiorevelacionfm.cl\/index.php?rest_route=%2Fwp%2Fv2%2Fcomments&post=50469"}],"version-history":[{"count":1,"href":"https:\/\/radiorevelacionfm.cl\/index.php?rest_route=\/wp\/v2\/posts\/50469\/revisions"}],"predecessor-version":[{"id":50471,"href":"https:\/\/radiorevelacionfm.cl\/index.php?rest_route=\/wp\/v2\/posts\/50469\/revisions\/50471"}],"wp:featuredmedia":[{"embeddable":true,"href":"https:\/\/radiorevelacionfm.cl\/index.php?rest_route=\/wp\/v2\/media\/50470"}],"wp:attachment":[{"href":"https:\/\/radiorevelacionfm.cl\/index.php?rest_route=%2Fwp%2Fv2%2Fmedia&parent=50469"}],"wp:term":[{"taxonomy":"category","embeddable":true,"href":"https:\/\/radiorevelacionfm.cl\/index.php?rest_route=%2Fwp%2Fv2%2Fcategories&post=50469"},{"taxonomy":"post_tag","embeddable":true,"href":"https:\/\/radiorevelacionfm.cl\/index.php?rest_route=%2Fwp%2Fv2%2Ftags&post=50469"}],"curies":[{"name":"wp","href":"https:\/\/api.w.org\/{rel}","templated":true}]}}