{"id":50466,"date":"2025-02-11T10:40:10","date_gmt":"2025-02-11T13:40:10","guid":{"rendered":"https:\/\/radiorevelacionfm.cl\/?p=50466"},"modified":"2025-02-11T10:40:10","modified_gmt":"2025-02-11T13:40:10","slug":"comienza-consulta-publica-de-la-segunda-fase-de-modificacion-al-reglamento-del-sistema-de-evaluacion-de-impacto-ambiental","status":"publish","type":"post","link":"https:\/\/radiorevelacionfm.cl\/?p=50466","title":{"rendered":"Comienza consulta p\u00fablica de la segunda fase de modificaci\u00f3n al Reglamento del Sistema de Evaluaci\u00f3n de Impacto Ambiental"},"content":{"rendered":"<div class=\"flex_column av_one_full  flex_column_div av-zero-column-padding first  avia-builder-el-0  el_before_av_one_full  avia-builder-el-first  \" style='border-radius:0px; '><div  class='avia-image-container  av-styling-    avia-builder-el-1  avia-builder-el-no-sibling  avia-align-center '  itemprop=\"image\" itemscope=\"itemscope\" itemtype=\"https:\/\/schema.org\/ImageObject\"  ><div class='avia-image-container-inner'><div class='avia-image-overlay-wrap'><img decoding=\"async\" class='wp-image-50467 avia-img-lazy-loading-not-50467 avia_image' src=\"https:\/\/radiorevelacionfm.cl\/wp-content\/uploads\/2025\/02\/3-82-1_optimized-1.jpeg\" alt='' title='3-(82)-(1)_optimized (1)' height=\"600\" width=\"901\"  itemprop=\"thumbnailUrl\" srcset=\"https:\/\/radiorevelacionfm.cl\/wp-content\/uploads\/2025\/02\/3-82-1_optimized-1.jpeg 901w, https:\/\/radiorevelacionfm.cl\/wp-content\/uploads\/2025\/02\/3-82-1_optimized-1-300x200.jpeg 300w, https:\/\/radiorevelacionfm.cl\/wp-content\/uploads\/2025\/02\/3-82-1_optimized-1-768x511.jpeg 768w, https:\/\/radiorevelacionfm.cl\/wp-content\/uploads\/2025\/02\/3-82-1_optimized-1-705x469.jpeg 705w, https:\/\/radiorevelacionfm.cl\/wp-content\/uploads\/2025\/02\/3-82-1_optimized-1-450x300.jpeg 450w, https:\/\/radiorevelacionfm.cl\/wp-content\/uploads\/2025\/02\/3-82-1_optimized-1-600x400.jpeg 600w\" sizes=\"(max-width: 901px) 100vw, 901px\" \/><\/div><\/div><\/div><\/div><div class=\"flex_column av_one_full  flex_column_div av-zero-column-padding first  avia-builder-el-2  el_after_av_one_full  el_before_av_one_full  column-top-margin\" style='border-radius:0px; '><section class=\"av_textblock_section \"  itemscope=\"itemscope\" itemtype=\"https:\/\/schema.org\/BlogPosting\" itemprop=\"blogPost\" ><div class='avia_textblock  '   itemprop=\"text\" ><p style=\"text-align: center;\"><span style=\"font-size: 18pt;\"><strong>Comienza consulta p\u00fablica de la segunda fase de modificaci\u00f3n al Reglamento del Sistema de Evaluaci\u00f3n de Impacto Ambiental<\/strong><\/span><\/p>\n<div id=\"gtx-trans\" style=\"position: absolute; left: -50px; top: 4.31534px;\">\n<div class=\"gtx-trans-icon\"><\/div>\n<\/div>\n<\/div><\/section><\/div><div class=\"flex_column av_one_full  flex_column_div av-zero-column-padding first  avia-builder-el-4  el_after_av_one_full  el_before_av_hr  column-top-margin\" style='border-radius:0px; '><section class=\"av_textblock_section \"  itemscope=\"itemscope\" itemtype=\"https:\/\/schema.org\/BlogPosting\" itemprop=\"blogPost\" ><div class='avia_textblock  '   itemprop=\"text\" ><p style=\"text-align: justify;\"><em>La consulta ciudadana se extender\u00e1 durante todo marzo de 2025, con el objetivo de recibir la mayor cantidad de aportes para enriquecer el anteproyecto.<\/em><\/p>\n<p style=\"text-align: justify;\">Luego de la publicaci\u00f3n en el Diario Oficial, el Ministerio del Medio Ambiente inici\u00f3 este jueves 6 de febrero la consulta p\u00fablica del anteproyecto de Modificaci\u00f3n al Reglamento del Sistema de Evaluaci\u00f3n de Impacto Ambiental (SEIA) &#8211; Fase 2 que tiene como objetivo modernizar y hacer m\u00e1s eficiente este instrumento de gesti\u00f3n ambiental, que se suma a la Fase 1 de este proceso y el proyecto de ley Evaluaci\u00f3n Ambiental 2.0 que avanza en el Congreso.<\/p>\n<p style=\"text-align: justify;\">En lo fundamental, la modificaci\u00f3n propone dos mejoras. Primero, sobre tipolog\u00eda de proyectos o actividades que deber\u00e1n someterse al SEIA y, segundo, sobre la obtenci\u00f3n de los permisos ambientales sectoriales (PAS) que deban tramitarse en el SEIA.<\/p>\n<p style=\"text-align: justify;\">Con relaci\u00f3n a las tipolog\u00edas a someterse al Sistema, las modificaciones propuestas buscan actualizar el listado de tipolog\u00edas de ingreso al SEIA, velando por que los proyectos que ingresen a este sistema sean aquellos que efectivamente generan impactos, permitiendo al sistema dedicarse a la evaluaci\u00f3n ambiental de iniciativas relevantes desde el punto de vista de su intervenci\u00f3n al medio ambiente.<\/p>\n<p style=\"text-align: justify;\">Sobre la obtenci\u00f3n de los PAS, las mejoras har\u00e1n m\u00e1s eficiente la tramitaci\u00f3n de estos permisos al permitir que la totalidad de \u00e9ste sea tramitado y obtenido durante la evaluaci\u00f3n de impacto ambiental, sin la necesidad de un proceso posterior a la Resoluci\u00f3n de Calificaci\u00f3n Ambiental (RCA). As\u00ed, se fortalece el SEIA como ventanilla \u00fanica, se reducen los tiempos para la ejecuci\u00f3n de un proyecto o actividad, y se conservan los est\u00e1ndares procesales y de fondo para el resguardo de los objetos de protecci\u00f3n de cada permiso.<\/p>\n<p style=\"text-align: justify;\">El anteproyecto ya se encuentra disponible para consulta en la p\u00e1gina web https:\/\/consultasciudadanas.mma.gob.cl\/portal\/consulta\/181, donde cualquier persona podr\u00e1 realizar aportes y observaciones las que ayudar\u00e1n a enriquecer el documento, robusteciendo la versi\u00f3n definitiva que deber\u00e1 elaborar el Ministerio del Medio Ambiente. Esta consulta p\u00fablica estar\u00e1 abierta hasta el 02 de abril.<\/p>\n<p style=\"text-align: justify;\">El Seremi del Medio Ambiente, Yoal D\u00edaz reforz\u00f3 el llamado a participar de la consulta \u201cEstamos avanzando hacia un nuevo Sistema de Evaluaci\u00f3n de Impacto Ambiental, m\u00e1s moderno, eficiente y transparente, y sin duda, necesitamos de tu participaci\u00f3n y compromiso para co-construir este nuevo reglamento, as\u00ed que esperamos todos tus aportes durante marzo en nuestra web consultasciudadanas.mma.gob.cl\u201d.<\/p>\n<p style=\"text-align: justify;\">El nuevo anteproyecto publicado por el MMA complementa la Fase 1 de modificaci\u00f3n al Reglamento del SEIA, publicado en febrero del 2024, y que tuvo como principal objetivo la incorporaci\u00f3n de la variable del cambio clim\u00e1tico en la evaluaci\u00f3n de impacto ambiental, en cumplimiento de la Ley Marco de Cambio Clim\u00e1tico, y el fortalecimiento del acceso a la informaci\u00f3n y la participaci\u00f3n ciudadana en materia ambiental, en cumplimiento del Acuerdo de Escaz\u00fa.<\/p>\n<\/div><\/section><\/div><div  style='height:50px' class='hr hr-invisible   avia-builder-el-6  el_after_av_one_full  el_before_av_social_share '><span class='hr-inner ' ><span class='hr-inner-style'><\/span><\/span><\/div><\/p>\n<div  class='av-social-sharing-box  avia-builder-el-7  el_after_av_hr  el_before_av_hr  '><div class='av-share-box'><h5 class='av-share-link-description av-no-toc '>Compartir esta noticia<\/h5><ul class='av-share-box-list noLightbox'><li class='av-share-link av-social-link-facebook' ><a target=\"_blank\" aria-label=\"Compartir en Facebook\" href='https:\/\/www.facebook.com\/sharer.php?u=https:\/\/radiorevelacionfm.cl\/?p=50466&#038;t=Comienza%20consulta%20p%C3%BAblica%20de%20la%20segunda%20fase%20de%20modificaci%C3%B3n%20al%20Reglamento%20del%20Sistema%20de%20Evaluaci%C3%B3n%20de%20Impacto%20Ambiental' aria-hidden='false' data-av_icon='\ue8f3' data-av_iconfont='entypo-fontello' title='' data-avia-related-tooltip='Compartir en Facebook' rel=\"noopener\"><span class='avia_hidden_link_text'>Compartir en Facebook<\/span><\/a><\/li><li class='av-share-link av-social-link-twitter' ><a target=\"_blank\" aria-label=\"Compartir en Twitter\" href='https:\/\/twitter.com\/share?text=Comienza%20consulta%20p%C3%BAblica%20de%20la%20segunda%20fase%20de%20modificaci%C3%B3n%20al%20Reglamento%20del%20Sistema%20de%20Evaluaci%C3%B3n%20de%20Impacto%20Ambiental&#038;url=https:\/\/radiorevelacionfm.cl\/?p=50466' aria-hidden='false' data-av_icon='\ue8f1' data-av_iconfont='entypo-fontello' title='' data-avia-related-tooltip='Compartir en Twitter' rel=\"noopener\"><span class='avia_hidden_link_text'>Compartir en Twitter<\/span><\/a><\/li><li class='av-share-link av-social-link-whatsapp' ><a target=\"_blank\" aria-label=\"Compartir en Whatsapp\" href='https:\/\/api.whatsapp.com\/send?text=https:\/\/radiorevelacionfm.cl\/?p=50466' aria-hidden='false' data-av_icon='\uf232' data-av_iconfont='entypo-fontello' title='' data-avia-related-tooltip='Compartir en Whatsapp' rel=\"noopener\"><span class='avia_hidden_link_text'>Compartir en Whatsapp<\/span><\/a><\/li><li class='av-share-link av-social-link-linkedin' ><a target=\"_blank\" aria-label=\"Compartir en LinkedIn\" href='https:\/\/linkedin.com\/shareArticle?mini=true&#038;title=Comienza%20consulta%20p%C3%BAblica%20de%20la%20segunda%20fase%20de%20modificaci%C3%B3n%20al%20Reglamento%20del%20Sistema%20de%20Evaluaci%C3%B3n%20de%20Impacto%20Ambiental&#038;url=https:\/\/radiorevelacionfm.cl\/?p=50466' aria-hidden='false' data-av_icon='\ue8fc' data-av_iconfont='entypo-fontello' title='' data-avia-related-tooltip='Compartir en LinkedIn' rel=\"noopener\"><span class='avia_hidden_link_text'>Compartir en LinkedIn<\/span><\/a><\/li><li class='av-share-link av-social-link-mail' ><a  aria-label=\"Compartir por correo\" href='mailto:?subject=Comienza%20consulta%20p%C3%BAblica%20de%20la%20segunda%20fase%20de%20modificaci%C3%B3n%20al%20Reglamento%20del%20Sistema%20de%20Evaluaci%C3%B3n%20de%20Impacto%20Ambiental&#038;body=https:\/\/radiorevelacionfm.cl\/?p=50466' aria-hidden='false' data-av_icon='\ue805' data-av_iconfont='entypo-fontello' title='' data-avia-related-tooltip='Compartir por correo'><span class='avia_hidden_link_text'>Compartir por correo<\/span><\/a><\/li><\/ul><\/div><\/div>\n<div  style='height:50px' class='hr hr-invisible   avia-builder-el-8  el_after_av_social_share  el_before_av_comments_list '><span class='hr-inner ' ><span class='hr-inner-style'><\/span><\/span><\/div>\n<div  class='av-buildercomment  av-blog-meta-html-info-disabled av-blog-meta-tag-disabled  '><\/div>\n","protected":false},"excerpt":{"rendered":"","protected":false},"author":1,"featured_media":50467,"comment_status":"open","ping_status":"open","sticky":false,"template":"","format":"standard","meta":{"footnotes":""},"categories":[39],"tags":[],"class_list":["post-50466","post","type-post","status-publish","format-standard","has-post-thumbnail","hentry","category-medio-ambiente"],"jetpack_featured_media_url":"https:\/\/radiorevelacionfm.cl\/wp-content\/uploads\/2025\/02\/3-82-1_optimized-1.jpeg","_links":{"self":[{"href":"https:\/\/radiorevelacionfm.cl\/index.php?rest_route=\/wp\/v2\/posts\/50466","targetHints":{"allow":["GET"]}}],"collection":[{"href":"https:\/\/radiorevelacionfm.cl\/index.php?rest_route=\/wp\/v2\/posts"}],"about":[{"href":"https:\/\/radiorevelacionfm.cl\/index.php?rest_route=\/wp\/v2\/types\/post"}],"author":[{"embeddable":true,"href":"https:\/\/radiorevelacionfm.cl\/index.php?rest_route=\/wp\/v2\/users\/1"}],"replies":[{"embeddable":true,"href":"https:\/\/radiorevelacionfm.cl\/index.php?rest_route=%2Fwp%2Fv2%2Fcomments&post=50466"}],"version-history":[{"count":1,"href":"https:\/\/radiorevelacionfm.cl\/index.php?rest_route=\/wp\/v2\/posts\/50466\/revisions"}],"predecessor-version":[{"id":50468,"href":"https:\/\/radiorevelacionfm.cl\/index.php?rest_route=\/wp\/v2\/posts\/50466\/revisions\/50468"}],"wp:featuredmedia":[{"embeddable":true,"href":"https:\/\/radiorevelacionfm.cl\/index.php?rest_route=\/wp\/v2\/media\/50467"}],"wp:attachment":[{"href":"https:\/\/radiorevelacionfm.cl\/index.php?rest_route=%2Fwp%2Fv2%2Fmedia&parent=50466"}],"wp:term":[{"taxonomy":"category","embeddable":true,"href":"https:\/\/radiorevelacionfm.cl\/index.php?rest_route=%2Fwp%2Fv2%2Fcategories&post=50466"},{"taxonomy":"post_tag","embeddable":true,"href":"https:\/\/radiorevelacionfm.cl\/index.php?rest_route=%2Fwp%2Fv2%2Ftags&post=50466"}],"curies":[{"name":"wp","href":"https:\/\/api.w.org\/{rel}","templated":true}]}}