{"id":50463,"date":"2025-02-10T15:00:58","date_gmt":"2025-02-10T18:00:58","guid":{"rendered":"https:\/\/radiorevelacionfm.cl\/?p=50463"},"modified":"2025-02-10T15:00:58","modified_gmt":"2025-02-10T18:00:58","slug":"sag-prohibe-tres-nuevos-plaguicidas-de-uso-agricola","status":"publish","type":"post","link":"https:\/\/radiorevelacionfm.cl\/?p=50463","title":{"rendered":"SAG proh\u00edbe tres nuevos plaguicidas de uso agr\u00edcola"},"content":{"rendered":"<div class=\"flex_column av_one_full  flex_column_div av-zero-column-padding first  avia-builder-el-0  el_before_av_one_full  avia-builder-el-first  \" style='border-radius:0px; '><div  class='avia-image-container  av-styling-    avia-builder-el-1  avia-builder-el-no-sibling  avia-align-center '  itemprop=\"image\" itemscope=\"itemscope\" itemtype=\"https:\/\/schema.org\/ImageObject\"  ><div class='avia-image-container-inner'><div class='avia-image-overlay-wrap'><img decoding=\"async\" class='wp-image-50464 avia-img-lazy-loading-not-50464 avia_image' src=\"https:\/\/radiorevelacionfm.cl\/wp-content\/uploads\/2025\/02\/plaguicidas-3-1_optimized-1.jpg\" alt='' title='plaguicidas-3-(1)_optimized (1)' height=\"612\" width=\"800\"  itemprop=\"thumbnailUrl\" srcset=\"https:\/\/radiorevelacionfm.cl\/wp-content\/uploads\/2025\/02\/plaguicidas-3-1_optimized-1.jpg 800w, https:\/\/radiorevelacionfm.cl\/wp-content\/uploads\/2025\/02\/plaguicidas-3-1_optimized-1-300x230.jpg 300w, https:\/\/radiorevelacionfm.cl\/wp-content\/uploads\/2025\/02\/plaguicidas-3-1_optimized-1-768x588.jpg 768w, https:\/\/radiorevelacionfm.cl\/wp-content\/uploads\/2025\/02\/plaguicidas-3-1_optimized-1-705x539.jpg 705w, https:\/\/radiorevelacionfm.cl\/wp-content\/uploads\/2025\/02\/plaguicidas-3-1_optimized-1-450x344.jpg 450w, https:\/\/radiorevelacionfm.cl\/wp-content\/uploads\/2025\/02\/plaguicidas-3-1_optimized-1-600x459.jpg 600w\" sizes=\"(max-width: 800px) 100vw, 800px\" \/><\/div><\/div><\/div><\/div><div class=\"flex_column av_one_full  flex_column_div av-zero-column-padding first  avia-builder-el-2  el_after_av_one_full  el_before_av_one_full  column-top-margin\" style='border-radius:0px; '><section class=\"av_textblock_section \"  itemscope=\"itemscope\" itemtype=\"https:\/\/schema.org\/BlogPosting\" itemprop=\"blogPost\" ><div class='avia_textblock  '   itemprop=\"text\" ><p style=\"text-align: center;\"><strong><span style=\"font-size: 18pt;\">SAG proh\u00edbe tres nuevos plaguicidas de uso agr\u00edcola<\/span><\/strong><\/p>\n<div id=\"gtx-trans\" style=\"position: absolute; left: -50px; top: 4.31534px;\">\n<div class=\"gtx-trans-icon\"><\/div>\n<\/div>\n<\/div><\/section><\/div><div class=\"flex_column av_one_full  flex_column_div av-zero-column-padding first  avia-builder-el-4  el_after_av_one_full  el_before_av_hr  column-top-margin\" style='border-radius:0px; '><section class=\"av_textblock_section \"  itemscope=\"itemscope\" itemtype=\"https:\/\/schema.org\/BlogPosting\" itemprop=\"blogPost\" ><div class='avia_textblock  '   itemprop=\"text\" ><p style=\"text-align: justify;\"><em>Esta medida forma parte del trabajo que est\u00e1 realizando el SAG para el desarrollo de una agricultura m\u00e1s sustentable, promoviendo pr\u00e1cticas que protejan la salud de las personas, los animales y el cuidado del medio ambiente.<\/em><\/p>\n<p style=\"text-align: justify;\">El Servicio Agr\u00edcola y Ganadero, SAG, informa que, debido a su alta peligrosidad para las personas, los animales y el medio ambiente, ha prohibido la fabricaci\u00f3n, importaci\u00f3n, distribuci\u00f3n, venta, tenencia y uso de plaguicidas que contengan las sustancias activas Tributilesta\u00f1o, Terbuf\u00f3s y Metoxicloro.<\/p>\n<p style=\"text-align: justify;\">Cabe se\u00f1alar que los compuestos Tributilesta\u00f1o y Terbuf\u00f3s\u00a0fueron incorporados al\u00a0Anexo III del Convenio de R\u00f3terdam, mientras que el Metoxicloro se ha incorporado en el Anexo A del Convenio de Estocolmo, por ser considerados sustancias qu\u00edmicas de alto riesgo para las personas y el medio ambiente.<\/p>\n<p style=\"text-align: justify;\">El Director Regional del SAG, Julio Cerda Cordero, destac\u00f3 que \u201cesta decisi\u00f3n forma parte del trabajo que ha desarrollado el Servicio en materia de plaguicidas, lo que nos permite avanzar hacia una agricultura m\u00e1s sustentable\u201d.<\/p>\n<p style=\"text-align: justify;\">Actualmente, ninguno de los plaguicidas elaborados con los ingredientes activos terbuf\u00f3s y metoxicloro cuenta con autorizaci\u00f3n vigente en Chile para su fabricaci\u00f3n, importaci\u00f3n, venta, tenencia ni aplicaci\u00f3n.<\/p>\n<p style=\"text-align: justify;\">En cuanto a los compuestos de tributilesta\u00f1o, solo existe un producto autorizado por el SAG, cuyo nombre comercial es Protim S65. Sin embargo, seg\u00fan los registros de declaraciones de venta y de importaciones del Servicio, este plaguicida no ha sido comercializado ni importado desde 2019. A partir de ahora, su uso est\u00e1 prohibido en el pa\u00eds, y cualquier intento de venta o uso debe ser denunciado al SAG.<\/p>\n<p style=\"text-align: justify;\">El SAG recuerda que todos los plaguicidas, incluso los de origen natural, pueden ser peligrosos si no se usan correctamente. Por ello, es obligatorio seguir las medidas de seguridad indicadas en las etiquetas, incluyendo el uso de elementos de protecci\u00f3n personal al aplicarlos. Adem\u00e1s, el SAG lleva adelante un estricto programa de fiscalizaci\u00f3n y capacitaci\u00f3n para fomentar el correcto uso de estos qu\u00edmicos.<\/p>\n<p style=\"text-align: justify;\">As\u00ed tambi\u00e9n, la comercializaci\u00f3n de plaguicidas de uso agr\u00edcola en Chile siempre debe realizarse a trav\u00e9s de canales formales, que corresponden a establecimientos que han comunicado su inicio de actividades ante el SAG e informan a\u00f1o a a\u00f1o los productos que venden y los vol\u00famenes transados. De igual forma estos establecimientos son fiscalizados en forma peri\u00f3dica para verificar el cumplimiento de la normativa vigente.<\/p>\n<p style=\"text-align: justify;\">Esta medida forma parte del trabajo que est\u00e1 realizando el SAG para el desarrollo de una agricultura m\u00e1s sustentable, promoviendo pr\u00e1cticas que protejan la salud de las personas, los animales y el cuidado del medio ambiente.<\/p>\n<\/div><\/section><\/div><div  style='height:50px' class='hr hr-invisible   avia-builder-el-6  el_after_av_one_full  el_before_av_social_share '><span class='hr-inner ' ><span class='hr-inner-style'><\/span><\/span><\/div><\/p>\n<div  class='av-social-sharing-box  avia-builder-el-7  el_after_av_hr  el_before_av_hr  '><div class='av-share-box'><h5 class='av-share-link-description av-no-toc '>Compartir esta noticia<\/h5><ul class='av-share-box-list noLightbox'><li class='av-share-link av-social-link-facebook' ><a target=\"_blank\" aria-label=\"Compartir en Facebook\" href='https:\/\/www.facebook.com\/sharer.php?u=https:\/\/radiorevelacionfm.cl\/?p=50463&#038;t=SAG%20proh%C3%ADbe%20tres%20nuevos%20plaguicidas%20de%20uso%20agr%C3%ADcola' aria-hidden='false' data-av_icon='\ue8f3' data-av_iconfont='entypo-fontello' title='' data-avia-related-tooltip='Compartir en Facebook' rel=\"noopener\"><span class='avia_hidden_link_text'>Compartir en Facebook<\/span><\/a><\/li><li class='av-share-link av-social-link-twitter' ><a target=\"_blank\" aria-label=\"Compartir en Twitter\" href='https:\/\/twitter.com\/share?text=SAG%20proh%C3%ADbe%20tres%20nuevos%20plaguicidas%20de%20uso%20agr%C3%ADcola&#038;url=https:\/\/radiorevelacionfm.cl\/?p=50463' aria-hidden='false' data-av_icon='\ue8f1' data-av_iconfont='entypo-fontello' title='' data-avia-related-tooltip='Compartir en Twitter' rel=\"noopener\"><span class='avia_hidden_link_text'>Compartir en Twitter<\/span><\/a><\/li><li class='av-share-link av-social-link-whatsapp' ><a target=\"_blank\" aria-label=\"Compartir en Whatsapp\" href='https:\/\/api.whatsapp.com\/send?text=https:\/\/radiorevelacionfm.cl\/?p=50463' aria-hidden='false' data-av_icon='\uf232' data-av_iconfont='entypo-fontello' title='' data-avia-related-tooltip='Compartir en Whatsapp' rel=\"noopener\"><span class='avia_hidden_link_text'>Compartir en Whatsapp<\/span><\/a><\/li><li class='av-share-link av-social-link-linkedin' ><a target=\"_blank\" aria-label=\"Compartir en LinkedIn\" href='https:\/\/linkedin.com\/shareArticle?mini=true&#038;title=SAG%20proh%C3%ADbe%20tres%20nuevos%20plaguicidas%20de%20uso%20agr%C3%ADcola&#038;url=https:\/\/radiorevelacionfm.cl\/?p=50463' aria-hidden='false' data-av_icon='\ue8fc' data-av_iconfont='entypo-fontello' title='' data-avia-related-tooltip='Compartir en LinkedIn' rel=\"noopener\"><span class='avia_hidden_link_text'>Compartir en LinkedIn<\/span><\/a><\/li><li class='av-share-link av-social-link-mail' ><a  aria-label=\"Compartir por correo\" href='mailto:?subject=SAG%20proh%C3%ADbe%20tres%20nuevos%20plaguicidas%20de%20uso%20agr%C3%ADcola&#038;body=https:\/\/radiorevelacionfm.cl\/?p=50463' aria-hidden='false' data-av_icon='\ue805' data-av_iconfont='entypo-fontello' title='' data-avia-related-tooltip='Compartir por correo'><span class='avia_hidden_link_text'>Compartir por correo<\/span><\/a><\/li><\/ul><\/div><\/div>\n<div  style='height:50px' class='hr hr-invisible   avia-builder-el-8  el_after_av_social_share  el_before_av_comments_list '><span class='hr-inner ' ><span class='hr-inner-style'><\/span><\/span><\/div>\n<div  class='av-buildercomment  av-blog-meta-html-info-disabled av-blog-meta-tag-disabled  '><\/div>\n","protected":false},"excerpt":{"rendered":"","protected":false},"author":1,"featured_media":50464,"comment_status":"open","ping_status":"open","sticky":false,"template":"","format":"standard","meta":{"footnotes":""},"categories":[58],"tags":[],"class_list":["post-50463","post","type-post","status-publish","format-standard","has-post-thumbnail","hentry","category-agricultura"],"jetpack_featured_media_url":"https:\/\/radiorevelacionfm.cl\/wp-content\/uploads\/2025\/02\/plaguicidas-3-1_optimized-1.jpg","_links":{"self":[{"href":"https:\/\/radiorevelacionfm.cl\/index.php?rest_route=\/wp\/v2\/posts\/50463","targetHints":{"allow":["GET"]}}],"collection":[{"href":"https:\/\/radiorevelacionfm.cl\/index.php?rest_route=\/wp\/v2\/posts"}],"about":[{"href":"https:\/\/radiorevelacionfm.cl\/index.php?rest_route=\/wp\/v2\/types\/post"}],"author":[{"embeddable":true,"href":"https:\/\/radiorevelacionfm.cl\/index.php?rest_route=\/wp\/v2\/users\/1"}],"replies":[{"embeddable":true,"href":"https:\/\/radiorevelacionfm.cl\/index.php?rest_route=%2Fwp%2Fv2%2Fcomments&post=50463"}],"version-history":[{"count":1,"href":"https:\/\/radiorevelacionfm.cl\/index.php?rest_route=\/wp\/v2\/posts\/50463\/revisions"}],"predecessor-version":[{"id":50465,"href":"https:\/\/radiorevelacionfm.cl\/index.php?rest_route=\/wp\/v2\/posts\/50463\/revisions\/50465"}],"wp:featuredmedia":[{"embeddable":true,"href":"https:\/\/radiorevelacionfm.cl\/index.php?rest_route=\/wp\/v2\/media\/50464"}],"wp:attachment":[{"href":"https:\/\/radiorevelacionfm.cl\/index.php?rest_route=%2Fwp%2Fv2%2Fmedia&parent=50463"}],"wp:term":[{"taxonomy":"category","embeddable":true,"href":"https:\/\/radiorevelacionfm.cl\/index.php?rest_route=%2Fwp%2Fv2%2Fcategories&post=50463"},{"taxonomy":"post_tag","embeddable":true,"href":"https:\/\/radiorevelacionfm.cl\/index.php?rest_route=%2Fwp%2Fv2%2Ftags&post=50463"}],"curies":[{"name":"wp","href":"https:\/\/api.w.org\/{rel}","templated":true}]}}