{"id":50457,"date":"2025-02-10T12:15:17","date_gmt":"2025-02-10T15:15:17","guid":{"rendered":"https:\/\/radiorevelacionfm.cl\/?p=50457"},"modified":"2025-02-10T12:15:17","modified_gmt":"2025-02-10T15:15:17","slug":"ips-inicio-pago-reajustado-de-pension-garantizada-universal","status":"publish","type":"post","link":"https:\/\/radiorevelacionfm.cl\/?p=50457","title":{"rendered":"IPS inici\u00f3 pago reajustado de Pensi\u00f3n Garantizada Universal"},"content":{"rendered":"<div class=\"flex_column av_one_full  flex_column_div av-zero-column-padding first  avia-builder-el-0  el_before_av_one_full  avia-builder-el-first  \" style='border-radius:0px; '><div  class='avia-image-container  av-styling-    avia-builder-el-1  avia-builder-el-no-sibling  avia-align-center '  itemprop=\"image\" itemscope=\"itemscope\" itemtype=\"https:\/\/schema.org\/ImageObject\"  ><div class='avia-image-container-inner'><div class='avia-image-overlay-wrap'><img decoding=\"async\" class='wp-image-50458 avia-img-lazy-loading-not-50458 avia_image' src=\"https:\/\/radiorevelacionfm.cl\/wp-content\/uploads\/2025\/02\/Gobierno-pension-basica-universal-850x400-1-1.jpg\" alt='' title='Gobierno-pension-basica-universal-850x400 (1) (1)' height=\"600\" width=\"1076\"  itemprop=\"thumbnailUrl\" srcset=\"https:\/\/radiorevelacionfm.cl\/wp-content\/uploads\/2025\/02\/Gobierno-pension-basica-universal-850x400-1-1.jpg 1076w, https:\/\/radiorevelacionfm.cl\/wp-content\/uploads\/2025\/02\/Gobierno-pension-basica-universal-850x400-1-1-300x167.jpg 300w, https:\/\/radiorevelacionfm.cl\/wp-content\/uploads\/2025\/02\/Gobierno-pension-basica-universal-850x400-1-1-1030x574.jpg 1030w, https:\/\/radiorevelacionfm.cl\/wp-content\/uploads\/2025\/02\/Gobierno-pension-basica-universal-850x400-1-1-768x428.jpg 768w, https:\/\/radiorevelacionfm.cl\/wp-content\/uploads\/2025\/02\/Gobierno-pension-basica-universal-850x400-1-1-705x393.jpg 705w, https:\/\/radiorevelacionfm.cl\/wp-content\/uploads\/2025\/02\/Gobierno-pension-basica-universal-850x400-1-1-450x251.jpg 450w, https:\/\/radiorevelacionfm.cl\/wp-content\/uploads\/2025\/02\/Gobierno-pension-basica-universal-850x400-1-1-600x335.jpg 600w\" sizes=\"(max-width: 1076px) 100vw, 1076px\" \/><\/div><\/div><\/div><\/div><div class=\"flex_column av_one_full  flex_column_div av-zero-column-padding first  avia-builder-el-2  el_after_av_one_full  el_before_av_one_full  column-top-margin\" style='border-radius:0px; '><section class=\"av_textblock_section \"  itemscope=\"itemscope\" itemtype=\"https:\/\/schema.org\/BlogPosting\" itemprop=\"blogPost\" ><div class='avia_textblock  '   itemprop=\"text\" ><p style=\"text-align: center;\"><span style=\"font-size: 18pt;\"><strong>IPS <\/strong><strong>inici\u00f3 pago reajustado de Pensi\u00f3n Garantizada Universal <\/strong><\/span><\/p>\n<div id=\"gtx-trans\" style=\"position: absolute; left: -50px; top: 4.31534px;\">\n<div class=\"gtx-trans-icon\"><\/div>\n<\/div>\n<\/div><\/section><\/div><div class=\"flex_column av_one_full  flex_column_div av-zero-column-padding first  avia-builder-el-4  el_after_av_one_full  el_before_av_hr  column-top-margin\" style='border-radius:0px; '><section class=\"av_textblock_section \"  itemscope=\"itemscope\" itemtype=\"https:\/\/schema.org\/BlogPosting\" itemprop=\"blogPost\" ><div class='avia_textblock  '   itemprop=\"text\" ><ul>\n<li style=\"text-align: justify;\"><em>Desde este mes, el valor de la Pensi\u00f3n Garantizada Universal (PGU) es de $224.004. <\/em><\/li>\n<li style=\"text-align: justify;\"><em>El nuevo monto de la PGU tambi\u00e9n se aplicar\u00e1 en beneficio de quienes reciben Pensi\u00f3n B\u00e1sica Solidaria de Invalidez o Aporte Previsional Solidario de Invalidez.<\/em><\/li>\n<\/ul>\n<p style=\"text-align: justify;\">Desde este mes comenz\u00f3 a regir el tradicional reajuste de la Pensi\u00f3n Garantizada Universal (PGU). En esta oportunidad, el beneficio subi\u00f3 desde $214.296 a $224.004, incremento que ya se ha visto reflejado en las liquidaciones de pago de las personas beneficiarias de PGU.<\/p>\n<p style=\"text-align: justify;\">As\u00ed lo inform\u00f3 el director regional del Instituto de Previsi\u00f3n Social \u2013 IPS Ays\u00e9n, Rodrigo D\u00edaz Cordaro. \u201cEstamos muy contentos de anunciar esta buena noticia. <strong>Desde este mes, la Pensi\u00f3n Garantizada Universal es de 224 mil 4 pesos. Reajuste que no s\u00f3lo beneficia a quienes reciben PGU, sino tambi\u00e9n a los titulares de Pensi\u00f3n B\u00e1sica Solidaria de Invalidez\u00a0 o Aporte Previsional Solidario de Invalidez<\/strong>\u201d, explic\u00f3 el directivo.<\/p>\n<p style=\"text-align: justify;\">Cada a\u00f1o, en el mes de febrero, la Pensi\u00f3n Garantizada Universal se reajusta de acuerdo con la variaci\u00f3n del \u00cdndice de Precios al Consumidor, el IPC; el que, el 2024 tuvo un incremento de 4,53 %.<\/p>\n<p style=\"text-align: justify;\">Por su parte, la seremi del Trabajo y Previsi\u00f3n Social, Camila Cobarruvias Retamal, destac\u00f3 tambi\u00e9n la importancia de este reajuste para las personas pensionadas beneficiarias de PGU e inst\u00f3 a quienes tiene 65 a\u00f1os de edad o m\u00e1s, a revisar si cumplen con los requisitos para postular.<\/p>\n<p style=\"text-align: justify;\">\u201cSon <strong>m\u00e1s de 13 mil las ayseninas y ayseninos que se ver\u00e1n beneficiados con este reajuste y que ya han comenzado a percibir una PGU de <\/strong>224 mil 4 pesos. As\u00ed como ellos, instamos a todos los adultos y adultas mayores que tienen 65 a\u00f1os o m\u00e1s y, por supuesto a quienes cumplen sus 65 a\u00f1os durante febrero, para que ingresen a <strong>www.chileatiende.cl<\/strong> y revisen si cumplen las condiciones que exige la ley. Tambi\u00e9n pueden acercarse a cualquiera de las cinco sucursales IPS ChileAtiende de nuestra regi\u00f3n o a los Puntos de Atenci\u00f3n Virtual de su municipio \u201d, enfatiz\u00f3 la seremi.<\/p>\n<p style=\"text-align: justify;\">Cabe se\u00f1alar que, desde febrero, tambi\u00e9n se incrementaron los valores de las llamadas Pensi\u00f3n Inferior y Pensi\u00f3n Superior, las cuales sirven como par\u00e1metros de referencia para determinar qu\u00e9 personas con pensi\u00f3n acceden al monto completo de la PGU y a quienes les corresponde un monto parcial del beneficio. En este contexto, todos los a\u00f1os el IPS realiza m\u00faltiples acciones para facilitar a las personas el acceso a la PGU, como notificaciones peri\u00f3dicas directas a quienes cumplen los requisitos y el plan territorial \u201cPGU en tu barrio\u201d, entre otras, lo que ha incidido en la enorme cobertura que tiene este beneficio a nivel nacional.<\/p>\n<p style=\"text-align: justify;\"><strong>\u00bfC\u00f3mo solicitar la Pensi\u00f3n Garantizada Universal?<\/strong><\/p>\n<p style=\"text-align: justify;\">A partir de los 65 a\u00f1os, y cumpliendo un conjunto de requisitos establecidos en la ley, la PGU se puede solicitar en el sitio <strong>www.chileatiende.cl<\/strong>, mediante el sistema de videoatenci\u00f3n disponible en el mismo sitio web. Tambi\u00e9n en cualquier sucursal ChileAtiende del Instituto de Previsi\u00f3n Social; en los diez municipios de la regi\u00f3n, en convenio con el IPS; o a trav\u00e9s de los Puntos de Atenci\u00f3n Virtual Municipal que se encuentran instalados en Puerto R\u00edo Tranquilo, Guaitecas, Villa O\u2019Higgins, Tortel, Villa La Tapera, La Junta, Puyuhuapi y Puerto Cisnes.<\/p>\n<p style=\"text-align: justify;\">Hay que recordar que a la Pensi\u00f3n Garantizada Universal tambi\u00e9n podr\u00edan acceder las personas de 65 a\u00f1os y m\u00e1s que a\u00fan siguen trabajando, siempre que cumplan con todos los dem\u00e1s requisitos.<\/p>\n<p style=\"text-align: justify;\">Una condici\u00f3n previa a la solicitud del beneficio es que la persona est\u00e9 inscrita en el Registro Social de Hogares, dado que desde ah\u00ed se obtienen algunos antecedentes para realizar la evaluaci\u00f3n.<\/p>\n<p style=\"text-align: justify;\">Para consultas sobre el beneficio est\u00e1n disponibles las redes sociales de <strong>@ChileAtiende<\/strong> en X, Facebook e Instagram y el <strong>Call Center 101<\/strong>.<\/p>\n<\/div><\/section><\/div><div  style='height:50px' class='hr hr-invisible   avia-builder-el-6  el_after_av_one_full  el_before_av_social_share '><span class='hr-inner ' ><span class='hr-inner-style'><\/span><\/span><\/div><\/p>\n<div  class='av-social-sharing-box  avia-builder-el-7  el_after_av_hr  el_before_av_hr  '><div class='av-share-box'><h5 class='av-share-link-description av-no-toc '>Compartir esta noticia<\/h5><ul class='av-share-box-list noLightbox'><li class='av-share-link av-social-link-facebook' ><a target=\"_blank\" aria-label=\"Compartir en Facebook\" href='https:\/\/www.facebook.com\/sharer.php?u=https:\/\/radiorevelacionfm.cl\/?p=50457&#038;t=IPS%20inici%C3%B3%20pago%20reajustado%20de%20Pensi%C3%B3n%20Garantizada%20Universal' aria-hidden='false' data-av_icon='\ue8f3' data-av_iconfont='entypo-fontello' title='' data-avia-related-tooltip='Compartir en Facebook' rel=\"noopener\"><span class='avia_hidden_link_text'>Compartir en Facebook<\/span><\/a><\/li><li class='av-share-link av-social-link-twitter' ><a target=\"_blank\" aria-label=\"Compartir en Twitter\" href='https:\/\/twitter.com\/share?text=IPS%20inici%C3%B3%20pago%20reajustado%20de%20Pensi%C3%B3n%20Garantizada%20Universal&#038;url=https:\/\/radiorevelacionfm.cl\/?p=50457' aria-hidden='false' data-av_icon='\ue8f1' data-av_iconfont='entypo-fontello' title='' data-avia-related-tooltip='Compartir en Twitter' rel=\"noopener\"><span class='avia_hidden_link_text'>Compartir en Twitter<\/span><\/a><\/li><li class='av-share-link av-social-link-whatsapp' ><a target=\"_blank\" aria-label=\"Compartir en Whatsapp\" href='https:\/\/api.whatsapp.com\/send?text=https:\/\/radiorevelacionfm.cl\/?p=50457' aria-hidden='false' data-av_icon='\uf232' data-av_iconfont='entypo-fontello' title='' data-avia-related-tooltip='Compartir en Whatsapp' rel=\"noopener\"><span class='avia_hidden_link_text'>Compartir en Whatsapp<\/span><\/a><\/li><li class='av-share-link av-social-link-linkedin' ><a target=\"_blank\" aria-label=\"Compartir en LinkedIn\" href='https:\/\/linkedin.com\/shareArticle?mini=true&#038;title=IPS%20inici%C3%B3%20pago%20reajustado%20de%20Pensi%C3%B3n%20Garantizada%20Universal&#038;url=https:\/\/radiorevelacionfm.cl\/?p=50457' aria-hidden='false' data-av_icon='\ue8fc' data-av_iconfont='entypo-fontello' title='' data-avia-related-tooltip='Compartir en LinkedIn' rel=\"noopener\"><span class='avia_hidden_link_text'>Compartir en LinkedIn<\/span><\/a><\/li><li class='av-share-link av-social-link-mail' ><a  aria-label=\"Compartir por correo\" href='mailto:?subject=IPS%20inici%C3%B3%20pago%20reajustado%20de%20Pensi%C3%B3n%20Garantizada%20Universal&#038;body=https:\/\/radiorevelacionfm.cl\/?p=50457' aria-hidden='false' data-av_icon='\ue805' data-av_iconfont='entypo-fontello' title='' data-avia-related-tooltip='Compartir por correo'><span class='avia_hidden_link_text'>Compartir por correo<\/span><\/a><\/li><\/ul><\/div><\/div>\n<div  style='height:50px' class='hr hr-invisible   avia-builder-el-8  el_after_av_social_share  el_before_av_comments_list '><span class='hr-inner ' ><span class='hr-inner-style'><\/span><\/span><\/div>\n<div  class='av-buildercomment  av-blog-meta-html-info-disabled av-blog-meta-tag-disabled  '><\/div>\n","protected":false},"excerpt":{"rendered":"","protected":false},"author":1,"featured_media":50458,"comment_status":"open","ping_status":"open","sticky":false,"template":"","format":"standard","meta":{"footnotes":""},"categories":[38],"tags":[],"class_list":["post-50457","post","type-post","status-publish","format-standard","has-post-thumbnail","hentry","category-regional"],"jetpack_featured_media_url":"https:\/\/radiorevelacionfm.cl\/wp-content\/uploads\/2025\/02\/Gobierno-pension-basica-universal-850x400-1-1.jpg","_links":{"self":[{"href":"https:\/\/radiorevelacionfm.cl\/index.php?rest_route=\/wp\/v2\/posts\/50457","targetHints":{"allow":["GET"]}}],"collection":[{"href":"https:\/\/radiorevelacionfm.cl\/index.php?rest_route=\/wp\/v2\/posts"}],"about":[{"href":"https:\/\/radiorevelacionfm.cl\/index.php?rest_route=\/wp\/v2\/types\/post"}],"author":[{"embeddable":true,"href":"https:\/\/radiorevelacionfm.cl\/index.php?rest_route=\/wp\/v2\/users\/1"}],"replies":[{"embeddable":true,"href":"https:\/\/radiorevelacionfm.cl\/index.php?rest_route=%2Fwp%2Fv2%2Fcomments&post=50457"}],"version-history":[{"count":1,"href":"https:\/\/radiorevelacionfm.cl\/index.php?rest_route=\/wp\/v2\/posts\/50457\/revisions"}],"predecessor-version":[{"id":50459,"href":"https:\/\/radiorevelacionfm.cl\/index.php?rest_route=\/wp\/v2\/posts\/50457\/revisions\/50459"}],"wp:featuredmedia":[{"embeddable":true,"href":"https:\/\/radiorevelacionfm.cl\/index.php?rest_route=\/wp\/v2\/media\/50458"}],"wp:attachment":[{"href":"https:\/\/radiorevelacionfm.cl\/index.php?rest_route=%2Fwp%2Fv2%2Fmedia&parent=50457"}],"wp:term":[{"taxonomy":"category","embeddable":true,"href":"https:\/\/radiorevelacionfm.cl\/index.php?rest_route=%2Fwp%2Fv2%2Fcategories&post=50457"},{"taxonomy":"post_tag","embeddable":true,"href":"https:\/\/radiorevelacionfm.cl\/index.php?rest_route=%2Fwp%2Fv2%2Ftags&post=50457"}],"curies":[{"name":"wp","href":"https:\/\/api.w.org\/{rel}","templated":true}]}}