{"id":50454,"date":"2025-02-10T10:52:19","date_gmt":"2025-02-10T13:52:19","guid":{"rendered":"https:\/\/radiorevelacionfm.cl\/?p=50454"},"modified":"2025-02-10T10:52:19","modified_gmt":"2025-02-10T13:52:19","slug":"aquachile-realiza-capacitacion-en-instalaciones-electricas-para-la-comunidad-de-puerto-aguirre","status":"publish","type":"post","link":"https:\/\/radiorevelacionfm.cl\/?p=50454","title":{"rendered":"AquaChile realiza capacitaci\u00f3n en instalaciones el\u00e9ctricas para la comunidad de Puerto Aguirre"},"content":{"rendered":"<div class=\"flex_column av_one_full  flex_column_div av-zero-column-padding first  avia-builder-el-0  el_before_av_one_full  avia-builder-el-first  \" style='border-radius:0px; '><div  class='avia-image-container  av-styling-    avia-builder-el-1  avia-builder-el-no-sibling  avia-align-center '  itemprop=\"image\" itemscope=\"itemscope\" itemtype=\"https:\/\/schema.org\/ImageObject\"  ><div class='avia-image-container-inner'><div class='avia-image-overlay-wrap'><img decoding=\"async\" class='wp-image-50455 avia-img-lazy-loading-not-50455 avia_image' src=\"https:\/\/radiorevelacionfm.cl\/wp-content\/uploads\/2025\/02\/Capacitacion-Puerto-Aguirre-2-1-1.jpeg\" alt='' title='Capacitaci\u00f3n Puerto Aguirre 2 (1) (1)' height=\"600\" width=\"911\"  itemprop=\"thumbnailUrl\" srcset=\"https:\/\/radiorevelacionfm.cl\/wp-content\/uploads\/2025\/02\/Capacitacion-Puerto-Aguirre-2-1-1.jpeg 911w, https:\/\/radiorevelacionfm.cl\/wp-content\/uploads\/2025\/02\/Capacitacion-Puerto-Aguirre-2-1-1-300x198.jpeg 300w, https:\/\/radiorevelacionfm.cl\/wp-content\/uploads\/2025\/02\/Capacitacion-Puerto-Aguirre-2-1-1-768x506.jpeg 768w, https:\/\/radiorevelacionfm.cl\/wp-content\/uploads\/2025\/02\/Capacitacion-Puerto-Aguirre-2-1-1-705x464.jpeg 705w, https:\/\/radiorevelacionfm.cl\/wp-content\/uploads\/2025\/02\/Capacitacion-Puerto-Aguirre-2-1-1-450x296.jpeg 450w, https:\/\/radiorevelacionfm.cl\/wp-content\/uploads\/2025\/02\/Capacitacion-Puerto-Aguirre-2-1-1-600x395.jpeg 600w\" sizes=\"(max-width: 911px) 100vw, 911px\" \/><\/div><\/div><\/div><\/div><div class=\"flex_column av_one_full  flex_column_div av-zero-column-padding first  avia-builder-el-2  el_after_av_one_full  el_before_av_one_full  column-top-margin\" style='border-radius:0px; '><section class=\"av_textblock_section \"  itemscope=\"itemscope\" itemtype=\"https:\/\/schema.org\/BlogPosting\" itemprop=\"blogPost\" ><div class='avia_textblock  '   itemprop=\"text\" ><p style=\"text-align: center;\"><span style=\"font-size: 18pt;\"><b>AquaChile realiza capacitaci\u00f3n en instalaciones el\u00e9ctricas para la comunidad de Puerto Aguirre<\/b><\/span><\/p>\n<div id=\"gtx-trans\" style=\"position: absolute; left: -50px; top: 4.31534px;\">\n<div class=\"gtx-trans-icon\"><\/div>\n<\/div>\n<\/div><\/section><\/div><div class=\"flex_column av_one_full  flex_column_div av-zero-column-padding first  avia-builder-el-4  el_after_av_one_full  el_before_av_hr  column-top-margin\" style='border-radius:0px; '><section class=\"av_textblock_section \"  itemscope=\"itemscope\" itemtype=\"https:\/\/schema.org\/BlogPosting\" itemprop=\"blogPost\" ><div class='avia_textblock  '   itemprop=\"text\" ><p class=\"v1MsoNormal\" style=\"text-align: justify;\"><i>El curso, impartido por INACAP, fue en directo beneficio de los vecinos de la isla, quienes mostraron un gran compromiso, reflejado en que siete participantes finalizaron con distinci\u00f3n m\u00e1xima.<\/i><\/p>\n<p class=\"v1MsoNormal\" style=\"text-align: justify;\">En Puerto Aguirre, al sur de Isla Huichas, se realiz\u00f3 el curso \u00abAplicaci\u00f3n de T\u00e9cnicas de Instalaciones El\u00e9ctricas Domiciliarias\u00bb, iniciativa promovida y financiada por AquaChile, en alianza con INACAP, quienes dictaron esta capacitaci\u00f3n de 80 horas dirigida a la comunidad, que reuni\u00f3 a trabajadores locales interesados en fortalecer sus habilidades en el \u00e1mbito el\u00e9ctrico, brind\u00e1ndoles herramientas claves para su certificaci\u00f3n ante la SEC (Superintendencia de Electricidad y Combustibles).<\/p>\n<p class=\"v1MsoNormal\" style=\"text-align: justify;\">\u00abEs una gran sorpresa que Inacap llegue a zonas tan aisladas para ofrecer un curso, con esto, el proyecto que tengo en mente es ampliar mis conocimientos. Tengo un t\u00edtulo, pero no he podido ejercerlo, y este curso representa una oportunidad para mejorar tanto en lo laboral como en lo econ\u00f3mico. Por eso, considero que este curso es una excelente posibilidad para mi desarrollo\u00bb, se\u00f1al\u00f3 Cristofer Oyarzun, uno de los participantes.<\/p>\n<p class=\"v1MsoNormal\" style=\"text-align: justify;\">Asimismo, Gast\u00f3n Robinson, otro de los vecinos capacitados, afirm\u00f3 que \u00ablo que pudimos aprender reforz\u00f3 significativamente mis conocimientos en el \u00e1rea el\u00e9ctrica. Adem\u00e1s, el hecho de que el curso se realizara en la isla es muy importante para nosotros, ya que normalmente no tenemos la posibilidad de acceder a este tipo de capacitaciones debido a los altos costos log\u00edsticos. Este curso es de gran ayuda, especialmente considerando la necesidad de trabajos en la isla. Contar con una certificaci\u00f3n har\u00eda todo mucho m\u00e1s pr\u00e1ctico y eficiente\u00bb.<\/p>\n<p class=\"v1MsoNormal\" style=\"text-align: justify;\">El programa incluy\u00f3 capacitaci\u00f3n pr\u00e1ctica y te\u00f3rica, orientada al cumplimiento de las normativas actuales. A trav\u00e9s de esta instancia, AquaChile e INACAP fortalecen su compromiso con la formaci\u00f3n t\u00e9cnica y el crecimiento de las comunidades locales, promoviendo nuevas oportunidades laborales en sectores estrat\u00e9gicos. Al respecto, el director de Administraci\u00f3n y Finanzas de Inacap Coyhaique, Carlo Ghisoni, coment\u00f3 que \u00abestamos felices por nuestros ex alumnos de INACAP que hoy reciben sus certificados, donde los llamamos a continuar capacit\u00e1ndose, conociendo en nuestra plataforma o sede de Coyhaique todo lo que podemos ofrecer\u00bb.<\/p>\n<p class=\"v1MsoNormal\" style=\"text-align: justify;\">Finalmente, la jefa de relaciones comunitarias de AquaChile, Ximena Sol\u00eds Pradenas, agreg\u00f3 que \u00abestamos muy contentos por el compromiso que establecieron los participantes de esta capacitaci\u00f3n, que permitir\u00e1 ampliar sus alternativas laborales. Como compa\u00f1\u00eda estamos constantemente generando iniciativas que aporten valor a nuestras comunidades vecinas, de manera que exista un impacto positivo, mediante las acciones que trabajamos junto a la comunidad. En este sentido, la formaci\u00f3n de capital humano es una l\u00ednea de acci\u00f3n que impulsamos de manera permanente, conforme a las necesidades de la comunidad\u00bb.<\/p>\n<p class=\"v1MsoNormal\" style=\"text-align: justify;\">El curso destac\u00f3 por los altos niveles de compromiso de sus participantes, logrando un promedio de asistencia del 98%, donde siete de ellos recibieron distinci\u00f3n m\u00e1xima por su desempe\u00f1o.<\/p>\n<\/div><\/section><\/div><div  style='height:50px' class='hr hr-invisible   avia-builder-el-6  el_after_av_one_full  el_before_av_social_share '><span class='hr-inner ' ><span class='hr-inner-style'><\/span><\/span><\/div><\/p>\n<div  class='av-social-sharing-box  avia-builder-el-7  el_after_av_hr  el_before_av_hr  '><div class='av-share-box'><h5 class='av-share-link-description av-no-toc '>Compartir esta noticia<\/h5><ul class='av-share-box-list noLightbox'><li class='av-share-link av-social-link-facebook' ><a target=\"_blank\" aria-label=\"Compartir en Facebook\" href='https:\/\/www.facebook.com\/sharer.php?u=https:\/\/radiorevelacionfm.cl\/?p=50454&#038;t=AquaChile%20realiza%20capacitaci%C3%B3n%20en%20instalaciones%20el%C3%A9ctricas%20para%20la%20comunidad%20de%20Puerto%20Aguirre' aria-hidden='false' data-av_icon='\ue8f3' data-av_iconfont='entypo-fontello' title='' data-avia-related-tooltip='Compartir en Facebook' rel=\"noopener\"><span class='avia_hidden_link_text'>Compartir en Facebook<\/span><\/a><\/li><li class='av-share-link av-social-link-twitter' ><a target=\"_blank\" aria-label=\"Compartir en Twitter\" href='https:\/\/twitter.com\/share?text=AquaChile%20realiza%20capacitaci%C3%B3n%20en%20instalaciones%20el%C3%A9ctricas%20para%20la%20comunidad%20de%20Puerto%20Aguirre&#038;url=https:\/\/radiorevelacionfm.cl\/?p=50454' aria-hidden='false' data-av_icon='\ue8f1' data-av_iconfont='entypo-fontello' title='' data-avia-related-tooltip='Compartir en Twitter' rel=\"noopener\"><span class='avia_hidden_link_text'>Compartir en Twitter<\/span><\/a><\/li><li class='av-share-link av-social-link-whatsapp' ><a target=\"_blank\" aria-label=\"Compartir en Whatsapp\" href='https:\/\/api.whatsapp.com\/send?text=https:\/\/radiorevelacionfm.cl\/?p=50454' aria-hidden='false' data-av_icon='\uf232' data-av_iconfont='entypo-fontello' title='' data-avia-related-tooltip='Compartir en Whatsapp' rel=\"noopener\"><span class='avia_hidden_link_text'>Compartir en Whatsapp<\/span><\/a><\/li><li class='av-share-link av-social-link-linkedin' ><a target=\"_blank\" aria-label=\"Compartir en LinkedIn\" href='https:\/\/linkedin.com\/shareArticle?mini=true&#038;title=AquaChile%20realiza%20capacitaci%C3%B3n%20en%20instalaciones%20el%C3%A9ctricas%20para%20la%20comunidad%20de%20Puerto%20Aguirre&#038;url=https:\/\/radiorevelacionfm.cl\/?p=50454' aria-hidden='false' data-av_icon='\ue8fc' data-av_iconfont='entypo-fontello' title='' data-avia-related-tooltip='Compartir en LinkedIn' rel=\"noopener\"><span class='avia_hidden_link_text'>Compartir en LinkedIn<\/span><\/a><\/li><li class='av-share-link av-social-link-mail' ><a  aria-label=\"Compartir por correo\" href='mailto:?subject=AquaChile%20realiza%20capacitaci%C3%B3n%20en%20instalaciones%20el%C3%A9ctricas%20para%20la%20comunidad%20de%20Puerto%20Aguirre&#038;body=https:\/\/radiorevelacionfm.cl\/?p=50454' aria-hidden='false' data-av_icon='\ue805' data-av_iconfont='entypo-fontello' title='' data-avia-related-tooltip='Compartir por correo'><span class='avia_hidden_link_text'>Compartir por correo<\/span><\/a><\/li><\/ul><\/div><\/div>\n<div  style='height:50px' class='hr hr-invisible   avia-builder-el-8  el_after_av_social_share  el_before_av_comments_list '><span class='hr-inner ' ><span class='hr-inner-style'><\/span><\/span><\/div>\n<div  class='av-buildercomment  av-blog-meta-html-info-disabled av-blog-meta-tag-disabled  '><\/div>\n","protected":false},"excerpt":{"rendered":"","protected":false},"author":1,"featured_media":50455,"comment_status":"open","ping_status":"open","sticky":false,"template":"","format":"standard","meta":{"footnotes":""},"categories":[38],"tags":[],"class_list":["post-50454","post","type-post","status-publish","format-standard","has-post-thumbnail","hentry","category-regional"],"jetpack_featured_media_url":"https:\/\/radiorevelacionfm.cl\/wp-content\/uploads\/2025\/02\/Capacitacion-Puerto-Aguirre-2-1-1.jpeg","_links":{"self":[{"href":"https:\/\/radiorevelacionfm.cl\/index.php?rest_route=\/wp\/v2\/posts\/50454","targetHints":{"allow":["GET"]}}],"collection":[{"href":"https:\/\/radiorevelacionfm.cl\/index.php?rest_route=\/wp\/v2\/posts"}],"about":[{"href":"https:\/\/radiorevelacionfm.cl\/index.php?rest_route=\/wp\/v2\/types\/post"}],"author":[{"embeddable":true,"href":"https:\/\/radiorevelacionfm.cl\/index.php?rest_route=\/wp\/v2\/users\/1"}],"replies":[{"embeddable":true,"href":"https:\/\/radiorevelacionfm.cl\/index.php?rest_route=%2Fwp%2Fv2%2Fcomments&post=50454"}],"version-history":[{"count":1,"href":"https:\/\/radiorevelacionfm.cl\/index.php?rest_route=\/wp\/v2\/posts\/50454\/revisions"}],"predecessor-version":[{"id":50456,"href":"https:\/\/radiorevelacionfm.cl\/index.php?rest_route=\/wp\/v2\/posts\/50454\/revisions\/50456"}],"wp:featuredmedia":[{"embeddable":true,"href":"https:\/\/radiorevelacionfm.cl\/index.php?rest_route=\/wp\/v2\/media\/50455"}],"wp:attachment":[{"href":"https:\/\/radiorevelacionfm.cl\/index.php?rest_route=%2Fwp%2Fv2%2Fmedia&parent=50454"}],"wp:term":[{"taxonomy":"category","embeddable":true,"href":"https:\/\/radiorevelacionfm.cl\/index.php?rest_route=%2Fwp%2Fv2%2Fcategories&post=50454"},{"taxonomy":"post_tag","embeddable":true,"href":"https:\/\/radiorevelacionfm.cl\/index.php?rest_route=%2Fwp%2Fv2%2Ftags&post=50454"}],"curies":[{"name":"wp","href":"https:\/\/api.w.org\/{rel}","templated":true}]}}