{"id":50451,"date":"2025-02-10T10:44:04","date_gmt":"2025-02-10T13:44:04","guid":{"rendered":"https:\/\/radiorevelacionfm.cl\/?p=50451"},"modified":"2025-02-10T10:44:04","modified_gmt":"2025-02-10T13:44:04","slug":"el-11-fimp-cerro-con-un-emocionante-concierto-de-clausura-y-una-semana-de-musica-inolvidable","status":"publish","type":"post","link":"https:\/\/radiorevelacionfm.cl\/?p=50451","title":{"rendered":"El 11\u00b0 FIMP cerr\u00f3 con un emocionante concierto de clausura y una semana de m\u00fasica inolvidable"},"content":{"rendered":"<div class=\"flex_column av_one_full  flex_column_div av-zero-column-padding first  avia-builder-el-0  el_before_av_one_full  avia-builder-el-first  \" style='border-radius:0px; '><div  class='avia-image-container  av-styling-    avia-builder-el-1  avia-builder-el-no-sibling  avia-align-center '  itemprop=\"image\" itemscope=\"itemscope\" itemtype=\"https:\/\/schema.org\/ImageObject\"  ><div class='avia-image-container-inner'><div class='avia-image-overlay-wrap'><img decoding=\"async\" class='wp-image-50452 avia-img-lazy-loading-not-50452 avia_image' src=\"https:\/\/radiorevelacionfm.cl\/wp-content\/uploads\/2025\/02\/concierto-de-clausura-01-1_optimized.jpg\" alt='' title='concierto-de-clausura-01-(1)_optimized' height=\"600\" width=\"1070\"  itemprop=\"thumbnailUrl\" srcset=\"https:\/\/radiorevelacionfm.cl\/wp-content\/uploads\/2025\/02\/concierto-de-clausura-01-1_optimized.jpg 1070w, https:\/\/radiorevelacionfm.cl\/wp-content\/uploads\/2025\/02\/concierto-de-clausura-01-1_optimized-300x168.jpg 300w, https:\/\/radiorevelacionfm.cl\/wp-content\/uploads\/2025\/02\/concierto-de-clausura-01-1_optimized-1030x578.jpg 1030w, https:\/\/radiorevelacionfm.cl\/wp-content\/uploads\/2025\/02\/concierto-de-clausura-01-1_optimized-768x431.jpg 768w, https:\/\/radiorevelacionfm.cl\/wp-content\/uploads\/2025\/02\/concierto-de-clausura-01-1_optimized-705x395.jpg 705w, https:\/\/radiorevelacionfm.cl\/wp-content\/uploads\/2025\/02\/concierto-de-clausura-01-1_optimized-450x252.jpg 450w, https:\/\/radiorevelacionfm.cl\/wp-content\/uploads\/2025\/02\/concierto-de-clausura-01-1_optimized-600x336.jpg 600w\" sizes=\"(max-width: 1070px) 100vw, 1070px\" \/><\/div><\/div><\/div><\/div><div class=\"flex_column av_one_full  flex_column_div av-zero-column-padding first  avia-builder-el-2  el_after_av_one_full  el_before_av_one_full  column-top-margin\" style='border-radius:0px; '><section class=\"av_textblock_section \"  itemscope=\"itemscope\" itemtype=\"https:\/\/schema.org\/BlogPosting\" itemprop=\"blogPost\" ><div class='avia_textblock  '   itemprop=\"text\" ><p style=\"text-align: center;\"><strong><span style=\"font-size: 18pt;\">El 11\u00b0 FIMP cerr\u00f3 con un emocionante concierto de clausura y una semana de m\u00fasica inolvidable<\/span><\/strong><\/p>\n<div id=\"gtx-trans\" style=\"position: absolute; left: -50px; top: 4.31534px;\">\n<div class=\"gtx-trans-icon\"><\/div>\n<\/div>\n<\/div><\/section><\/div><div class=\"flex_column av_one_full  flex_column_div av-zero-column-padding first  avia-builder-el-4  el_after_av_one_full  el_before_av_hr  column-top-margin\" style='border-radius:0px; '><section class=\"av_textblock_section \"  itemscope=\"itemscope\" itemtype=\"https:\/\/schema.org\/BlogPosting\" itemprop=\"blogPost\" ><div class='avia_textblock  '   itemprop=\"text\" ><p style=\"text-align: justify;\">El pasado viernes, el Centro Cultural Coyhaique fue el escenario del emocionante Concierto de Clausura del 11\u00b0 Festival Internacional de M\u00fasica en la Patagonia (FIMP). La Orquesta de la Academia FIMP se present\u00f3 ante un auditorio repleto, marcando el broche de oro de una semana llena de talento, aprendizaje y emociones. Este a\u00f1o, el FIMP form\u00f3 parte del proyecto FIMP 2025-2026 y cuenta con el financiamiento del Fondo de la M\u00fasica Nacional, convocatoria 2024, del Ministerio de las Culturas, las Artes y el Patrimonio.<\/p>\n<p style=\"text-align: justify;\">Durante cinco noches, entre el 1 y el 7 de febrero, el FIMP llen\u00f3 el Centro Cultural con m\u00fasica de primer nivel, agotando todas las entradas disponibles para cada uno de los conciertos. Adem\u00e1s, el festival ofreci\u00f3 una presentaci\u00f3n especial en el Museo Regional de Ays\u00e9n, donde los organizadores del evento compartieron un espacio m\u00e1s \u00edntimo con el p\u00fablico.<\/p>\n<p style=\"text-align: justify;\">Una vez m\u00e1s, la Academia FIMP se convirti\u00f3 en un espacio clave para la formaci\u00f3n musical, reuniendo a una treintena de estudiantes provenientes de Coyhaique y distintas regiones de Chile. Durante la semana, los j\u00f3venes talentos pudieron aprender de grandes maestros nacionales e internacionales, compartiendo experiencias que marcar\u00e1n su trayectoria.<\/p>\n<p style=\"text-align: justify;\">El 11\u00b0 FIMP cont\u00f3 con la participaci\u00f3n de destacados m\u00fasicos, entre ellos el director de orquesta \u00edtalo-brasile\u00f1o Alessandro Borgomanero, la violonchelista espa\u00f1ola Elisa R. S\u00e1daba y el pianista y compositor argentino Jorge Pepi-Alos. Desde Chile, se presentaron la violinista Tania Donoso, la violista Carola Fredes, el guitarrista y compositor Javier Contreras y el guitarrista Alejandro Cort\u00e9s. La regi\u00f3n tambi\u00e9n estuvo representada con la participaci\u00f3n de los pianistas coyhaiquinos Ricardo Bahamondez e Ignacio Gonz\u00e1lez, el contrabajista Andr\u00e9s Guerrero y el coro femenino Canto de la Mujer Patagona, dirigido por Cristina Lara y Alejandro Vernal.<\/p>\n<p style=\"text-align: justify;\">Desde la organizaci\u00f3n del festival se mostraron muy felices por la gran recepci\u00f3n del p\u00fablico coyhaiquino, que una vez m\u00e1s demostr\u00f3 su entusiasmo e inter\u00e9s por el evento, por lo que ya est\u00e1n trabajando en la duod\u00e9cima versi\u00f3n del festival, que promete seguir consolidando a Coyhaique como un epicentro de la m\u00fasica de excelencia en la Patagonia.<\/p>\n<p style=\"text-align: justify;\">Para quienes no pudieron asistir o desean revivir los conciertos, todas las presentaciones est\u00e1n disponibles en el canal de Youtube del FIMP, permitiendo que el talento de los artistas invitados pueda ser apreciado por un p\u00fablico a\u00fan m\u00e1s amplio.<\/p>\n<\/div><\/section><\/div><div  style='height:50px' class='hr hr-invisible   avia-builder-el-6  el_after_av_one_full  el_before_av_social_share '><span class='hr-inner ' ><span class='hr-inner-style'><\/span><\/span><\/div><\/p>\n<div  class='av-social-sharing-box  avia-builder-el-7  el_after_av_hr  el_before_av_hr  '><div class='av-share-box'><h5 class='av-share-link-description av-no-toc '>Compartir esta noticia<\/h5><ul class='av-share-box-list noLightbox'><li class='av-share-link av-social-link-facebook' ><a target=\"_blank\" aria-label=\"Compartir en Facebook\" href='https:\/\/www.facebook.com\/sharer.php?u=https:\/\/radiorevelacionfm.cl\/?p=50451&#038;t=El%2011%C2%B0%20FIMP%20cerr%C3%B3%20con%20un%20emocionante%20concierto%20de%20clausura%20y%20una%20semana%20de%20m%C3%BAsica%20inolvidable' aria-hidden='false' data-av_icon='\ue8f3' data-av_iconfont='entypo-fontello' title='' data-avia-related-tooltip='Compartir en Facebook' rel=\"noopener\"><span class='avia_hidden_link_text'>Compartir en Facebook<\/span><\/a><\/li><li class='av-share-link av-social-link-twitter' ><a target=\"_blank\" aria-label=\"Compartir en Twitter\" href='https:\/\/twitter.com\/share?text=El%2011%C2%B0%20FIMP%20cerr%C3%B3%20con%20un%20emocionante%20concierto%20de%20clausura%20y%20una%20semana%20de%20m%C3%BAsica%20inolvidable&#038;url=https:\/\/radiorevelacionfm.cl\/?p=50451' aria-hidden='false' data-av_icon='\ue8f1' data-av_iconfont='entypo-fontello' title='' data-avia-related-tooltip='Compartir en Twitter' rel=\"noopener\"><span class='avia_hidden_link_text'>Compartir en Twitter<\/span><\/a><\/li><li class='av-share-link av-social-link-whatsapp' ><a target=\"_blank\" aria-label=\"Compartir en Whatsapp\" href='https:\/\/api.whatsapp.com\/send?text=https:\/\/radiorevelacionfm.cl\/?p=50451' aria-hidden='false' data-av_icon='\uf232' data-av_iconfont='entypo-fontello' title='' data-avia-related-tooltip='Compartir en Whatsapp' rel=\"noopener\"><span class='avia_hidden_link_text'>Compartir en Whatsapp<\/span><\/a><\/li><li class='av-share-link av-social-link-linkedin' ><a target=\"_blank\" aria-label=\"Compartir en LinkedIn\" href='https:\/\/linkedin.com\/shareArticle?mini=true&#038;title=El%2011%C2%B0%20FIMP%20cerr%C3%B3%20con%20un%20emocionante%20concierto%20de%20clausura%20y%20una%20semana%20de%20m%C3%BAsica%20inolvidable&#038;url=https:\/\/radiorevelacionfm.cl\/?p=50451' aria-hidden='false' data-av_icon='\ue8fc' data-av_iconfont='entypo-fontello' title='' data-avia-related-tooltip='Compartir en LinkedIn' rel=\"noopener\"><span class='avia_hidden_link_text'>Compartir en LinkedIn<\/span><\/a><\/li><li class='av-share-link av-social-link-mail' ><a  aria-label=\"Compartir por correo\" href='mailto:?subject=El%2011%C2%B0%20FIMP%20cerr%C3%B3%20con%20un%20emocionante%20concierto%20de%20clausura%20y%20una%20semana%20de%20m%C3%BAsica%20inolvidable&#038;body=https:\/\/radiorevelacionfm.cl\/?p=50451' aria-hidden='false' data-av_icon='\ue805' data-av_iconfont='entypo-fontello' title='' data-avia-related-tooltip='Compartir por correo'><span class='avia_hidden_link_text'>Compartir por correo<\/span><\/a><\/li><\/ul><\/div><\/div>\n<div  style='height:50px' class='hr hr-invisible   avia-builder-el-8  el_after_av_social_share  el_before_av_comments_list '><span class='hr-inner ' ><span class='hr-inner-style'><\/span><\/span><\/div>\n<div  class='av-buildercomment  av-blog-meta-html-info-disabled av-blog-meta-tag-disabled  '><\/div>\n","protected":false},"excerpt":{"rendered":"","protected":false},"author":1,"featured_media":50452,"comment_status":"open","ping_status":"open","sticky":false,"template":"","format":"standard","meta":{"footnotes":""},"categories":[43],"tags":[],"class_list":["post-50451","post","type-post","status-publish","format-standard","has-post-thumbnail","hentry","category-musica"],"jetpack_featured_media_url":"https:\/\/radiorevelacionfm.cl\/wp-content\/uploads\/2025\/02\/concierto-de-clausura-01-1_optimized.jpg","_links":{"self":[{"href":"https:\/\/radiorevelacionfm.cl\/index.php?rest_route=\/wp\/v2\/posts\/50451","targetHints":{"allow":["GET"]}}],"collection":[{"href":"https:\/\/radiorevelacionfm.cl\/index.php?rest_route=\/wp\/v2\/posts"}],"about":[{"href":"https:\/\/radiorevelacionfm.cl\/index.php?rest_route=\/wp\/v2\/types\/post"}],"author":[{"embeddable":true,"href":"https:\/\/radiorevelacionfm.cl\/index.php?rest_route=\/wp\/v2\/users\/1"}],"replies":[{"embeddable":true,"href":"https:\/\/radiorevelacionfm.cl\/index.php?rest_route=%2Fwp%2Fv2%2Fcomments&post=50451"}],"version-history":[{"count":1,"href":"https:\/\/radiorevelacionfm.cl\/index.php?rest_route=\/wp\/v2\/posts\/50451\/revisions"}],"predecessor-version":[{"id":50453,"href":"https:\/\/radiorevelacionfm.cl\/index.php?rest_route=\/wp\/v2\/posts\/50451\/revisions\/50453"}],"wp:featuredmedia":[{"embeddable":true,"href":"https:\/\/radiorevelacionfm.cl\/index.php?rest_route=\/wp\/v2\/media\/50452"}],"wp:attachment":[{"href":"https:\/\/radiorevelacionfm.cl\/index.php?rest_route=%2Fwp%2Fv2%2Fmedia&parent=50451"}],"wp:term":[{"taxonomy":"category","embeddable":true,"href":"https:\/\/radiorevelacionfm.cl\/index.php?rest_route=%2Fwp%2Fv2%2Fcategories&post=50451"},{"taxonomy":"post_tag","embeddable":true,"href":"https:\/\/radiorevelacionfm.cl\/index.php?rest_route=%2Fwp%2Fv2%2Ftags&post=50451"}],"curies":[{"name":"wp","href":"https:\/\/api.w.org\/{rel}","templated":true}]}}