{"id":50448,"date":"2025-02-10T10:19:36","date_gmt":"2025-02-10T13:19:36","guid":{"rendered":"https:\/\/radiorevelacionfm.cl\/?p=50448"},"modified":"2025-02-10T10:19:36","modified_gmt":"2025-02-10T13:19:36","slug":"taller-de-circo-aereo-y-danza-arabe-convoca-ninas-os-de-escuela-de-verano-en-puerto-aysen","status":"publish","type":"post","link":"https:\/\/radiorevelacionfm.cl\/?p=50448","title":{"rendered":"Taller de Circo A\u00e9reo y Danza \u00c1rabe convoca ni\u00f1as\/os de Escuela de Verano en Puerto Ays\u00e9n"},"content":{"rendered":"<div class=\"flex_column av_one_full  flex_column_div av-zero-column-padding first  avia-builder-el-0  el_before_av_one_full  avia-builder-el-first  \" style='border-radius:0px; '><div  class='avia-image-container  av-styling-    avia-builder-el-1  avia-builder-el-no-sibling  avia-align-center '  itemprop=\"image\" itemscope=\"itemscope\" itemtype=\"https:\/\/schema.org\/ImageObject\"  ><div class='avia-image-container-inner'><div class='avia-image-overlay-wrap'><img decoding=\"async\" class='wp-image-50449 avia-img-lazy-loading-not-50449 avia_image' src=\"https:\/\/radiorevelacionfm.cl\/wp-content\/uploads\/2025\/02\/circo-aereo-y-danza-1-1_optimized.jpg\" alt='' title='circo-aereo-y-danza-1-(1)_optimized' height=\"600\" width=\"1008\"  itemprop=\"thumbnailUrl\" srcset=\"https:\/\/radiorevelacionfm.cl\/wp-content\/uploads\/2025\/02\/circo-aereo-y-danza-1-1_optimized.jpg 1008w, https:\/\/radiorevelacionfm.cl\/wp-content\/uploads\/2025\/02\/circo-aereo-y-danza-1-1_optimized-300x179.jpg 300w, https:\/\/radiorevelacionfm.cl\/wp-content\/uploads\/2025\/02\/circo-aereo-y-danza-1-1_optimized-768x457.jpg 768w, https:\/\/radiorevelacionfm.cl\/wp-content\/uploads\/2025\/02\/circo-aereo-y-danza-1-1_optimized-705x420.jpg 705w, https:\/\/radiorevelacionfm.cl\/wp-content\/uploads\/2025\/02\/circo-aereo-y-danza-1-1_optimized-450x268.jpg 450w, https:\/\/radiorevelacionfm.cl\/wp-content\/uploads\/2025\/02\/circo-aereo-y-danza-1-1_optimized-600x357.jpg 600w\" sizes=\"(max-width: 1008px) 100vw, 1008px\" \/><\/div><\/div><\/div><\/div><div class=\"flex_column av_one_full  flex_column_div av-zero-column-padding first  avia-builder-el-2  el_after_av_one_full  el_before_av_one_full  column-top-margin\" style='border-radius:0px; '><section class=\"av_textblock_section \"  itemscope=\"itemscope\" itemtype=\"https:\/\/schema.org\/BlogPosting\" itemprop=\"blogPost\" ><div class='avia_textblock  '   itemprop=\"text\" ><p style=\"text-align: center;\"><strong><span style=\"font-size: 18pt;\">Taller de Circo A\u00e9reo y Danza \u00c1rabe convoca ni\u00f1as\/os de Escuela de Verano en Puerto Ays\u00e9n<\/span><\/strong><\/p>\n<div id=\"gtx-trans\" style=\"position: absolute; left: -50px; top: 4.31534px;\">\n<div class=\"gtx-trans-icon\"><\/div>\n<\/div>\n<\/div><\/section><\/div><div class=\"flex_column av_one_full  flex_column_div av-zero-column-padding first  avia-builder-el-4  el_after_av_one_full  el_before_av_hr  column-top-margin\" style='border-radius:0px; '><section class=\"av_textblock_section \"  itemscope=\"itemscope\" itemtype=\"https:\/\/schema.org\/BlogPosting\" itemprop=\"blogPost\" ><div class='avia_textblock  '   itemprop=\"text\" ><p style=\"text-align: justify;\">Muy atractivos y entretenidos son los talleres a los que acceden ni\u00f1os y ni\u00f1as de la escuela de verano en Puerto Ays\u00e9n \u201cAct\u00edvate en Vacaciones\u201d. Una de las iniciativas es el taller de Circo A\u00e9reo, donde aprenden nociones b\u00e1sicas de trapecio, telas. Adem\u00e1s, yoga infantil y danza \u00e1rabe, son parte de las disciplinas que tienen como monitora a Ayelen Ojeda, quien est\u00e1 feliz de transmitir sus conocimientos a los m\u00e1s peque\u00f1os.<\/p>\n<p style=\"text-align: justify;\">\u201cHa sido muy bonito, porque igual en vacaciones de verano de pronto los ni\u00f1os no tienen muchas cosas que hacer y la experiencia ha sido bacan, ense\u00f1ar estas artes, sobre todo el circo a\u00e9reo, la danza, estar tambi\u00e9n con los ni\u00f1os haciendo yoga infantil, ha sido muy bueno y para ellos tambi\u00e9n es muy gratificador porque hacen una actividad diferente en las vacaciones y los ayuda a desarrollar muchos talentos. Ac\u00e1, a veces, los ni\u00f1os no pueden salir de vacaciones y se quedan en las casitas encerrados y lo otro que el clima tampoco acompa\u00f1a, entonces, no hay muchas cosas ni actividades para los ni\u00f1os y estando ac\u00e1, ellos van a aprender otras cosas diferentes, van a hacer danza, van a tener talleres deportivos, tambi\u00e9n talleres de arte, de circo, que es una disciplina muy bonita que a ellos les gusta, as\u00ed es que todo esto, ha sido muy bueno para ellos\u201d, se\u00f1al\u00f3 la monitora.<\/p>\n<p style=\"text-align: justify;\">Ayelen Ojeda, agreg\u00f3 que, los ni\u00f1os y ni\u00f1as han tomado muy bien los talleres de circo a\u00e9reo y danza \u00e1rabe, ya que, viven varias experiencias, donde tambi\u00e9n aprende concentraci\u00f3n y disciplina. \u201cMuy bueno porque los ni\u00f1os sobre todo el circo lo experimentan como un espect\u00e1culo, pero vivirlo, estar sumergido como en la disciplina a\u00e9rea con las telas, con el aro acrob\u00e1tico o con el trapecio, que es lo estamos trabajando ac\u00e1 en el colegio, ha sido bonito, a los ni\u00f1os le encanta sentir esa experiencia de estar de cabeza, de trepar, de hacer figuritas. Y la danza \u00e1rabe es una danza tan bonita especialmente para las ni\u00f1as, As\u00ed es que, a ellas igual les gusta, por la m\u00fasica, la implementaci\u00f3n que ocupa y ya cuando nos queremos relajar y desconectarnos estamos con el yoga infantil, que es muy gratificador para ellos, lo ayuda a desarrollar la parte de la respiraci\u00f3n, tambi\u00e9n la concentraci\u00f3n, lo ayuda a trabajar su parte f\u00edsica. As\u00ed que, todos los talleres en s\u00ed son muy gratificadores y tienen muchos beneficios para nuestros ni\u00f1os de Puerto Ays\u00e9n\u201d.<\/p>\n<p style=\"text-align: justify;\">Alix Jara, es una de las ni\u00f1as que ha sido parte de los talleres de circo a\u00e9reo y principalmente de danza \u00e1rabe, donde ha sido muy participativa y ha demostrado inter\u00e9s en seguir aprendiendo, ya que, considera, ha sido, una muy buena alternativa en vacaciones, \u201cme han gustado mucho todos los talleres que hicieron porque, por ejemplo, este verano no sal\u00ed de vacaciones y esto es como m\u00e1s divertido por los talleres, distintas opciones para varios gustos\u201d.<\/p>\n<p style=\"text-align: justify;\">Finalmente, otras dos peque\u00f1itas de muy pocas palabras, Sara Caro y Mia Suarez, con gestos tambi\u00e9n daban cuenta de lo feliz que se sienten al ser parte de la escuela de verano en Puerto Ays\u00e9n, \u201cme gusta mucho, tambi\u00e9n, hacemos danza \u00e1rabe que es lo que me gusta\u201d, coment\u00f3 Sara.<\/p>\n<\/div><\/section><\/div><div  style='height:50px' class='hr hr-invisible   avia-builder-el-6  el_after_av_one_full  el_before_av_social_share '><span class='hr-inner ' ><span class='hr-inner-style'><\/span><\/span><\/div><\/p>\n<div  class='av-social-sharing-box  avia-builder-el-7  el_after_av_hr  el_before_av_hr  '><div class='av-share-box'><h5 class='av-share-link-description av-no-toc '>Compartir esta noticia<\/h5><ul class='av-share-box-list noLightbox'><li class='av-share-link av-social-link-facebook' ><a target=\"_blank\" aria-label=\"Compartir en Facebook\" href='https:\/\/www.facebook.com\/sharer.php?u=https:\/\/radiorevelacionfm.cl\/?p=50448&#038;t=Taller%20de%20Circo%20A%C3%A9reo%20y%20Danza%20%C3%81rabe%20convoca%20ni%C3%B1as%2Fos%20de%20Escuela%20de%20Verano%20en%20Puerto%20Ays%C3%A9n' aria-hidden='false' data-av_icon='\ue8f3' data-av_iconfont='entypo-fontello' title='' data-avia-related-tooltip='Compartir en Facebook' rel=\"noopener\"><span class='avia_hidden_link_text'>Compartir en Facebook<\/span><\/a><\/li><li class='av-share-link av-social-link-twitter' ><a target=\"_blank\" aria-label=\"Compartir en Twitter\" href='https:\/\/twitter.com\/share?text=Taller%20de%20Circo%20A%C3%A9reo%20y%20Danza%20%C3%81rabe%20convoca%20ni%C3%B1as%2Fos%20de%20Escuela%20de%20Verano%20en%20Puerto%20Ays%C3%A9n&#038;url=https:\/\/radiorevelacionfm.cl\/?p=50448' aria-hidden='false' data-av_icon='\ue8f1' data-av_iconfont='entypo-fontello' title='' data-avia-related-tooltip='Compartir en Twitter' rel=\"noopener\"><span class='avia_hidden_link_text'>Compartir en Twitter<\/span><\/a><\/li><li class='av-share-link av-social-link-whatsapp' ><a target=\"_blank\" aria-label=\"Compartir en Whatsapp\" href='https:\/\/api.whatsapp.com\/send?text=https:\/\/radiorevelacionfm.cl\/?p=50448' aria-hidden='false' data-av_icon='\uf232' data-av_iconfont='entypo-fontello' title='' data-avia-related-tooltip='Compartir en Whatsapp' rel=\"noopener\"><span class='avia_hidden_link_text'>Compartir en Whatsapp<\/span><\/a><\/li><li class='av-share-link av-social-link-linkedin' ><a target=\"_blank\" aria-label=\"Compartir en LinkedIn\" href='https:\/\/linkedin.com\/shareArticle?mini=true&#038;title=Taller%20de%20Circo%20A%C3%A9reo%20y%20Danza%20%C3%81rabe%20convoca%20ni%C3%B1as%2Fos%20de%20Escuela%20de%20Verano%20en%20Puerto%20Ays%C3%A9n&#038;url=https:\/\/radiorevelacionfm.cl\/?p=50448' aria-hidden='false' data-av_icon='\ue8fc' data-av_iconfont='entypo-fontello' title='' data-avia-related-tooltip='Compartir en LinkedIn' rel=\"noopener\"><span class='avia_hidden_link_text'>Compartir en LinkedIn<\/span><\/a><\/li><li class='av-share-link av-social-link-mail' ><a  aria-label=\"Compartir por correo\" href='mailto:?subject=Taller%20de%20Circo%20A%C3%A9reo%20y%20Danza%20%C3%81rabe%20convoca%20ni%C3%B1as%2Fos%20de%20Escuela%20de%20Verano%20en%20Puerto%20Ays%C3%A9n&#038;body=https:\/\/radiorevelacionfm.cl\/?p=50448' aria-hidden='false' data-av_icon='\ue805' data-av_iconfont='entypo-fontello' title='' data-avia-related-tooltip='Compartir por correo'><span class='avia_hidden_link_text'>Compartir por correo<\/span><\/a><\/li><\/ul><\/div><\/div>\n<div  style='height:50px' class='hr hr-invisible   avia-builder-el-8  el_after_av_social_share  el_before_av_comments_list '><span class='hr-inner ' ><span class='hr-inner-style'><\/span><\/span><\/div>\n<div  class='av-buildercomment  av-blog-meta-html-info-disabled av-blog-meta-tag-disabled  '><\/div>\n","protected":false},"excerpt":{"rendered":"","protected":false},"author":1,"featured_media":50449,"comment_status":"open","ping_status":"open","sticky":false,"template":"","format":"standard","meta":{"footnotes":""},"categories":[38],"tags":[],"class_list":["post-50448","post","type-post","status-publish","format-standard","has-post-thumbnail","hentry","category-regional"],"jetpack_featured_media_url":"https:\/\/radiorevelacionfm.cl\/wp-content\/uploads\/2025\/02\/circo-aereo-y-danza-1-1_optimized.jpg","_links":{"self":[{"href":"https:\/\/radiorevelacionfm.cl\/index.php?rest_route=\/wp\/v2\/posts\/50448","targetHints":{"allow":["GET"]}}],"collection":[{"href":"https:\/\/radiorevelacionfm.cl\/index.php?rest_route=\/wp\/v2\/posts"}],"about":[{"href":"https:\/\/radiorevelacionfm.cl\/index.php?rest_route=\/wp\/v2\/types\/post"}],"author":[{"embeddable":true,"href":"https:\/\/radiorevelacionfm.cl\/index.php?rest_route=\/wp\/v2\/users\/1"}],"replies":[{"embeddable":true,"href":"https:\/\/radiorevelacionfm.cl\/index.php?rest_route=%2Fwp%2Fv2%2Fcomments&post=50448"}],"version-history":[{"count":1,"href":"https:\/\/radiorevelacionfm.cl\/index.php?rest_route=\/wp\/v2\/posts\/50448\/revisions"}],"predecessor-version":[{"id":50450,"href":"https:\/\/radiorevelacionfm.cl\/index.php?rest_route=\/wp\/v2\/posts\/50448\/revisions\/50450"}],"wp:featuredmedia":[{"embeddable":true,"href":"https:\/\/radiorevelacionfm.cl\/index.php?rest_route=\/wp\/v2\/media\/50449"}],"wp:attachment":[{"href":"https:\/\/radiorevelacionfm.cl\/index.php?rest_route=%2Fwp%2Fv2%2Fmedia&parent=50448"}],"wp:term":[{"taxonomy":"category","embeddable":true,"href":"https:\/\/radiorevelacionfm.cl\/index.php?rest_route=%2Fwp%2Fv2%2Fcategories&post=50448"},{"taxonomy":"post_tag","embeddable":true,"href":"https:\/\/radiorevelacionfm.cl\/index.php?rest_route=%2Fwp%2Fv2%2Ftags&post=50448"}],"curies":[{"name":"wp","href":"https:\/\/api.w.org\/{rel}","templated":true}]}}