{"id":50445,"date":"2025-02-09T15:08:56","date_gmt":"2025-02-09T18:08:56","guid":{"rendered":"https:\/\/radiorevelacionfm.cl\/?p=50445"},"modified":"2025-02-09T15:08:56","modified_gmt":"2025-02-09T18:08:56","slug":"diplomado-fortalece-aprendizaje-de-estudiantes-del-cft-estatal-de-la-region-de-aysen","status":"publish","type":"post","link":"https:\/\/radiorevelacionfm.cl\/?p=50445","title":{"rendered":"Diplomado fortalece aprendizaje de estudiantes del CFT Estatal de la regi\u00f3n de Ays\u00e9n"},"content":{"rendered":"<div class=\"flex_column av_one_full  flex_column_div av-zero-column-padding first  avia-builder-el-0  el_before_av_one_full  avia-builder-el-first  \" style='border-radius:0px; '><div  class='avia-image-container  av-styling-    avia-builder-el-1  avia-builder-el-no-sibling  avia-align-center '  itemprop=\"image\" itemscope=\"itemscope\" itemtype=\"https:\/\/schema.org\/ImageObject\"  ><div class='avia-image-container-inner'><div class='avia-image-overlay-wrap'><img decoding=\"async\" class='wp-image-50446 avia-img-lazy-loading-not-50446 avia_image' src=\"https:\/\/radiorevelacionfm.cl\/wp-content\/uploads\/2025\/02\/diplomado-cft-2-b-1_optimized.jpg\" alt='' title='diplomado-cft-2-b-(1)_optimized' height=\"600\" width=\"1078\"  itemprop=\"thumbnailUrl\" srcset=\"https:\/\/radiorevelacionfm.cl\/wp-content\/uploads\/2025\/02\/diplomado-cft-2-b-1_optimized.jpg 1078w, https:\/\/radiorevelacionfm.cl\/wp-content\/uploads\/2025\/02\/diplomado-cft-2-b-1_optimized-300x167.jpg 300w, https:\/\/radiorevelacionfm.cl\/wp-content\/uploads\/2025\/02\/diplomado-cft-2-b-1_optimized-1030x573.jpg 1030w, https:\/\/radiorevelacionfm.cl\/wp-content\/uploads\/2025\/02\/diplomado-cft-2-b-1_optimized-768x427.jpg 768w, https:\/\/radiorevelacionfm.cl\/wp-content\/uploads\/2025\/02\/diplomado-cft-2-b-1_optimized-705x392.jpg 705w, https:\/\/radiorevelacionfm.cl\/wp-content\/uploads\/2025\/02\/diplomado-cft-2-b-1_optimized-450x250.jpg 450w, https:\/\/radiorevelacionfm.cl\/wp-content\/uploads\/2025\/02\/diplomado-cft-2-b-1_optimized-600x334.jpg 600w\" sizes=\"(max-width: 1078px) 100vw, 1078px\" \/><\/div><\/div><\/div><\/div><div class=\"flex_column av_one_full  flex_column_div av-zero-column-padding first  avia-builder-el-2  el_after_av_one_full  el_before_av_one_full  column-top-margin\" style='border-radius:0px; '><section class=\"av_textblock_section \"  itemscope=\"itemscope\" itemtype=\"https:\/\/schema.org\/BlogPosting\" itemprop=\"blogPost\" ><div class='avia_textblock  '   itemprop=\"text\" ><p style=\"text-align: center;\"><strong><span style=\"font-size: 18pt;\">Diplomado fortalece aprendizaje de estudiantes del CFT Estatal de la regi\u00f3n de Ays\u00e9n<\/span><\/strong><\/p>\n<div id=\"gtx-trans\" style=\"position: absolute; left: -50px; top: 4.31534px;\">\n<div class=\"gtx-trans-icon\"><\/div>\n<\/div>\n<\/div><\/section><\/div><div class=\"flex_column av_one_full  flex_column_div av-zero-column-padding first  avia-builder-el-4  el_after_av_one_full  el_before_av_hr  column-top-margin\" style='border-radius:0px; '><section class=\"av_textblock_section \"  itemscope=\"itemscope\" itemtype=\"https:\/\/schema.org\/BlogPosting\" itemprop=\"blogPost\" ><div class='avia_textblock  '   itemprop=\"text\" ><p style=\"text-align: justify;\"><em>El organismo de educaci\u00f3n superior, asegur\u00f3 que no abandonar\u00e1 a sus estudiantes, entregando diversas alternativas para sumar conocimientos e incluso se crear\u00e1 una organizaci\u00f3n que re\u00fana a todos sus ex alumnos\/as.<\/em><\/p>\n<p style=\"text-align: justify;\">El Centro de Formaci\u00f3n T\u00e9cnica Estatal de la Regi\u00f3n de Ays\u00e9n contin\u00faa realizando acciones en bien de sus estudiantes, en esta oportunidad, se efectu\u00f3 el reconocimiento de 125 horas dedicadas a un Diplomado en Gesti\u00f3n de Empresas.<\/p>\n<p style=\"text-align: justify;\">Destacada es esta acci\u00f3n en la que participaron quienes han concluido las carreras de T\u00e9cnico Nivel Superior en Administraci\u00f3n P\u00fablica y T\u00e9cnico Nivel Superior en Sistemas Log\u00edsticos, ya que, se realiz\u00f3 paralelo a las horas de estudio y despu\u00e9s de los horarios de trabajo.<\/p>\n<p style=\"text-align: justify;\">El Rector del CFT, V\u00edctor Hugo \u00c1lvarez, afirm\u00f3 que es importante continuar fortaleciendo las habilidades y competencias de sus estudiantes, es m\u00e1s, se est\u00e1 trabajando en crear un club de ex alumnos para que mantengan la conexi\u00f3n con el Centro de Formaci\u00f3n T\u00e9cnica.<\/p>\n<p style=\"text-align: justify;\">\u201cEstamos hoy d\u00eda certificando un diplomado que se le se les entreg\u00f3 de parte del CFT Estatal de Ays\u00e9n a los titulados y tituladas de la carrera de T\u00e9cnico de Nivel Superior en Administraci\u00f3n P\u00fablica y de T\u00e9cnico Nivel Superior en Administraci\u00f3n de Sistemas Log\u00edsticos. Les prometimos un diplomado del propio centro formaci\u00f3n t\u00e9cnica y hoy d\u00eda ellos hicieron el diplomado. Son 125 horas de capacitaci\u00f3n especializada en Gesti\u00f3n de Empresas y hoy estamos entregando los diplomas a estos estudiantes que ya tienen su t\u00edtulo y ahora cuentan con este diplomado, este pos t\u00edtulo, lo podr\u00edamos decir de esa forma, para poder continuar fortaleciendo sus habilidades y competencias, para que obviamente puedan aportar a la productividad de nuestra regi\u00f3n. Pero tambi\u00e9n es importante que, ac\u00e1 estamos dando se\u00f1ales de que nuestros ex alumnos van a seguir compartiendo con nosotros, vamos a crear un club de ex alumnos en conjunto con ellos para estar absolutamente conectados\u201d.<\/p>\n<p style=\"text-align: justify;\">Rosa Gonz\u00e1lez, una de las alumnas beneficiada con esta nueva oportunidad de seguir aprendiendo y fortaleciendo sus capacidades para el mundo laboral, quien valor\u00f3 el respaldo permanente del CFT Estatal de Ays\u00e9n.<\/p>\n<p style=\"text-align: justify;\">\u201cEs una tremenda oportunidad que nos brinda el Centro de Formaci\u00f3n T\u00e9cnica Estatal de Ays\u00e9n a su primera generaci\u00f3n, lo cual, nos provoca una alegr\u00eda profunda y por supuesto respondemos con mucho compromiso a esta a esta confianza que tambi\u00e9n nos tiene el centro de formaci\u00f3n al darnos otra herramienta, para nuestro desarrollo profesional. La idea es poder seguir a la etapa de la carrera profesional, a la administraci\u00f3n p\u00fablica y como mencionaba el Rector, ya est\u00e1n los enlaces hechos, as\u00ed que solo queda seguir, solo queda instar a la comunidad a que viva esta experiencia de poder estudiar en su casa, en Ays\u00e9n y poder tener carreras t\u00e9cnicas que son pertinentes al territorio y por supuesto tambi\u00e9n hoy ya tener el enlace, tanto con la Universidad de Ays\u00e9n, como otras entidades online que puedan certificar a los administradores p\u00fablicos como ingenieros. As\u00ed que, estamos muy felices y muy agradecidos de esta oportunidad que nos brinda el CFT\u201d.<\/p>\n<p style=\"text-align: justify;\">El CFT Estatal de Ays\u00e9n ha sido tambi\u00e9n un espacio para quienes han llegado de otros pa\u00edses a radicarse, trabajar y en esta oportunidad estudiar en el territorio, es el caso de, Milord Pluviose, quien junto a su familia ha ido celebrando su crecimiento personal y se muestra muy agradecido del Centro de Formaci\u00f3n T\u00e9cnica Estatal de Ays\u00e9n. \u201cHoy en d\u00eda me siento muy agradecido del CFT, por haberme permitido cumplir con mis objetivos. Mis objetivos, entre todos, era estudiar y hoy estoy muy feliz por haber cumplido esta meta, honestamente quer\u00eda agradecerle al CFT y a todo su personal. Muy bien, muy feliz, mi familia estaba muy contenta por haberme visto as\u00ed, cumpliendo esta esta misi\u00f3n\u201d.<\/p>\n<p style=\"text-align: justify;\">Desde el CFT Estatal de la regi\u00f3n de Ays\u00e9n, destacaron tambi\u00e9n el compromiso y esfuerzo de cada uno de sus estudiantes por salir adelante y permanentemente buscar superarse, siendo parte de cada instancia a la cual son convocados, con el fin de transformarse en profesionales con importantes conocimientos y comprometidos con su labor.<\/p>\n<\/div><\/section><\/div><div  style='height:50px' class='hr hr-invisible   avia-builder-el-6  el_after_av_one_full  el_before_av_social_share '><span class='hr-inner ' ><span class='hr-inner-style'><\/span><\/span><\/div><\/p>\n<div  class='av-social-sharing-box  avia-builder-el-7  el_after_av_hr  el_before_av_hr  '><div class='av-share-box'><h5 class='av-share-link-description av-no-toc '>Compartir esta noticia<\/h5><ul class='av-share-box-list noLightbox'><li class='av-share-link av-social-link-facebook' ><a target=\"_blank\" aria-label=\"Compartir en Facebook\" href='https:\/\/www.facebook.com\/sharer.php?u=https:\/\/radiorevelacionfm.cl\/?p=50445&#038;t=Diplomado%20fortalece%20aprendizaje%20de%20estudiantes%20del%20CFT%20Estatal%20de%20la%20regi%C3%B3n%20de%20Ays%C3%A9n' aria-hidden='false' data-av_icon='\ue8f3' data-av_iconfont='entypo-fontello' title='' data-avia-related-tooltip='Compartir en Facebook' rel=\"noopener\"><span class='avia_hidden_link_text'>Compartir en Facebook<\/span><\/a><\/li><li class='av-share-link av-social-link-twitter' ><a target=\"_blank\" aria-label=\"Compartir en Twitter\" href='https:\/\/twitter.com\/share?text=Diplomado%20fortalece%20aprendizaje%20de%20estudiantes%20del%20CFT%20Estatal%20de%20la%20regi%C3%B3n%20de%20Ays%C3%A9n&#038;url=https:\/\/radiorevelacionfm.cl\/?p=50445' aria-hidden='false' data-av_icon='\ue8f1' data-av_iconfont='entypo-fontello' title='' data-avia-related-tooltip='Compartir en Twitter' rel=\"noopener\"><span class='avia_hidden_link_text'>Compartir en Twitter<\/span><\/a><\/li><li class='av-share-link av-social-link-whatsapp' ><a target=\"_blank\" aria-label=\"Compartir en Whatsapp\" href='https:\/\/api.whatsapp.com\/send?text=https:\/\/radiorevelacionfm.cl\/?p=50445' aria-hidden='false' data-av_icon='\uf232' data-av_iconfont='entypo-fontello' title='' data-avia-related-tooltip='Compartir en Whatsapp' rel=\"noopener\"><span class='avia_hidden_link_text'>Compartir en Whatsapp<\/span><\/a><\/li><li class='av-share-link av-social-link-linkedin' ><a target=\"_blank\" aria-label=\"Compartir en LinkedIn\" href='https:\/\/linkedin.com\/shareArticle?mini=true&#038;title=Diplomado%20fortalece%20aprendizaje%20de%20estudiantes%20del%20CFT%20Estatal%20de%20la%20regi%C3%B3n%20de%20Ays%C3%A9n&#038;url=https:\/\/radiorevelacionfm.cl\/?p=50445' aria-hidden='false' data-av_icon='\ue8fc' data-av_iconfont='entypo-fontello' title='' data-avia-related-tooltip='Compartir en LinkedIn' rel=\"noopener\"><span class='avia_hidden_link_text'>Compartir en LinkedIn<\/span><\/a><\/li><li class='av-share-link av-social-link-mail' ><a  aria-label=\"Compartir por correo\" href='mailto:?subject=Diplomado%20fortalece%20aprendizaje%20de%20estudiantes%20del%20CFT%20Estatal%20de%20la%20regi%C3%B3n%20de%20Ays%C3%A9n&#038;body=https:\/\/radiorevelacionfm.cl\/?p=50445' aria-hidden='false' data-av_icon='\ue805' data-av_iconfont='entypo-fontello' title='' data-avia-related-tooltip='Compartir por correo'><span class='avia_hidden_link_text'>Compartir por correo<\/span><\/a><\/li><\/ul><\/div><\/div>\n<div  style='height:50px' class='hr hr-invisible   avia-builder-el-8  el_after_av_social_share  el_before_av_comments_list '><span class='hr-inner ' ><span class='hr-inner-style'><\/span><\/span><\/div>\n<div  class='av-buildercomment  av-blog-meta-html-info-disabled av-blog-meta-tag-disabled  '><\/div>\n","protected":false},"excerpt":{"rendered":"","protected":false},"author":1,"featured_media":50446,"comment_status":"open","ping_status":"open","sticky":false,"template":"","format":"standard","meta":{"footnotes":""},"categories":[49],"tags":[],"class_list":["post-50445","post","type-post","status-publish","format-standard","has-post-thumbnail","hentry","category-educacion"],"jetpack_featured_media_url":"https:\/\/radiorevelacionfm.cl\/wp-content\/uploads\/2025\/02\/diplomado-cft-2-b-1_optimized.jpg","_links":{"self":[{"href":"https:\/\/radiorevelacionfm.cl\/index.php?rest_route=\/wp\/v2\/posts\/50445","targetHints":{"allow":["GET"]}}],"collection":[{"href":"https:\/\/radiorevelacionfm.cl\/index.php?rest_route=\/wp\/v2\/posts"}],"about":[{"href":"https:\/\/radiorevelacionfm.cl\/index.php?rest_route=\/wp\/v2\/types\/post"}],"author":[{"embeddable":true,"href":"https:\/\/radiorevelacionfm.cl\/index.php?rest_route=\/wp\/v2\/users\/1"}],"replies":[{"embeddable":true,"href":"https:\/\/radiorevelacionfm.cl\/index.php?rest_route=%2Fwp%2Fv2%2Fcomments&post=50445"}],"version-history":[{"count":1,"href":"https:\/\/radiorevelacionfm.cl\/index.php?rest_route=\/wp\/v2\/posts\/50445\/revisions"}],"predecessor-version":[{"id":50447,"href":"https:\/\/radiorevelacionfm.cl\/index.php?rest_route=\/wp\/v2\/posts\/50445\/revisions\/50447"}],"wp:featuredmedia":[{"embeddable":true,"href":"https:\/\/radiorevelacionfm.cl\/index.php?rest_route=\/wp\/v2\/media\/50446"}],"wp:attachment":[{"href":"https:\/\/radiorevelacionfm.cl\/index.php?rest_route=%2Fwp%2Fv2%2Fmedia&parent=50445"}],"wp:term":[{"taxonomy":"category","embeddable":true,"href":"https:\/\/radiorevelacionfm.cl\/index.php?rest_route=%2Fwp%2Fv2%2Fcategories&post=50445"},{"taxonomy":"post_tag","embeddable":true,"href":"https:\/\/radiorevelacionfm.cl\/index.php?rest_route=%2Fwp%2Fv2%2Ftags&post=50445"}],"curies":[{"name":"wp","href":"https:\/\/api.w.org\/{rel}","templated":true}]}}