{"id":50442,"date":"2025-02-09T14:29:42","date_gmt":"2025-02-09T17:29:42","guid":{"rendered":"https:\/\/radiorevelacionfm.cl\/?p=50442"},"modified":"2025-02-09T14:29:42","modified_gmt":"2025-02-09T17:29:42","slug":"hito-nacional-se-concreta-en-villa-ohiggins-bienes-nacionales-reincorpora-al-fisco-21-hectareas-de-carabineros-para-el-plan-de-emergencia-habitacional","status":"publish","type":"post","link":"https:\/\/radiorevelacionfm.cl\/?p=50442","title":{"rendered":"Hito Nacional se concreta en Villa O\u00b4Higgins: Bienes Nacionales reincorpora al Fisco 2,1 hect\u00e1reas de Carabineros para el Plan de Emergencia Habitacional"},"content":{"rendered":"<div class=\"flex_column av_one_full  flex_column_div av-zero-column-padding first  avia-builder-el-0  el_before_av_one_full  avia-builder-el-first  \" style='border-radius:0px; '><div  class='avia-image-container  av-styling-    avia-builder-el-1  avia-builder-el-no-sibling  avia-align-center '  itemprop=\"image\" itemscope=\"itemscope\" itemtype=\"https:\/\/schema.org\/ImageObject\"  ><div class='avia-image-container-inner'><div class='avia-image-overlay-wrap'><img decoding=\"async\" class='wp-image-50443 avia-img-lazy-loading-not-50443 avia_image' src=\"https:\/\/radiorevelacionfm.cl\/wp-content\/uploads\/2025\/02\/IMG_6644-1-1.jpeg\" alt='' title='IMG_6644 (1) (1)' height=\"600\" width=\"800\"  itemprop=\"thumbnailUrl\" srcset=\"https:\/\/radiorevelacionfm.cl\/wp-content\/uploads\/2025\/02\/IMG_6644-1-1.jpeg 800w, https:\/\/radiorevelacionfm.cl\/wp-content\/uploads\/2025\/02\/IMG_6644-1-1-300x225.jpeg 300w, https:\/\/radiorevelacionfm.cl\/wp-content\/uploads\/2025\/02\/IMG_6644-1-1-768x576.jpeg 768w, https:\/\/radiorevelacionfm.cl\/wp-content\/uploads\/2025\/02\/IMG_6644-1-1-705x529.jpeg 705w, https:\/\/radiorevelacionfm.cl\/wp-content\/uploads\/2025\/02\/IMG_6644-1-1-450x338.jpeg 450w, https:\/\/radiorevelacionfm.cl\/wp-content\/uploads\/2025\/02\/IMG_6644-1-1-600x450.jpeg 600w\" sizes=\"(max-width: 800px) 100vw, 800px\" \/><\/div><\/div><\/div><\/div><div class=\"flex_column av_one_full  flex_column_div av-zero-column-padding first  avia-builder-el-2  el_after_av_one_full  el_before_av_one_full  column-top-margin\" style='border-radius:0px; '><section class=\"av_textblock_section \"  itemscope=\"itemscope\" itemtype=\"https:\/\/schema.org\/BlogPosting\" itemprop=\"blogPost\" ><div class='avia_textblock  '   itemprop=\"text\" ><p style=\"text-align: center;\"><strong><span style=\"font-size: 18pt;\">Hito Nacional se concreta en Villa O\u00b4Higgins: Bienes Nacionales reincorpora al Fisco 2,1 hect\u00e1reas de Carabineros para el Plan de Emergencia Habitacional<\/span><\/strong><\/p>\n<div id=\"gtx-trans\" style=\"position: absolute; left: -50px; top: 4.31534px;\">\n<div class=\"gtx-trans-icon\"><\/div>\n<\/div>\n<\/div><\/section><\/div><div class=\"flex_column av_one_full  flex_column_div av-zero-column-padding first  avia-builder-el-4  el_after_av_one_full  el_before_av_hr  column-top-margin\" style='border-radius:0px; '><section class=\"av_textblock_section \"  itemscope=\"itemscope\" itemtype=\"https:\/\/schema.org\/BlogPosting\" itemprop=\"blogPost\" ><div class='avia_textblock  '   itemprop=\"text\" ><p style=\"text-align: justify;\"><em>Tras la modificaci\u00f3n del Decreto Ministerial, se otorg\u00f3 un Permiso de Ocupaci\u00f3n Anticipada a Serviu Ays\u00e9n para avanzar en el proyecto habitacional del comit\u00e9 Villa Austral.<\/em><\/p>\n<p style=\"text-align: justify;\">Hasta la comuna m\u00e1s austral de la regi\u00f3n de Ays\u00e9n se trasladaron las autoridades regionales de Bienes Nacionales, Irina\u00a0 Morend, su par de Vivienda y Urbanismo, Paulina Ruz, el director de Serviu, V\u00edctor Contreras y el Jefe de la XI Zona de Carabineros de Ays\u00e9n, General Eduardo Palma, para entregar buenas noticias al comit\u00e9 de vivienda Villa Austral, integrado por cuarenta familias de Villa O\u00b4Higgins, quienes desde 2019 junto a la Municipalidad como Entidad Patrocinante, han intentado encontrar el terreno id\u00f3neo para la futura construcci\u00f3n de sus anheladas viviendas. En este contexto, se celebr\u00f3 una ceremonia en el Centro de Eventos de la localidad, donde la Seremi Morend anunci\u00f3 que el extenso y centralizado tr\u00e1mite que contemplaba la restituci\u00f3n de 2,1 hect\u00e1reas desde Carabineros al Ministerio de Bienes Nacionales, lleg\u00f3 a su etapa final con la venia de la Divisi\u00f3n de Carabineros, dependiente del Ministerio del Interior, y la firma del decreto modificatorio por parte del ministro de Bienes Nacionales, Francisco Figueroa y el subsecretario, Sebasti\u00e1n Vergara.<\/p>\n<p style=\"text-align: justify;\">En su alocuci\u00f3n, la Seremi Irina Morend, afirm\u00f3 que, la restituci\u00f3n de algunos inmuebles fiscales destinados administrativamente a Fuerzas Armadas y Carabineros en el pa\u00eds, fue una tarea asignada al nivel central del Ministerio y que lo sucedido en O\u00b4Higgins, se alza como un hito nacional por ser el primer terreno que cede Carabineros para el Plan de Emergencia Habitacional, gesti\u00f3n que en el Gobierno del Presidente Gabriel Boric ya ha mostrado frutos inicialmente con Ej\u00e9rcito (Ministerio de Defensa) en regiones con bajos porcentajes de territorio fiscal aleda\u00f1os a comunas. Precisamente, este principio fue clave para que Bienes Nacionales acoja la solicitud levantada por el alcalde Jos\u00e9 Fica, el Concejo Municipal y la directiva del Comit\u00e9 Villa Austral, entendi\u00e9ndose las complejidades que presenta Villa O\u00b4Higgins: alto valor del suelo privado y falta de terrenos fiscales disponibles y con factibilidad de servicios b\u00e1sicos.<\/p>\n<p style=\"text-align: justify;\"><u>Se otorg\u00f3 Permiso de Ocupaci\u00f3n Anticipada a Serviu Ays\u00e9n<\/u><\/p>\n<p style=\"text-align: justify;\">Adem\u00e1s de esta importante noticia para las y los vecinos, Morend tambi\u00e9n otorg\u00f3 un Permiso de Ocupaci\u00f3n Anticipada al director de Serviu Ays\u00e9n, V\u00edctor Contreras, por las 2,1 hect\u00e1reas fiscales, en el marco de la tramitaci\u00f3n de transferencia gratuita trabajada de forma coordinada entre ambos servicios. \u201cEntregamos este permiso al territorio y a Serviu para que pueda avanzar y dar continuidad al proyecto. El hito es importante, porque la destinaci\u00f3n de Carabineros que originalmente era m\u00e1s amplia se redujo porque Carabineros dispuso efectivamente una parte de ese terreno para concretar este proyecto en una localidad donde no hab\u00eda terrenos disponibles\u201d, afirm\u00f3, a\u00f1adiendo que \u201ceste era el \u00fanico inmueble fiscal para poder concretar esto. C\u00f3mo no vamos a estar felices, que despu\u00e9s de tanto tiempo hayamos podido llegar a este momento\u201d, dijo la autoridad de Bienes Nacionales.<\/p>\n<p style=\"text-align: justify;\">Palabras a las que se sum\u00f3 el General de Carabineros de Ays\u00e9n, Eduardo Palma, quien, en su discurso, celebr\u00f3 la decisi\u00f3n de la instituci\u00f3n, la que tambi\u00e9n es parte de la comunidad a trav\u00e9s de la labor de sus funcionarios presentes en la Villa.<\/p>\n<p style=\"text-align: justify;\">Daniela Espinoza, en su calidad de presidenta del comit\u00e9 Villa Austral y representante de las cuarenta familias beneficiadas, se mostr\u00f3 \u201ccontenta, porque en verdad, este es un tr\u00e1mite que est\u00e1bamos esperando. Con esto, podemos seguir avanzando en nuestro proyecto, dise\u00f1o, loteo y dem\u00e1s. Para nosotros como comit\u00e9, este es el pie inicial para este proyecto\u201d, se\u00f1al\u00f3, afirmando alegremente que, \u201cEl Plan de Emergencia Habitacional s\u00ed lleg\u00f3 a Villa O\u00b4Higgins\u201d.<\/p>\n<p style=\"text-align: justify;\">\u201cLa palabra gratitud es importante decirla, porque el Ministerio de Bienes Nacionales ha sido de gran ayuda para poder cumplir con la meta del Plan de Emergencia Habitacional, comprometi\u00e9ndose y entendiendo que esta es una pol\u00edtica de Estado\u201d, refiri\u00f3 Paulina Ruz, Seremi de Vivienda de Ays\u00e9n, agregando que a la fecha \u201cllevamos el 90% de avance, donde no solo queremos cumplir con esta meta como un n\u00famero, sino que va m\u00e1s all\u00e1, de c\u00f3mo podemos llegar a los territorios m\u00e1s apartados de la poblaci\u00f3n y tambi\u00e9n con el apoyo de otras instituciones como en este caso, Bienes Nacionales, que permite esta gesti\u00f3n que finalmente va a ser un terreno cedido al Serviu para poder continuar con el proceso del proyecto habitacional en s\u00ed\u201d, explic\u00f3 la autoridad.<\/p>\n<p style=\"text-align: justify;\">En la ceremonia, todos los vecinos asistentes junto a las autoridades pudieron plasmar sus firmas en el acta simb\u00f3lica que marca un antes y un despu\u00e9s para la comuna m\u00e1s austral de la regi\u00f3n de Ays\u00e9n.<\/p>\n<\/div><\/section><\/div><div  style='height:50px' class='hr hr-invisible   avia-builder-el-6  el_after_av_one_full  el_before_av_social_share '><span class='hr-inner ' ><span class='hr-inner-style'><\/span><\/span><\/div><\/p>\n<div  class='av-social-sharing-box  avia-builder-el-7  el_after_av_hr  el_before_av_hr  '><div class='av-share-box'><h5 class='av-share-link-description av-no-toc '>Compartir esta noticia<\/h5><ul class='av-share-box-list noLightbox'><li class='av-share-link av-social-link-facebook' ><a target=\"_blank\" aria-label=\"Compartir en Facebook\" href='https:\/\/www.facebook.com\/sharer.php?u=https:\/\/radiorevelacionfm.cl\/?p=50442&#038;t=Hito%20Nacional%20se%20concreta%20en%20Villa%20O%C2%B4Higgins%3A%20Bienes%20Nacionales%20reincorpora%20al%20Fisco%202%2C1%20hect%C3%A1reas%20de%20Carabineros%20para%20el%20Plan%20de%20Emergencia%20Habitacional' aria-hidden='false' data-av_icon='\ue8f3' data-av_iconfont='entypo-fontello' title='' data-avia-related-tooltip='Compartir en Facebook' rel=\"noopener\"><span class='avia_hidden_link_text'>Compartir en Facebook<\/span><\/a><\/li><li class='av-share-link av-social-link-twitter' ><a target=\"_blank\" aria-label=\"Compartir en Twitter\" href='https:\/\/twitter.com\/share?text=Hito%20Nacional%20se%20concreta%20en%20Villa%20O%C2%B4Higgins%3A%20Bienes%20Nacionales%20reincorpora%20al%20Fisco%202%2C1%20hect%C3%A1reas%20de%20Carabineros%20para%20el%20Plan%20de%20Emergencia%20Habitacional&#038;url=https:\/\/radiorevelacionfm.cl\/?p=50442' aria-hidden='false' data-av_icon='\ue8f1' data-av_iconfont='entypo-fontello' title='' data-avia-related-tooltip='Compartir en Twitter' rel=\"noopener\"><span class='avia_hidden_link_text'>Compartir en Twitter<\/span><\/a><\/li><li class='av-share-link av-social-link-whatsapp' ><a target=\"_blank\" aria-label=\"Compartir en Whatsapp\" href='https:\/\/api.whatsapp.com\/send?text=https:\/\/radiorevelacionfm.cl\/?p=50442' aria-hidden='false' data-av_icon='\uf232' data-av_iconfont='entypo-fontello' title='' data-avia-related-tooltip='Compartir en Whatsapp' rel=\"noopener\"><span class='avia_hidden_link_text'>Compartir en Whatsapp<\/span><\/a><\/li><li class='av-share-link av-social-link-linkedin' ><a target=\"_blank\" aria-label=\"Compartir en LinkedIn\" href='https:\/\/linkedin.com\/shareArticle?mini=true&#038;title=Hito%20Nacional%20se%20concreta%20en%20Villa%20O%C2%B4Higgins%3A%20Bienes%20Nacionales%20reincorpora%20al%20Fisco%202%2C1%20hect%C3%A1reas%20de%20Carabineros%20para%20el%20Plan%20de%20Emergencia%20Habitacional&#038;url=https:\/\/radiorevelacionfm.cl\/?p=50442' aria-hidden='false' data-av_icon='\ue8fc' data-av_iconfont='entypo-fontello' title='' data-avia-related-tooltip='Compartir en LinkedIn' rel=\"noopener\"><span class='avia_hidden_link_text'>Compartir en LinkedIn<\/span><\/a><\/li><li class='av-share-link av-social-link-mail' ><a  aria-label=\"Compartir por correo\" href='mailto:?subject=Hito%20Nacional%20se%20concreta%20en%20Villa%20O%C2%B4Higgins%3A%20Bienes%20Nacionales%20reincorpora%20al%20Fisco%202%2C1%20hect%C3%A1reas%20de%20Carabineros%20para%20el%20Plan%20de%20Emergencia%20Habitacional&#038;body=https:\/\/radiorevelacionfm.cl\/?p=50442' aria-hidden='false' data-av_icon='\ue805' data-av_iconfont='entypo-fontello' title='' data-avia-related-tooltip='Compartir por correo'><span class='avia_hidden_link_text'>Compartir por correo<\/span><\/a><\/li><\/ul><\/div><\/div>\n<div  style='height:50px' class='hr hr-invisible   avia-builder-el-8  el_after_av_social_share  el_before_av_comments_list '><span class='hr-inner ' ><span class='hr-inner-style'><\/span><\/span><\/div>\n<div  class='av-buildercomment  av-blog-meta-html-info-disabled av-blog-meta-tag-disabled  '><\/div>\n","protected":false},"excerpt":{"rendered":"","protected":false},"author":1,"featured_media":50443,"comment_status":"open","ping_status":"open","sticky":false,"template":"","format":"standard","meta":{"footnotes":""},"categories":[38],"tags":[],"class_list":["post-50442","post","type-post","status-publish","format-standard","has-post-thumbnail","hentry","category-regional"],"jetpack_featured_media_url":"https:\/\/radiorevelacionfm.cl\/wp-content\/uploads\/2025\/02\/IMG_6644-1-1.jpeg","_links":{"self":[{"href":"https:\/\/radiorevelacionfm.cl\/index.php?rest_route=\/wp\/v2\/posts\/50442","targetHints":{"allow":["GET"]}}],"collection":[{"href":"https:\/\/radiorevelacionfm.cl\/index.php?rest_route=\/wp\/v2\/posts"}],"about":[{"href":"https:\/\/radiorevelacionfm.cl\/index.php?rest_route=\/wp\/v2\/types\/post"}],"author":[{"embeddable":true,"href":"https:\/\/radiorevelacionfm.cl\/index.php?rest_route=\/wp\/v2\/users\/1"}],"replies":[{"embeddable":true,"href":"https:\/\/radiorevelacionfm.cl\/index.php?rest_route=%2Fwp%2Fv2%2Fcomments&post=50442"}],"version-history":[{"count":1,"href":"https:\/\/radiorevelacionfm.cl\/index.php?rest_route=\/wp\/v2\/posts\/50442\/revisions"}],"predecessor-version":[{"id":50444,"href":"https:\/\/radiorevelacionfm.cl\/index.php?rest_route=\/wp\/v2\/posts\/50442\/revisions\/50444"}],"wp:featuredmedia":[{"embeddable":true,"href":"https:\/\/radiorevelacionfm.cl\/index.php?rest_route=\/wp\/v2\/media\/50443"}],"wp:attachment":[{"href":"https:\/\/radiorevelacionfm.cl\/index.php?rest_route=%2Fwp%2Fv2%2Fmedia&parent=50442"}],"wp:term":[{"taxonomy":"category","embeddable":true,"href":"https:\/\/radiorevelacionfm.cl\/index.php?rest_route=%2Fwp%2Fv2%2Fcategories&post=50442"},{"taxonomy":"post_tag","embeddable":true,"href":"https:\/\/radiorevelacionfm.cl\/index.php?rest_route=%2Fwp%2Fv2%2Ftags&post=50442"}],"curies":[{"name":"wp","href":"https:\/\/api.w.org\/{rel}","templated":true}]}}