{"id":50434,"date":"2025-02-08T15:42:29","date_gmt":"2025-02-08T18:42:29","guid":{"rendered":"https:\/\/radiorevelacionfm.cl\/?p=50434"},"modified":"2025-02-08T15:42:29","modified_gmt":"2025-02-08T18:42:29","slug":"termometro-laboral-region-de-aysen-tiene-la-menor-tasa-de-desempleo-a-nivel-nacional","status":"publish","type":"post","link":"https:\/\/radiorevelacionfm.cl\/?p=50434","title":{"rendered":"Term\u00f3metro Laboral: Regi\u00f3n de Ays\u00e9n tiene la menor tasa de desempleo a nivel nacional"},"content":{"rendered":"<div class=\"flex_column av_one_full  flex_column_div av-zero-column-padding first  avia-builder-el-0  el_before_av_one_full  avia-builder-el-first  \" style='border-radius:0px; '><div  class='avia-image-container  av-styling-    avia-builder-el-1  avia-builder-el-no-sibling  avia-align-center '  itemprop=\"image\" itemscope=\"itemscope\" itemtype=\"https:\/\/schema.org\/ImageObject\"  ><div class='avia-image-container-inner'><div class='avia-image-overlay-wrap'><img decoding=\"async\" class='wp-image-50435 avia-img-lazy-loading-not-50435 avia_image' src=\"https:\/\/radiorevelacionfm.cl\/wp-content\/uploads\/2025\/02\/obreros-construccion-2_optimized-1.jpg\" alt='' title='obreros-construcci\u00f3n-(2)_optimized (1)' height=\"600\" width=\"900\"  itemprop=\"thumbnailUrl\" srcset=\"https:\/\/radiorevelacionfm.cl\/wp-content\/uploads\/2025\/02\/obreros-construccion-2_optimized-1.jpg 900w, https:\/\/radiorevelacionfm.cl\/wp-content\/uploads\/2025\/02\/obreros-construccion-2_optimized-1-300x200.jpg 300w, https:\/\/radiorevelacionfm.cl\/wp-content\/uploads\/2025\/02\/obreros-construccion-2_optimized-1-768x512.jpg 768w, https:\/\/radiorevelacionfm.cl\/wp-content\/uploads\/2025\/02\/obreros-construccion-2_optimized-1-705x470.jpg 705w, https:\/\/radiorevelacionfm.cl\/wp-content\/uploads\/2025\/02\/obreros-construccion-2_optimized-1-450x300.jpg 450w, https:\/\/radiorevelacionfm.cl\/wp-content\/uploads\/2025\/02\/obreros-construccion-2_optimized-1-600x400.jpg 600w\" sizes=\"(max-width: 900px) 100vw, 900px\" \/><\/div><\/div><\/div><\/div><div class=\"flex_column av_one_full  flex_column_div av-zero-column-padding first  avia-builder-el-2  el_after_av_one_full  el_before_av_one_full  column-top-margin\" style='border-radius:0px; '><section class=\"av_textblock_section \"  itemscope=\"itemscope\" itemtype=\"https:\/\/schema.org\/BlogPosting\" itemprop=\"blogPost\" ><div class='avia_textblock  '   itemprop=\"text\" ><p style=\"text-align: center;\"><strong><span style=\"font-size: 18pt;\">Term\u00f3metro Laboral: Regi\u00f3n de Ays\u00e9n tiene la menor tasa de desempleo a nivel nacional<\/span><\/strong><\/p>\n<div id=\"gtx-trans\" style=\"position: absolute; left: -50px; top: 4.31534px;\">\n<div class=\"gtx-trans-icon\"><\/div>\n<\/div>\n<\/div><\/section><\/div><div class=\"flex_column av_one_full  flex_column_div av-zero-column-padding first  avia-builder-el-4  el_after_av_one_full  el_before_av_hr  column-top-margin\" style='border-radius:0px; '><section class=\"av_textblock_section \"  itemscope=\"itemscope\" itemtype=\"https:\/\/schema.org\/BlogPosting\" itemprop=\"blogPost\" ><div class='avia_textblock  '   itemprop=\"text\" ><p style=\"text-align: justify;\"><em>Esta cifra sigue a la baja desde el trimestre anterior y tiene estrecha relaci\u00f3n con la recuperaci\u00f3n econ\u00f3mica del territorio.<\/em><\/p>\n<p style=\"text-align: justify;\">Como cada mes, el Observatorio Laboral Regional, pone a disposici\u00f3n p\u00fablica los boletines coyunturales de empleo, m\u00e1s conocidos como \u201cTerm\u00f3metro Laboral\u201d que tiene como objetivo monitorear los principales indicadores del mercado laboral regional, haciendo \u00e9nfasis en aspectos relativos a la desocupaci\u00f3n, la ocupaci\u00f3n y la participaci\u00f3n laboral, calidad del empleo y caracter\u00edsticas de subgrupos de la poblaci\u00f3n (mujeres, adultos mayores y j\u00f3venes, entre otros).<\/p>\n<p style=\"text-align: justify;\">Durante el \u00faltimo trimestre m\u00f3vil analizado, octubre a diciembre del 2024, la poblaci\u00f3n ocupada aument\u00f3 un 0,6% en doce meses, y los trabajadores asalariados crecieron un 3,3% en el mismo periodo. Estos datos tambi\u00e9n van en directa relaci\u00f3n con la tasa de desocupaci\u00f3n, de un 3,5%, la cual e sigue bajando, siendo una cifra notablemente inferior al promedio nacional de un 8,1%.<\/p>\n<p style=\"text-align: justify;\"><strong><u>Con respecto a impacto regional<\/u><\/strong><\/p>\n<p style=\"text-align: justify;\">Como bien se anticip\u00f3 en el documento anterior, de ahora en adelante el term\u00f3metro mostrar\u00e1 cifras como remuneraciones e IMACEC, las que dan una lectura sobre el crecimiento econ\u00f3mico de la regi\u00f3n, la cual ha ido repuntando en los \u00faltimos meses.<\/p>\n<p style=\"text-align: justify;\">Con respecto a remuneraciones, por hora ordinaria en el mes de noviembre, registraron un alza anual del 8,5%, superando la variaci\u00f3n del 4,2% del \u00cdndice de Precios al Consumidor (IPC), evidenciando mejoras salariales reales. Este avance se alinea con el crecimiento del 1,0% del Producto Interno Bruto (PIB) en el tercer trimestre 2024 y la variaci\u00f3n del 2,1% del Imacec en noviembre.<\/p>\n<p style=\"text-align: justify;\">Estas cifras son alentadoras para la seremi del Trabajo y Previsi\u00f3n Social, Camila Covarrubias Retamal, quien, entendiendo que la regi\u00f3n ha ido repuntando paulatinamente en materia econ\u00f3mica, es importante destacar el avance porcentual.<\/p>\n<p style=\"text-align: justify;\">\u201cNuevamente nuestra Regi\u00f3n de Ays\u00e9n demuestra solidez en las tasas de participaci\u00f3n, ocupaci\u00f3n y desocupaci\u00f3n a nivel pa\u00eds y regional, lo cual quiero destacar y tiene relaci\u00f3n con las cifras positivas del aumento del PIB del 1% en el tercer trimestre 2024, dejando atr\u00e1s tres trimestres negativos. Este comportamiento estable nos genera buenas expectativas para seguir reforzando y avanzando en nuestros planes de trabajo, entrega de incentivos con Sence, como son el Bono al Trabajo Mujer y Subsidio al Empleo Joven, entre tantas otras pol\u00edticas p\u00fablicas que van en pos del bienestar de todas y todos los trabajadores de Ays\u00e9n\u201d, detall\u00f3 la autoridad laboral.<\/p>\n<p style=\"text-align: justify;\">La Seremi Camila Covarrubias a\u00f1adi\u00f3, \u201ctenemos varios desaf\u00edos, entre ellos, nos sigue ocupando la brecha de desocupaci\u00f3n de mujeres, que es del 4,4% versus los hombres, que fue de 2,8% en este trimestre. En este sentido, es importante mencionar que est\u00e1 avanzando la discusi\u00f3n del proyecto de ley de Equidad Salarial, el cual ya pas\u00f3 por la <a href=\"https:\/\/www.senado.cl\/actividad-legislativa\/comisiones\/1126\">Comisi\u00f3n de la Mujer y Equidad de G\u00e9nero<\/a> en el Senado y ser\u00e1 analizado en la <a href=\"https:\/\/www.senado.cl\/actividad-legislativa\/comisiones\/194\">Comisi\u00f3n de Trabajo y Previsi\u00f3n Social<\/a> a partir de marzo. Con esta iniciativa buscamos como Ministerio del Trabajo y Previsi\u00f3n Social, realizar una modificaci\u00f3n en el C\u00f3digo del Trabajo para\u00a0perfeccionar la regulaci\u00f3n del principio de igualdad de remuneraciones entre hombres y mujeres\u201d, acot\u00f3 la Seremi de Trabajo y Previsi\u00f3n Social.<\/p>\n<p style=\"text-align: justify;\"><strong><u>La importancia del curr\u00edculum<\/u><\/strong><\/p>\n<p style=\"text-align: justify;\">Una arista importante en este dise\u00f1o renovado es la proporci\u00f3n de personas desocupadas seg\u00fan tramos de tiempo y tambi\u00e9n la proporci\u00f3n del tipo de gesti\u00f3n en la b\u00fasqueda de empleo, Dando a conocer cu\u00e1l es el medio m\u00e1s utilizado para buscar empleo, como tambi\u00e9n el tiempo que demora una persona es pasar de ser desocupado a ocupado.<\/p>\n<p style=\"text-align: justify;\">Por ejemplo, del 65,2% del total de personas desocupadas, permaneci\u00f3 en dicha condici\u00f3n durante 3 meses o menos, con diferencias por g\u00e9nero: 75,5% en hombres frente a 57,2% en mujeres.<\/p>\n<p style=\"text-align: justify;\">Ahora bien, sobre la metodolog\u00eda utilizada para optar a empleos, el env\u00edo de curr\u00edculum se posiciona como el principal m\u00e9todo utilizado, con un 88,4% de mujeres y un 69,6% de hombres, mientras que la consulta directa con empleadores se distribuy\u00f3 en 53,3% para hombres y 36,8% para mujeres. La revisi\u00f3n y respuesta a anuncios registr\u00f3 un 37,5% en hombres y 34,8% en mujeres, mientras que solicitar recomendaciones a conocidos represent\u00f3 el 30,6% en hombres y 29,6% en mujeres. Respecto a la revisi\u00f3n de anuncios en OMIL la tasa de uso muestra un 9,1% en hombres y 28,2% en mujeres.<\/p>\n<p style=\"text-align: justify;\">Referente a esto, C\u00e9sar G\u00f3mez Berrocal, director del Observatorio Laboral Ays\u00e9n, explica que este tipo de datos ayuda mucho a la estad\u00edstica del funcionamiento de las Oficinas de Informaci\u00f3n Laboral (OMIL) como tambi\u00e9n a otros organismos gubernamentales, como son el Servicio Nacional de Capacitaci\u00f3n y Empleo (SENCE), quienes constantemente est\u00e1n en trabajo mancomunado de monitoreo del comportamiento laboral de la poblaci\u00f3n con el fin de apoyar los procesos de perfeccionamiento y acreditaci\u00f3n de sus competencias.<\/p>\n<p style=\"text-align: justify;\">\u201cLas cifras asociadas a b\u00fasqueda de empleo a trav\u00e9s de OMIL muestran una tasa de uso mayor respecto a la media nacional, lo que a su vez se correlaciona con datos entregados por el estudio OMIL en el que se muestra que la tasa de colocaci\u00f3n, a trav\u00e9s de estas oficinas, se concentra en un periodo inferior a 3 meses, dato que a su vez es superior a la media nacional. Esto es importante de destacar desde el punto de vista del posicionamiento que cuentan estas oficinas a nivel local, sobre todo en la gesti\u00f3n que realizan municipios como es el de Coyhaique y Ays\u00e9n, que trabajan en forma permanente con red de OMIL y de empleadores, desde los cuales se pueden levantar requerimientos de capacitaci\u00f3n a implementar v\u00eda Sence\u201d.<\/p>\n<p style=\"text-align: justify;\">El Observatorio Laboral de Ays\u00e9n, es parte de la Estrategia Nacional de Prospecci\u00f3n Laboral, convenio firmado entre el Centro de Formaci\u00f3n T\u00e9cnica Estatal de Ays\u00e9n y la Subsecretar\u00eda del Trabajo, representada por la Seremi de Trabajo y Previsi\u00f3n Social. Para acceder al Term\u00f3metro Laboral, el link es: https:\/\/www.subtrab.gob.cl\/tlr\/ y dar click a regi\u00f3n de Ays\u00e9n.<\/p>\n<\/div><\/section><\/div><div  style='height:50px' class='hr hr-invisible   avia-builder-el-6  el_after_av_one_full  el_before_av_social_share '><span class='hr-inner ' ><span class='hr-inner-style'><\/span><\/span><\/div><\/p>\n<div  class='av-social-sharing-box  avia-builder-el-7  el_after_av_hr  el_before_av_hr  '><div class='av-share-box'><h5 class='av-share-link-description av-no-toc '>Compartir esta noticia<\/h5><ul class='av-share-box-list noLightbox'><li class='av-share-link av-social-link-facebook' ><a target=\"_blank\" aria-label=\"Compartir en Facebook\" href='https:\/\/www.facebook.com\/sharer.php?u=https:\/\/radiorevelacionfm.cl\/?p=50434&#038;t=Term%C3%B3metro%20Laboral%3A%20Regi%C3%B3n%20de%20Ays%C3%A9n%20tiene%20la%20menor%20tasa%20de%20desempleo%20a%20nivel%20nacional' aria-hidden='false' data-av_icon='\ue8f3' data-av_iconfont='entypo-fontello' title='' data-avia-related-tooltip='Compartir en Facebook' rel=\"noopener\"><span class='avia_hidden_link_text'>Compartir en Facebook<\/span><\/a><\/li><li class='av-share-link av-social-link-twitter' ><a target=\"_blank\" aria-label=\"Compartir en Twitter\" href='https:\/\/twitter.com\/share?text=Term%C3%B3metro%20Laboral%3A%20Regi%C3%B3n%20de%20Ays%C3%A9n%20tiene%20la%20menor%20tasa%20de%20desempleo%20a%20nivel%20nacional&#038;url=https:\/\/radiorevelacionfm.cl\/?p=50434' aria-hidden='false' data-av_icon='\ue8f1' data-av_iconfont='entypo-fontello' title='' data-avia-related-tooltip='Compartir en Twitter' rel=\"noopener\"><span class='avia_hidden_link_text'>Compartir en Twitter<\/span><\/a><\/li><li class='av-share-link av-social-link-whatsapp' ><a target=\"_blank\" aria-label=\"Compartir en Whatsapp\" href='https:\/\/api.whatsapp.com\/send?text=https:\/\/radiorevelacionfm.cl\/?p=50434' aria-hidden='false' data-av_icon='\uf232' data-av_iconfont='entypo-fontello' title='' data-avia-related-tooltip='Compartir en Whatsapp' rel=\"noopener\"><span class='avia_hidden_link_text'>Compartir en Whatsapp<\/span><\/a><\/li><li class='av-share-link av-social-link-linkedin' ><a target=\"_blank\" aria-label=\"Compartir en LinkedIn\" href='https:\/\/linkedin.com\/shareArticle?mini=true&#038;title=Term%C3%B3metro%20Laboral%3A%20Regi%C3%B3n%20de%20Ays%C3%A9n%20tiene%20la%20menor%20tasa%20de%20desempleo%20a%20nivel%20nacional&#038;url=https:\/\/radiorevelacionfm.cl\/?p=50434' aria-hidden='false' data-av_icon='\ue8fc' data-av_iconfont='entypo-fontello' title='' data-avia-related-tooltip='Compartir en LinkedIn' rel=\"noopener\"><span class='avia_hidden_link_text'>Compartir en LinkedIn<\/span><\/a><\/li><li class='av-share-link av-social-link-mail' ><a  aria-label=\"Compartir por correo\" href='mailto:?subject=Term%C3%B3metro%20Laboral%3A%20Regi%C3%B3n%20de%20Ays%C3%A9n%20tiene%20la%20menor%20tasa%20de%20desempleo%20a%20nivel%20nacional&#038;body=https:\/\/radiorevelacionfm.cl\/?p=50434' aria-hidden='false' data-av_icon='\ue805' data-av_iconfont='entypo-fontello' title='' data-avia-related-tooltip='Compartir por correo'><span class='avia_hidden_link_text'>Compartir por correo<\/span><\/a><\/li><\/ul><\/div><\/div>\n<div  style='height:50px' class='hr hr-invisible   avia-builder-el-8  el_after_av_social_share  el_before_av_comments_list '><span class='hr-inner ' ><span class='hr-inner-style'><\/span><\/span><\/div>\n<div  class='av-buildercomment  av-blog-meta-html-info-disabled av-blog-meta-tag-disabled  '><\/div>\n","protected":false},"excerpt":{"rendered":"","protected":false},"author":1,"featured_media":50435,"comment_status":"open","ping_status":"open","sticky":false,"template":"","format":"standard","meta":{"footnotes":""},"categories":[38],"tags":[],"class_list":["post-50434","post","type-post","status-publish","format-standard","has-post-thumbnail","hentry","category-regional"],"jetpack_featured_media_url":"https:\/\/radiorevelacionfm.cl\/wp-content\/uploads\/2025\/02\/obreros-construccion-2_optimized-1.jpg","_links":{"self":[{"href":"https:\/\/radiorevelacionfm.cl\/index.php?rest_route=\/wp\/v2\/posts\/50434","targetHints":{"allow":["GET"]}}],"collection":[{"href":"https:\/\/radiorevelacionfm.cl\/index.php?rest_route=\/wp\/v2\/posts"}],"about":[{"href":"https:\/\/radiorevelacionfm.cl\/index.php?rest_route=\/wp\/v2\/types\/post"}],"author":[{"embeddable":true,"href":"https:\/\/radiorevelacionfm.cl\/index.php?rest_route=\/wp\/v2\/users\/1"}],"replies":[{"embeddable":true,"href":"https:\/\/radiorevelacionfm.cl\/index.php?rest_route=%2Fwp%2Fv2%2Fcomments&post=50434"}],"version-history":[{"count":1,"href":"https:\/\/radiorevelacionfm.cl\/index.php?rest_route=\/wp\/v2\/posts\/50434\/revisions"}],"predecessor-version":[{"id":50436,"href":"https:\/\/radiorevelacionfm.cl\/index.php?rest_route=\/wp\/v2\/posts\/50434\/revisions\/50436"}],"wp:featuredmedia":[{"embeddable":true,"href":"https:\/\/radiorevelacionfm.cl\/index.php?rest_route=\/wp\/v2\/media\/50435"}],"wp:attachment":[{"href":"https:\/\/radiorevelacionfm.cl\/index.php?rest_route=%2Fwp%2Fv2%2Fmedia&parent=50434"}],"wp:term":[{"taxonomy":"category","embeddable":true,"href":"https:\/\/radiorevelacionfm.cl\/index.php?rest_route=%2Fwp%2Fv2%2Fcategories&post=50434"},{"taxonomy":"post_tag","embeddable":true,"href":"https:\/\/radiorevelacionfm.cl\/index.php?rest_route=%2Fwp%2Fv2%2Ftags&post=50434"}],"curies":[{"name":"wp","href":"https:\/\/api.w.org\/{rel}","templated":true}]}}