{"id":50426,"date":"2025-02-07T17:29:10","date_gmt":"2025-02-07T20:29:10","guid":{"rendered":"https:\/\/radiorevelacionfm.cl\/?p=50426"},"modified":"2025-02-07T17:29:10","modified_gmt":"2025-02-07T20:29:10","slug":"en-coyhaique-3-personas-fueron-detenidas-por-secuestro-ocurrido-en-enero","status":"publish","type":"post","link":"https:\/\/radiorevelacionfm.cl\/?p=50426","title":{"rendered":"En Coyhaique 3 personas fueron detenidas por secuestro ocurrido en enero"},"content":{"rendered":"<div class=\"flex_column av_one_full  flex_column_div av-zero-column-padding first  avia-builder-el-0  el_before_av_one_full  avia-builder-el-first  \" style='border-radius:0px; '><div  class='avia-image-container  av-styling-    avia-builder-el-1  avia-builder-el-no-sibling  avia-align-center '  itemprop=\"image\" itemscope=\"itemscope\" itemtype=\"https:\/\/schema.org\/ImageObject\"  ><div class='avia-image-container-inner'><div class='avia-image-overlay-wrap'><img decoding=\"async\" class='wp-image-39607 avia-img-lazy-loading-not-39607 avia_image' src=\"https:\/\/radiorevelacionfm.cl\/wp-content\/uploads\/2024\/02\/carro-referencial-2-1-1.jpg\" alt='' title='carro referencial (2) (1) (1)' height=\"600\" width=\"900\"  itemprop=\"thumbnailUrl\" srcset=\"https:\/\/radiorevelacionfm.cl\/wp-content\/uploads\/2024\/02\/carro-referencial-2-1-1.jpg 900w, https:\/\/radiorevelacionfm.cl\/wp-content\/uploads\/2024\/02\/carro-referencial-2-1-1-300x200.jpg 300w, https:\/\/radiorevelacionfm.cl\/wp-content\/uploads\/2024\/02\/carro-referencial-2-1-1-768x512.jpg 768w, https:\/\/radiorevelacionfm.cl\/wp-content\/uploads\/2024\/02\/carro-referencial-2-1-1-705x470.jpg 705w, https:\/\/radiorevelacionfm.cl\/wp-content\/uploads\/2024\/02\/carro-referencial-2-1-1-450x300.jpg 450w, https:\/\/radiorevelacionfm.cl\/wp-content\/uploads\/2024\/02\/carro-referencial-2-1-1-600x400.jpg 600w\" sizes=\"(max-width: 900px) 100vw, 900px\" \/><\/div><\/div><\/div><\/div><div class=\"flex_column av_one_full  flex_column_div av-zero-column-padding first  avia-builder-el-2  el_after_av_one_full  el_before_av_one_full  column-top-margin\" style='border-radius:0px; '><section class=\"av_textblock_section \"  itemscope=\"itemscope\" itemtype=\"https:\/\/schema.org\/BlogPosting\" itemprop=\"blogPost\" ><div class='avia_textblock  '   itemprop=\"text\" ><p style=\"text-align: center;\"><strong><span style=\"font-size: 18pt;\">En Coyhaique 3 personas fueron detenidas por secuestro ocurrido en enero <\/span><\/strong><\/p>\n<div id=\"gtx-trans\" style=\"position: absolute; left: -50px; top: 4.31534px;\">\n<div class=\"gtx-trans-icon\"><\/div>\n<\/div>\n<\/div><\/section><\/div><div class=\"flex_column av_one_full  flex_column_div av-zero-column-padding first  avia-builder-el-4  el_after_av_one_full  el_before_av_hr  column-top-margin\" style='border-radius:0px; '><section class=\"av_textblock_section \"  itemscope=\"itemscope\" itemtype=\"https:\/\/schema.org\/BlogPosting\" itemprop=\"blogPost\" ><div class='avia_textblock  '   itemprop=\"text\" ><p style=\"text-align: justify;\">Todo se remontar\u00eda al 15 de enero de este a\u00f1o cuando la v\u00edctima del secuestro, habr\u00eda ofertado, a dos millones de pesos, una cierta cantidad de droga a los imputados, pero todo habr\u00eda sido un enga\u00f1o, puesto que, al momento de recibir el dinero, este no vuelve con la mercanc\u00eda il\u00edcita. Esta acci\u00f3n ser\u00eda la detonante para que los detenidos buscaran a la v\u00edctima, la golpearan y la secuestraran con el af\u00e1n de recuperar el dinero. \u201cEl d\u00eda de ayer se materializaron tres \u00f3rdenes de detenci\u00f3n emanadas del Juzgado de Garant\u00eda de esta ciudad principalmente por el delito de Secuestro en virtud de una investigaci\u00f3n que era llevada por la Brigada de Homicidio (Coyhaique), la cual dice relaci\u00f3n con unos hechos que habr\u00edan ocurrido el 15 de enero en esta ciudad, donde los imputados habr\u00edan secuestrado a la v\u00edctima luego de una fallida entrega de droga para poder precisamente recuperar el dinero la suben a un autom\u00f3vil y la trasladan hasta el lugar donde estaba este dinero entreg\u00e1ndoselo y liberando a la v\u00edctima\u201d, coment\u00f3 el comisario \u00cdtalo Todaka, Jefe de la Brigada de Homicidios Coyhaique.<\/p>\n<p style=\"text-align: justify;\">El comisario agrega que todos los involucrados en el hecho se conoc\u00edas, \u201cde una u otra forma ya sea por el sector donde viven como por su relaci\u00f3n de a\u00f1os en esta zona(&#8230;) la v\u00edctima por lo menos tiene relaci\u00f3n de amistad con alguno de ellos, lo que pasa es que como se produce este \u201cpseudo enga\u00f1o\u201d al momento de no concretarse la venta de la droga, obviamente ellos toman parte de esto\u201d, detalla el comisario Todaka.<\/p>\n<p style=\"text-align: justify;\">Por su parte el fiscal Mat\u00edas Manzano coment\u00f3 que, \u201cse logr\u00f3 determinar la participaci\u00f3n de los tres imputados en dicho delito, y tambi\u00e9n se logr\u00f3 determinar la identidad de la v\u00edctima, la cual hasta ese momento se manten\u00eda desconocida, logrando reunir suficientes antecedentes que permitieron a esta fiscal\u00eda solicitar una orden de detenci\u00f3n en contra de estos tres sujetos.\u201d Adem\u00e1s, agreg\u00f3 que, \u201clos tres imputados pasaron a control de detenci\u00f3n el d\u00eda de hoy ante el juzgado de garant\u00eda de Coyhaique y se solicit\u00f3 la ampliaci\u00f3n de su detenci\u00f3n hasta el d\u00eda lunes pr\u00f3ximo, atendido que todav\u00eda restan diligencias que se encuentra desarrollando la Brigada de Homicidios de polic\u00eda de investigaciones.\u201d<\/p>\n<p style=\"text-align: justify;\">Finalmente, la investigaci\u00f3n realizada por los detectives, en conjunto con el Ministerio P\u00fablico, no descarta que dentro de la din\u00e1mica de los hechos se pudieran haber producido otros delitos.<\/p>\n<\/div><\/section><\/div><div  style='height:50px' class='hr hr-invisible   avia-builder-el-6  el_after_av_one_full  el_before_av_social_share '><span class='hr-inner ' ><span class='hr-inner-style'><\/span><\/span><\/div><\/p>\n<div  class='av-social-sharing-box  avia-builder-el-7  el_after_av_hr  el_before_av_hr  '><div class='av-share-box'><h5 class='av-share-link-description av-no-toc '>Compartir esta noticia<\/h5><ul class='av-share-box-list noLightbox'><li class='av-share-link av-social-link-facebook' ><a target=\"_blank\" aria-label=\"Compartir en Facebook\" href='https:\/\/www.facebook.com\/sharer.php?u=https:\/\/radiorevelacionfm.cl\/?p=50426&#038;t=En%20Coyhaique%203%20personas%20fueron%20detenidas%20por%20secuestro%20ocurrido%20en%20enero' aria-hidden='false' data-av_icon='\ue8f3' data-av_iconfont='entypo-fontello' title='' data-avia-related-tooltip='Compartir en Facebook' rel=\"noopener\"><span class='avia_hidden_link_text'>Compartir en Facebook<\/span><\/a><\/li><li class='av-share-link av-social-link-twitter' ><a target=\"_blank\" aria-label=\"Compartir en Twitter\" href='https:\/\/twitter.com\/share?text=En%20Coyhaique%203%20personas%20fueron%20detenidas%20por%20secuestro%20ocurrido%20en%20enero&#038;url=https:\/\/radiorevelacionfm.cl\/?p=50426' aria-hidden='false' data-av_icon='\ue8f1' data-av_iconfont='entypo-fontello' title='' data-avia-related-tooltip='Compartir en Twitter' rel=\"noopener\"><span class='avia_hidden_link_text'>Compartir en Twitter<\/span><\/a><\/li><li class='av-share-link av-social-link-whatsapp' ><a target=\"_blank\" aria-label=\"Compartir en Whatsapp\" href='https:\/\/api.whatsapp.com\/send?text=https:\/\/radiorevelacionfm.cl\/?p=50426' aria-hidden='false' data-av_icon='\uf232' data-av_iconfont='entypo-fontello' title='' data-avia-related-tooltip='Compartir en Whatsapp' rel=\"noopener\"><span class='avia_hidden_link_text'>Compartir en Whatsapp<\/span><\/a><\/li><li class='av-share-link av-social-link-linkedin' ><a target=\"_blank\" aria-label=\"Compartir en LinkedIn\" href='https:\/\/linkedin.com\/shareArticle?mini=true&#038;title=En%20Coyhaique%203%20personas%20fueron%20detenidas%20por%20secuestro%20ocurrido%20en%20enero&#038;url=https:\/\/radiorevelacionfm.cl\/?p=50426' aria-hidden='false' data-av_icon='\ue8fc' data-av_iconfont='entypo-fontello' title='' data-avia-related-tooltip='Compartir en LinkedIn' rel=\"noopener\"><span class='avia_hidden_link_text'>Compartir en LinkedIn<\/span><\/a><\/li><li class='av-share-link av-social-link-mail' ><a  aria-label=\"Compartir por correo\" href='mailto:?subject=En%20Coyhaique%203%20personas%20fueron%20detenidas%20por%20secuestro%20ocurrido%20en%20enero&#038;body=https:\/\/radiorevelacionfm.cl\/?p=50426' aria-hidden='false' data-av_icon='\ue805' data-av_iconfont='entypo-fontello' title='' data-avia-related-tooltip='Compartir por correo'><span class='avia_hidden_link_text'>Compartir por correo<\/span><\/a><\/li><\/ul><\/div><\/div>\n<div  style='height:50px' class='hr hr-invisible   avia-builder-el-8  el_after_av_social_share  el_before_av_comments_list '><span class='hr-inner ' ><span class='hr-inner-style'><\/span><\/span><\/div>\n<div  class='av-buildercomment  av-blog-meta-html-info-disabled av-blog-meta-tag-disabled  '><\/div>\n","protected":false},"excerpt":{"rendered":"","protected":false},"author":1,"featured_media":39607,"comment_status":"open","ping_status":"open","sticky":false,"template":"","format":"standard","meta":{"footnotes":""},"categories":[36],"tags":[],"class_list":["post-50426","post","type-post","status-publish","format-standard","has-post-thumbnail","hentry","category-policial"],"jetpack_featured_media_url":"https:\/\/radiorevelacionfm.cl\/wp-content\/uploads\/2024\/02\/carro-referencial-2-1-1.jpg","_links":{"self":[{"href":"https:\/\/radiorevelacionfm.cl\/index.php?rest_route=\/wp\/v2\/posts\/50426","targetHints":{"allow":["GET"]}}],"collection":[{"href":"https:\/\/radiorevelacionfm.cl\/index.php?rest_route=\/wp\/v2\/posts"}],"about":[{"href":"https:\/\/radiorevelacionfm.cl\/index.php?rest_route=\/wp\/v2\/types\/post"}],"author":[{"embeddable":true,"href":"https:\/\/radiorevelacionfm.cl\/index.php?rest_route=\/wp\/v2\/users\/1"}],"replies":[{"embeddable":true,"href":"https:\/\/radiorevelacionfm.cl\/index.php?rest_route=%2Fwp%2Fv2%2Fcomments&post=50426"}],"version-history":[{"count":1,"href":"https:\/\/radiorevelacionfm.cl\/index.php?rest_route=\/wp\/v2\/posts\/50426\/revisions"}],"predecessor-version":[{"id":50427,"href":"https:\/\/radiorevelacionfm.cl\/index.php?rest_route=\/wp\/v2\/posts\/50426\/revisions\/50427"}],"wp:featuredmedia":[{"embeddable":true,"href":"https:\/\/radiorevelacionfm.cl\/index.php?rest_route=\/wp\/v2\/media\/39607"}],"wp:attachment":[{"href":"https:\/\/radiorevelacionfm.cl\/index.php?rest_route=%2Fwp%2Fv2%2Fmedia&parent=50426"}],"wp:term":[{"taxonomy":"category","embeddable":true,"href":"https:\/\/radiorevelacionfm.cl\/index.php?rest_route=%2Fwp%2Fv2%2Fcategories&post=50426"},{"taxonomy":"post_tag","embeddable":true,"href":"https:\/\/radiorevelacionfm.cl\/index.php?rest_route=%2Fwp%2Fv2%2Ftags&post=50426"}],"curies":[{"name":"wp","href":"https:\/\/api.w.org\/{rel}","templated":true}]}}