{"id":50423,"date":"2025-02-07T16:50:08","date_gmt":"2025-02-07T19:50:08","guid":{"rendered":"https:\/\/radiorevelacionfm.cl\/?p=50423"},"modified":"2025-02-07T16:50:08","modified_gmt":"2025-02-07T19:50:08","slug":"inspeccionan-movimientos-fronterizos-en-periodo-estival-en-pasos-huemules-y-coyhaique-alto","status":"publish","type":"post","link":"https:\/\/radiorevelacionfm.cl\/?p=50423","title":{"rendered":"Inspeccionan movimientos fronterizos en per\u00edodo estival en pasos Huemules y Coyhaique Alto"},"content":{"rendered":"<div class=\"flex_column av_one_full  flex_column_div av-zero-column-padding first  avia-builder-el-0  el_before_av_one_full  avia-builder-el-first  \" style='border-radius:0px; '><div  class='avia-image-container  av-styling-    avia-builder-el-1  avia-builder-el-no-sibling  avia-align-center '  itemprop=\"image\" itemscope=\"itemscope\" itemtype=\"https:\/\/schema.org\/ImageObject\"  ><div class='avia-image-container-inner'><div class='avia-image-overlay-wrap'><img decoding=\"async\" class='wp-image-50424 avia-img-lazy-loading-not-50424 avia_image' src=\"https:\/\/radiorevelacionfm.cl\/wp-content\/uploads\/2025\/02\/WhatsApp-Image-2025-02-06-at-3.21.26-PM-1-1-1.jpeg\" alt='' title='WhatsApp Image 2025-02-06 at 3.21.26 PM (1) (1) (1)' height=\"600\" width=\"901\"  itemprop=\"thumbnailUrl\" srcset=\"https:\/\/radiorevelacionfm.cl\/wp-content\/uploads\/2025\/02\/WhatsApp-Image-2025-02-06-at-3.21.26-PM-1-1-1.jpeg 901w, https:\/\/radiorevelacionfm.cl\/wp-content\/uploads\/2025\/02\/WhatsApp-Image-2025-02-06-at-3.21.26-PM-1-1-1-300x200.jpeg 300w, https:\/\/radiorevelacionfm.cl\/wp-content\/uploads\/2025\/02\/WhatsApp-Image-2025-02-06-at-3.21.26-PM-1-1-1-768x511.jpeg 768w, https:\/\/radiorevelacionfm.cl\/wp-content\/uploads\/2025\/02\/WhatsApp-Image-2025-02-06-at-3.21.26-PM-1-1-1-705x469.jpeg 705w, https:\/\/radiorevelacionfm.cl\/wp-content\/uploads\/2025\/02\/WhatsApp-Image-2025-02-06-at-3.21.26-PM-1-1-1-450x300.jpeg 450w, https:\/\/radiorevelacionfm.cl\/wp-content\/uploads\/2025\/02\/WhatsApp-Image-2025-02-06-at-3.21.26-PM-1-1-1-600x400.jpeg 600w\" sizes=\"(max-width: 901px) 100vw, 901px\" \/><\/div><\/div><\/div><\/div><div class=\"flex_column av_one_full  flex_column_div av-zero-column-padding first  avia-builder-el-2  el_after_av_one_full  el_before_av_one_full  column-top-margin\" style='border-radius:0px; '><section class=\"av_textblock_section \"  itemscope=\"itemscope\" itemtype=\"https:\/\/schema.org\/BlogPosting\" itemprop=\"blogPost\" ><div class='avia_textblock  '   itemprop=\"text\" ><p style=\"text-align: center;\"><strong><span style=\"font-size: 18pt;\">Inspeccionan movimientos fronterizos en per\u00edodo estival en pasos Huemules y Coyhaique Alto<\/span><\/strong><\/p>\n<div id=\"gtx-trans\" style=\"position: absolute; left: -50px; top: 4.31534px;\">\n<div class=\"gtx-trans-icon\"><\/div>\n<\/div>\n<\/div><\/section><\/div><div class=\"flex_column av_one_full  flex_column_div av-zero-column-padding first  avia-builder-el-4  el_after_av_one_full  el_before_av_hr  column-top-margin\" style='border-radius:0px; '><section class=\"av_textblock_section \"  itemscope=\"itemscope\" itemtype=\"https:\/\/schema.org\/BlogPosting\" itemprop=\"blogPost\" ><div class='avia_textblock  '   itemprop=\"text\" ><p style=\"font-weight: 400; text-align: justify;\">El Delegado Presidencial Regional de Ays\u00e9n, Jorge D\u00edaz Guzm\u00e1n, inspeccion\u00f3 instalaciones y dialog\u00f3 con funcionarias y funcionarios de los complejos fronterizos Huemules y Coyhaique Alto, con el objetivo de verificar su funcionamiento ante el mayor flujo de personas, propio del per\u00edodo estival.<\/p>\n<p style=\"font-weight: 400; text-align: justify;\">Solo durante el mes de enero de 2025, un total de 57.898 personas han ingresado y salido por los pasos Coyhaique Alto, Huemules y Jeinimeni, lo que representa un incremento respecto de enero de 2024, cuando se registraron 51.998 ingresos y salidas por los mismos complejos fronterizos, seg\u00fan los registros de la Polic\u00eda de Investigaciones (PDI).<\/p>\n<p style=\"font-weight: 400; text-align: justify;\">Durante el a\u00f1o. Entre enero y diciembre del a\u00f1o pasado, hubo 350.470 ingresos y salidas por estos tres complejos.<\/p>\n<p style=\"font-weight: 400; text-align: justify;\">\u201cDentro de nuestro trabajo permanente est\u00e1 visitar los pasos fronterizos. Nos encontramos en Balmaceda, donde est\u00e1 el Complejo Integrado chileno-argentino. Hemos conversado con todos los servicios, para ver de qu\u00e9 manera podemos mejorar, los flujos que se han dado en esta \u00e9poca estival y hemos detectado algunas necesidades de funcionarios y trabajos que debemos implementar en un futuro pr\u00f3ximo. Ha sido una jornada positiva para mejorar continuamente nuestros pasos fronterizos, en este caso, Balmaceda\u201d, indic\u00f3.<\/p>\n<p style=\"font-weight: 400; text-align: justify;\">En el mismo sentido, agreg\u00f3 que \u201cen Coyhaique Alto, Hito 45, conversamos con todos los funcionarios de Carabineros, PDI, Aduanas y SAG, para saber tambi\u00e9n c\u00f3mo est\u00e1n trabajando los funcionarios, que son fundamentales para el control en fronteras. Ha habido un importante flujo de turistas, argentinos, sobre todo, y quer\u00edamos ver en terreno las instalaciones y de qu\u00e9 manera podemos colaborar para mejorar la atenci\u00f3n a nuestros usuarios\u201d.<\/p>\n<p style=\"font-weight: 400; text-align: justify;\">Quienes ingresan a Chile pueden adelantar sus tr\u00e1mites en frontera, completando online y con anticipaci\u00f3n la Declaraci\u00f3n SAG\/Aduana, disponible en\u00a0<a href=\"http:\/\/ingresoachile.cl\/\" data-saferedirecturl=\"https:\/\/www.google.com\/url?q=http:\/\/ingresoachile.cl&amp;source=gmail&amp;ust=1739039569105000&amp;usg=AOvVaw0uon7Kh5RyHbGSrFs6inpS\">http:\/\/ingresoachile.cl<\/a>.<\/p>\n<p style=\"font-weight: 400; text-align: justify;\">Por \u00faltimo, los complejos fronterizos Coyhaique Alto y Huemules, est\u00e1n habilitados entre las 08:00 y las 21:00 horas para buses, veh\u00edculos particulares y transporte de carga, mientras el Complejo Jeinimeni se encuentra habilitado para transporte de carga, particulares y buses de 8:00 a 21:00 horas para la entrada a Chile y hasta las 20:45 salida del pa\u00eds.<\/p>\n<\/div><\/section><\/div><div  style='height:50px' class='hr hr-invisible   avia-builder-el-6  el_after_av_one_full  el_before_av_social_share '><span class='hr-inner ' ><span class='hr-inner-style'><\/span><\/span><\/div><\/p>\n<div  class='av-social-sharing-box  avia-builder-el-7  el_after_av_hr  el_before_av_hr  '><div class='av-share-box'><h5 class='av-share-link-description av-no-toc '>Compartir esta noticia<\/h5><ul class='av-share-box-list noLightbox'><li class='av-share-link av-social-link-facebook' ><a target=\"_blank\" aria-label=\"Compartir en Facebook\" href='https:\/\/www.facebook.com\/sharer.php?u=https:\/\/radiorevelacionfm.cl\/?p=50423&#038;t=Inspeccionan%20movimientos%20fronterizos%20en%20per%C3%ADodo%20estival%20en%20pasos%20Huemules%20y%20Coyhaique%20Alto' aria-hidden='false' data-av_icon='\ue8f3' data-av_iconfont='entypo-fontello' title='' data-avia-related-tooltip='Compartir en Facebook' rel=\"noopener\"><span class='avia_hidden_link_text'>Compartir en Facebook<\/span><\/a><\/li><li class='av-share-link av-social-link-twitter' ><a target=\"_blank\" aria-label=\"Compartir en Twitter\" href='https:\/\/twitter.com\/share?text=Inspeccionan%20movimientos%20fronterizos%20en%20per%C3%ADodo%20estival%20en%20pasos%20Huemules%20y%20Coyhaique%20Alto&#038;url=https:\/\/radiorevelacionfm.cl\/?p=50423' aria-hidden='false' data-av_icon='\ue8f1' data-av_iconfont='entypo-fontello' title='' data-avia-related-tooltip='Compartir en Twitter' rel=\"noopener\"><span class='avia_hidden_link_text'>Compartir en Twitter<\/span><\/a><\/li><li class='av-share-link av-social-link-whatsapp' ><a target=\"_blank\" aria-label=\"Compartir en Whatsapp\" href='https:\/\/api.whatsapp.com\/send?text=https:\/\/radiorevelacionfm.cl\/?p=50423' aria-hidden='false' data-av_icon='\uf232' data-av_iconfont='entypo-fontello' title='' data-avia-related-tooltip='Compartir en Whatsapp' rel=\"noopener\"><span class='avia_hidden_link_text'>Compartir en Whatsapp<\/span><\/a><\/li><li class='av-share-link av-social-link-linkedin' ><a target=\"_blank\" aria-label=\"Compartir en LinkedIn\" href='https:\/\/linkedin.com\/shareArticle?mini=true&#038;title=Inspeccionan%20movimientos%20fronterizos%20en%20per%C3%ADodo%20estival%20en%20pasos%20Huemules%20y%20Coyhaique%20Alto&#038;url=https:\/\/radiorevelacionfm.cl\/?p=50423' aria-hidden='false' data-av_icon='\ue8fc' data-av_iconfont='entypo-fontello' title='' data-avia-related-tooltip='Compartir en LinkedIn' rel=\"noopener\"><span class='avia_hidden_link_text'>Compartir en LinkedIn<\/span><\/a><\/li><li class='av-share-link av-social-link-mail' ><a  aria-label=\"Compartir por correo\" href='mailto:?subject=Inspeccionan%20movimientos%20fronterizos%20en%20per%C3%ADodo%20estival%20en%20pasos%20Huemules%20y%20Coyhaique%20Alto&#038;body=https:\/\/radiorevelacionfm.cl\/?p=50423' aria-hidden='false' data-av_icon='\ue805' data-av_iconfont='entypo-fontello' title='' data-avia-related-tooltip='Compartir por correo'><span class='avia_hidden_link_text'>Compartir por correo<\/span><\/a><\/li><\/ul><\/div><\/div>\n<div  style='height:50px' class='hr hr-invisible   avia-builder-el-8  el_after_av_social_share  el_before_av_comments_list '><span class='hr-inner ' ><span class='hr-inner-style'><\/span><\/span><\/div>\n<div  class='av-buildercomment  av-blog-meta-html-info-disabled av-blog-meta-tag-disabled  '><\/div>\n","protected":false},"excerpt":{"rendered":"","protected":false},"author":1,"featured_media":50424,"comment_status":"open","ping_status":"open","sticky":false,"template":"","format":"standard","meta":{"footnotes":""},"categories":[38],"tags":[],"class_list":["post-50423","post","type-post","status-publish","format-standard","has-post-thumbnail","hentry","category-regional"],"jetpack_featured_media_url":"https:\/\/radiorevelacionfm.cl\/wp-content\/uploads\/2025\/02\/WhatsApp-Image-2025-02-06-at-3.21.26-PM-1-1-1.jpeg","_links":{"self":[{"href":"https:\/\/radiorevelacionfm.cl\/index.php?rest_route=\/wp\/v2\/posts\/50423","targetHints":{"allow":["GET"]}}],"collection":[{"href":"https:\/\/radiorevelacionfm.cl\/index.php?rest_route=\/wp\/v2\/posts"}],"about":[{"href":"https:\/\/radiorevelacionfm.cl\/index.php?rest_route=\/wp\/v2\/types\/post"}],"author":[{"embeddable":true,"href":"https:\/\/radiorevelacionfm.cl\/index.php?rest_route=\/wp\/v2\/users\/1"}],"replies":[{"embeddable":true,"href":"https:\/\/radiorevelacionfm.cl\/index.php?rest_route=%2Fwp%2Fv2%2Fcomments&post=50423"}],"version-history":[{"count":1,"href":"https:\/\/radiorevelacionfm.cl\/index.php?rest_route=\/wp\/v2\/posts\/50423\/revisions"}],"predecessor-version":[{"id":50425,"href":"https:\/\/radiorevelacionfm.cl\/index.php?rest_route=\/wp\/v2\/posts\/50423\/revisions\/50425"}],"wp:featuredmedia":[{"embeddable":true,"href":"https:\/\/radiorevelacionfm.cl\/index.php?rest_route=\/wp\/v2\/media\/50424"}],"wp:attachment":[{"href":"https:\/\/radiorevelacionfm.cl\/index.php?rest_route=%2Fwp%2Fv2%2Fmedia&parent=50423"}],"wp:term":[{"taxonomy":"category","embeddable":true,"href":"https:\/\/radiorevelacionfm.cl\/index.php?rest_route=%2Fwp%2Fv2%2Fcategories&post=50423"},{"taxonomy":"post_tag","embeddable":true,"href":"https:\/\/radiorevelacionfm.cl\/index.php?rest_route=%2Fwp%2Fv2%2Ftags&post=50423"}],"curies":[{"name":"wp","href":"https:\/\/api.w.org\/{rel}","templated":true}]}}