{"id":50418,"date":"2025-02-07T16:44:26","date_gmt":"2025-02-07T19:44:26","guid":{"rendered":"https:\/\/radiorevelacionfm.cl\/?p=50418"},"modified":"2025-02-10T16:44:42","modified_gmt":"2025-02-10T19:44:42","slug":"presidente-sebastian-pinera-un-legado-de-desarrollo-y-compromiso-con-aysen","status":"publish","type":"post","link":"https:\/\/radiorevelacionfm.cl\/?p=50418","title":{"rendered":"Presidente Sebasti\u00e1n Pi\u00f1era: Un Legado de Desarrollo y Compromiso con Ays\u00e9n"},"content":{"rendered":"<div class=\"flex_column av_one_full  flex_column_div av-zero-column-padding first  avia-builder-el-0  el_before_av_one_full  avia-builder-el-first  \" style='border-radius:0px; '><div  class='avia-image-container  av-styling-    avia-builder-el-1  avia-builder-el-no-sibling  avia-align-center '  itemprop=\"image\" itemscope=\"itemscope\" itemtype=\"https:\/\/schema.org\/ImageObject\"  ><div class='avia-image-container-inner'><div class='avia-image-overlay-wrap'><img decoding=\"async\" class='wp-image-50421 avia-img-lazy-loading-not-50421 avia_image' src=\"https:\/\/radiorevelacionfm.cl\/wp-content\/uploads\/2025\/02\/Post2-2-2-1.jpg\" alt='' title='Post2 (2) (2) (1)' height=\"600\" width=\"820\"  itemprop=\"thumbnailUrl\" srcset=\"https:\/\/radiorevelacionfm.cl\/wp-content\/uploads\/2025\/02\/Post2-2-2-1.jpg 820w, https:\/\/radiorevelacionfm.cl\/wp-content\/uploads\/2025\/02\/Post2-2-2-1-300x220.jpg 300w, https:\/\/radiorevelacionfm.cl\/wp-content\/uploads\/2025\/02\/Post2-2-2-1-768x562.jpg 768w, https:\/\/radiorevelacionfm.cl\/wp-content\/uploads\/2025\/02\/Post2-2-2-1-705x516.jpg 705w, https:\/\/radiorevelacionfm.cl\/wp-content\/uploads\/2025\/02\/Post2-2-2-1-450x329.jpg 450w, https:\/\/radiorevelacionfm.cl\/wp-content\/uploads\/2025\/02\/Post2-2-2-1-600x439.jpg 600w\" sizes=\"(max-width: 820px) 100vw, 820px\" \/><\/div><\/div><\/div><\/div><div class=\"flex_column av_one_full  flex_column_div av-zero-column-padding first  avia-builder-el-2  el_after_av_one_full  el_before_av_one_full  column-top-margin\" style='border-radius:0px; '><section class=\"av_textblock_section \"  itemscope=\"itemscope\" itemtype=\"https:\/\/schema.org\/BlogPosting\" itemprop=\"blogPost\" ><div class='avia_textblock  '   itemprop=\"text\" ><p style=\"text-align: center;\"><span style=\"font-size: 18pt;\"><b>Presidente Sebasti\u00e1n Pi\u00f1era: Un Legado de Desarrollo y Compromiso con Ays\u00e9n<\/b><\/span><\/p>\n<div id=\"gtx-trans\" style=\"position: absolute; left: -50px; top: 4.31534px;\">\n<div class=\"gtx-trans-icon\"><\/div>\n<\/div>\n<\/div><\/section><\/div><div class=\"flex_column av_one_full  flex_column_div av-zero-column-padding first  avia-builder-el-4  el_after_av_one_full  el_before_av_hr  column-top-margin\" style='border-radius:0px; '><section class=\"av_textblock_section \"  itemscope=\"itemscope\" itemtype=\"https:\/\/schema.org\/BlogPosting\" itemprop=\"blogPost\" ><div class='avia_textblock  '   itemprop=\"text\" ><p style=\"text-align: justify;\">Por Marcelo Santana Vargas Gobernador Regional<\/p>\n<p style=\"text-align: justify;\">\u00abAlcalde, la pr\u00f3xima vez que vuelva a Ays\u00e9n a inaugurar un nuevo tramo de la Carretera Austral\u2026 subiremos juntos el Cerro Castillo.\u00bb Esa fue una de mis \u00faltimas conversaciones con el presidente Sebasti\u00e1n Pi\u00f1era mientras recorr\u00edamos la Carretera Austral.<\/p>\n<p style=\"text-align: justify;\">A un a\u00f1o de su tr\u00e1gica partida, recordamos a un hombre incansable, con un amor inquebrantable por Chile y por nuestra regi\u00f3n. Su legado en Ays\u00e9n est\u00e1 presente en obras fundamentales como la pavimentaci\u00f3n de la Carretera Austral, que permiti\u00f3 mejorar la conectividad de sectores aislados gracias a su prioridad presidencial, abriendo nuevas oportunidades para el desarrollo local; la construcci\u00f3n del Hospital de Cochrane, que fortaleci\u00f3 el acceso a la salud en la regi\u00f3n; el Polideportivo de Ays\u00e9n, que impuls\u00f3 el deporte y la vida sana; el Museo Regional, que preserva nuestra identidad y cultura; y diversos proyectos de infraestructura p\u00fablica, que han mejorado la calidad de vida en localidades a lo largo de todo el territorio.<\/p>\n<p style=\"text-align: justify;\">Pero su impacto trascendi\u00f3 la infraestructura. Fue un l\u00edder que enfrent\u00f3 las crisis con determinaci\u00f3n: impuls\u00f3 la reconstrucci\u00f3n tras el terremoto del 2010, lider\u00f3 el rescate de los 33 mineros, posnatal de 6 meses, implement\u00f3 un exitoso plan de vacunaci\u00f3n contra el COVID-19, PGU y promovi\u00f3 el desarrollo econ\u00f3mico y la seguridad, dejando una huella imborrable en la historia del pa\u00eds.<\/p>\n<p>Hoy, m\u00e1s que nunca, su ejemplo nos motiva a trabajar con fuerza por el desarrollo de nuestra regi\u00f3n. \u00abNos qued\u00f3 pendiente subir el Cerro Castillo,\u00bb me dijo. Hoy, tenemos la oportunidad de tomar la posta para seguir avanzando con su misma pasi\u00f3n por Ays\u00e9n, fortaleciendo la conectividad, impulsando la pavimentaci\u00f3n de la Carretera Austral y construyendo un futuro mejor para nuestra gente.<\/p>\n<p>Presidente Pi\u00f1era, su legado perdura. Descanse en paz.<\/p>\n<\/div><\/section><\/div><div  style='height:50px' class='hr hr-invisible   avia-builder-el-6  el_after_av_one_full  el_before_av_social_share '><span class='hr-inner ' ><span class='hr-inner-style'><\/span><\/span><\/div><\/p>\n<div  class='av-social-sharing-box  avia-builder-el-7  el_after_av_hr  el_before_av_hr  '><div class='av-share-box'><h5 class='av-share-link-description av-no-toc '>Compartir esta noticia<\/h5><ul class='av-share-box-list noLightbox'><li class='av-share-link av-social-link-facebook' ><a target=\"_blank\" aria-label=\"Compartir en Facebook\" href='https:\/\/www.facebook.com\/sharer.php?u=https:\/\/radiorevelacionfm.cl\/?p=50418&#038;t=Presidente%20Sebasti%C3%A1n%20Pi%C3%B1era%3A%20Un%20Legado%20de%20Desarrollo%20y%20Compromiso%20con%20Ays%C3%A9n' aria-hidden='false' data-av_icon='\ue8f3' data-av_iconfont='entypo-fontello' title='' data-avia-related-tooltip='Compartir en Facebook' rel=\"noopener\"><span class='avia_hidden_link_text'>Compartir en Facebook<\/span><\/a><\/li><li class='av-share-link av-social-link-twitter' ><a target=\"_blank\" aria-label=\"Compartir en Twitter\" href='https:\/\/twitter.com\/share?text=Presidente%20Sebasti%C3%A1n%20Pi%C3%B1era%3A%20Un%20Legado%20de%20Desarrollo%20y%20Compromiso%20con%20Ays%C3%A9n&#038;url=https:\/\/radiorevelacionfm.cl\/?p=50418' aria-hidden='false' data-av_icon='\ue8f1' data-av_iconfont='entypo-fontello' title='' data-avia-related-tooltip='Compartir en Twitter' rel=\"noopener\"><span class='avia_hidden_link_text'>Compartir en Twitter<\/span><\/a><\/li><li class='av-share-link av-social-link-whatsapp' ><a target=\"_blank\" aria-label=\"Compartir en Whatsapp\" href='https:\/\/api.whatsapp.com\/send?text=https:\/\/radiorevelacionfm.cl\/?p=50418' aria-hidden='false' data-av_icon='\uf232' data-av_iconfont='entypo-fontello' title='' data-avia-related-tooltip='Compartir en Whatsapp' rel=\"noopener\"><span class='avia_hidden_link_text'>Compartir en Whatsapp<\/span><\/a><\/li><li class='av-share-link av-social-link-linkedin' ><a target=\"_blank\" aria-label=\"Compartir en LinkedIn\" href='https:\/\/linkedin.com\/shareArticle?mini=true&#038;title=Presidente%20Sebasti%C3%A1n%20Pi%C3%B1era%3A%20Un%20Legado%20de%20Desarrollo%20y%20Compromiso%20con%20Ays%C3%A9n&#038;url=https:\/\/radiorevelacionfm.cl\/?p=50418' aria-hidden='false' data-av_icon='\ue8fc' data-av_iconfont='entypo-fontello' title='' data-avia-related-tooltip='Compartir en LinkedIn' rel=\"noopener\"><span class='avia_hidden_link_text'>Compartir en LinkedIn<\/span><\/a><\/li><li class='av-share-link av-social-link-mail' ><a  aria-label=\"Compartir por correo\" href='mailto:?subject=Presidente%20Sebasti%C3%A1n%20Pi%C3%B1era%3A%20Un%20Legado%20de%20Desarrollo%20y%20Compromiso%20con%20Ays%C3%A9n&#038;body=https:\/\/radiorevelacionfm.cl\/?p=50418' aria-hidden='false' data-av_icon='\ue805' data-av_iconfont='entypo-fontello' title='' data-avia-related-tooltip='Compartir por correo'><span class='avia_hidden_link_text'>Compartir por correo<\/span><\/a><\/li><\/ul><\/div><\/div>\n<div  style='height:50px' class='hr hr-invisible   avia-builder-el-8  el_after_av_social_share  el_before_av_comments_list '><span class='hr-inner ' ><span class='hr-inner-style'><\/span><\/span><\/div>\n<div  class='av-buildercomment  av-blog-meta-html-info-disabled av-blog-meta-tag-disabled  '><\/div>\n","protected":false},"excerpt":{"rendered":"","protected":false},"author":1,"featured_media":50421,"comment_status":"open","ping_status":"open","sticky":false,"template":"","format":"standard","meta":{"footnotes":""},"categories":[35],"tags":[],"class_list":["post-50418","post","type-post","status-publish","format-standard","has-post-thumbnail","hentry","category-politica"],"jetpack_featured_media_url":"https:\/\/radiorevelacionfm.cl\/wp-content\/uploads\/2025\/02\/Post2-2-2-1.jpg","_links":{"self":[{"href":"https:\/\/radiorevelacionfm.cl\/index.php?rest_route=\/wp\/v2\/posts\/50418","targetHints":{"allow":["GET"]}}],"collection":[{"href":"https:\/\/radiorevelacionfm.cl\/index.php?rest_route=\/wp\/v2\/posts"}],"about":[{"href":"https:\/\/radiorevelacionfm.cl\/index.php?rest_route=\/wp\/v2\/types\/post"}],"author":[{"embeddable":true,"href":"https:\/\/radiorevelacionfm.cl\/index.php?rest_route=\/wp\/v2\/users\/1"}],"replies":[{"embeddable":true,"href":"https:\/\/radiorevelacionfm.cl\/index.php?rest_route=%2Fwp%2Fv2%2Fcomments&post=50418"}],"version-history":[{"count":1,"href":"https:\/\/radiorevelacionfm.cl\/index.php?rest_route=\/wp\/v2\/posts\/50418\/revisions"}],"predecessor-version":[{"id":50422,"href":"https:\/\/radiorevelacionfm.cl\/index.php?rest_route=\/wp\/v2\/posts\/50418\/revisions\/50422"}],"wp:featuredmedia":[{"embeddable":true,"href":"https:\/\/radiorevelacionfm.cl\/index.php?rest_route=\/wp\/v2\/media\/50421"}],"wp:attachment":[{"href":"https:\/\/radiorevelacionfm.cl\/index.php?rest_route=%2Fwp%2Fv2%2Fmedia&parent=50418"}],"wp:term":[{"taxonomy":"category","embeddable":true,"href":"https:\/\/radiorevelacionfm.cl\/index.php?rest_route=%2Fwp%2Fv2%2Fcategories&post=50418"},{"taxonomy":"post_tag","embeddable":true,"href":"https:\/\/radiorevelacionfm.cl\/index.php?rest_route=%2Fwp%2Fv2%2Ftags&post=50418"}],"curies":[{"name":"wp","href":"https:\/\/api.w.org\/{rel}","templated":true}]}}