{"id":50416,"date":"2025-02-08T12:51:00","date_gmt":"2025-02-08T15:51:00","guid":{"rendered":"https:\/\/radiorevelacionfm.cl\/?p=50416"},"modified":"2025-02-08T12:51:00","modified_gmt":"2025-02-08T15:51:00","slug":"consejero-arcadio-soto-camino-a-bahia-exploradores-esta-intransitable-y-el-gobierno-no-responde","status":"publish","type":"post","link":"https:\/\/radiorevelacionfm.cl\/?p=50416","title":{"rendered":"Consejero Arcadio Soto: \u201cCamino a Bah\u00eda Exploradores est\u00e1 intransitable y el Gobierno no responde\u201d"},"content":{"rendered":"<div class=\"flex_column av_one_full  flex_column_div av-zero-column-padding first  avia-builder-el-0  el_before_av_one_full  avia-builder-el-first  \" style='border-radius:0px; '><div  class='avia-image-container  av-styling-    avia-builder-el-1  avia-builder-el-no-sibling  avia-align-center '  itemprop=\"image\" itemscope=\"itemscope\" itemtype=\"https:\/\/schema.org\/ImageObject\"  ><div class='avia-image-container-inner'><div class='avia-image-overlay-wrap'><img decoding=\"async\" class='wp-image-50432 avia-img-lazy-loading-not-50432 avia_image' src=\"https:\/\/radiorevelacionfm.cl\/wp-content\/uploads\/2025\/02\/ruta-x-728-2-1.jpg\" alt='' title='ruta x-728 (2) (1)' height=\"600\" width=\"1067\"  itemprop=\"thumbnailUrl\" srcset=\"https:\/\/radiorevelacionfm.cl\/wp-content\/uploads\/2025\/02\/ruta-x-728-2-1.jpg 1067w, https:\/\/radiorevelacionfm.cl\/wp-content\/uploads\/2025\/02\/ruta-x-728-2-1-300x169.jpg 300w, https:\/\/radiorevelacionfm.cl\/wp-content\/uploads\/2025\/02\/ruta-x-728-2-1-1030x579.jpg 1030w, https:\/\/radiorevelacionfm.cl\/wp-content\/uploads\/2025\/02\/ruta-x-728-2-1-768x432.jpg 768w, https:\/\/radiorevelacionfm.cl\/wp-content\/uploads\/2025\/02\/ruta-x-728-2-1-705x396.jpg 705w, https:\/\/radiorevelacionfm.cl\/wp-content\/uploads\/2025\/02\/ruta-x-728-2-1-450x253.jpg 450w, https:\/\/radiorevelacionfm.cl\/wp-content\/uploads\/2025\/02\/ruta-x-728-2-1-600x337.jpg 600w\" sizes=\"(max-width: 1067px) 100vw, 1067px\" \/><\/div><\/div><\/div><\/div><div class=\"flex_column av_one_full  flex_column_div av-zero-column-padding first  avia-builder-el-2  el_after_av_one_full  el_before_av_one_full  column-top-margin\" style='border-radius:0px; '><section class=\"av_textblock_section \"  itemscope=\"itemscope\" itemtype=\"https:\/\/schema.org\/BlogPosting\" itemprop=\"blogPost\" ><div class='avia_textblock  '   itemprop=\"text\" ><p style=\"text-align: center;\"><strong><span style=\"font-size: 18pt;\">Consejero Arcadio Soto: \u201cCamino a Bah\u00eda Exploradores est\u00e1 intransitable y el Gobierno no responde\u201d<\/span><\/strong><\/p>\n<div id=\"gtx-trans\" style=\"position: absolute; left: -50px; top: 4.31534px;\">\n<div class=\"gtx-trans-icon\"><\/div>\n<\/div>\n<\/div><\/section><\/div><\/p>\n<div class=\"flex_column av_one_full  flex_column_div av-zero-column-padding first  avia-builder-el-4  el_after_av_one_full  el_before_av_hr  column-top-margin\" style='border-radius:0px; '><section class=\"av_textblock_section \"  itemscope=\"itemscope\" itemtype=\"https:\/\/schema.org\/BlogPosting\" itemprop=\"blogPost\" ><div class='avia_textblock  '   itemprop=\"text\" ><p style=\"text-align: justify;\">El turismo es uno de los motores de desarrollo m\u00e1s importantes para la Regi\u00f3n de Ays\u00e9n, especialmente en la temporada alta, cuando miles de visitantes recorren sus paisajes y rutas ic\u00f3nicas. Sin embargo, la falta de mantenci\u00f3n de la infraestructura vial pone en riesgo esta actividad clave para la econom\u00eda local. Frente a este escenario, surge una interrogante fundamental: \u00bfCu\u00e1l es el compromiso del Gobierno con el turismo en temporada alta?<\/p>\n<p style=\"text-align: justify;\">Esa es la pregunta que plantea el Consejero Regional Arcadio Soto Ser\u00f3n, quien ha manifestado su preocupaci\u00f3n por el cr\u00edtico estado de la Ruta X-728, una v\u00eda esencial para el acceso a Bah\u00eda Exploradores, el Glaciar Exploradores y la Laguna San Rafael, tres de los atractivos tur\u00edsticos m\u00e1s visitados de la Provincia General Carrera. Para el Consejero Regional Soto, la falta de mantenimiento de este camino no solo dificulta el tr\u00e1nsito y pone en riesgo la seguridad de los viajeros, sino que tambi\u00e9n afecta directamente a los operadores tur\u00edsticos, transportistas y emprendedores locales que dependen de una infraestructura adecuada para desarrollar su labor.<\/p>\n<p style=\"text-align: justify;\"><em>\u00abLos visitantes de este importante destino en la Provincia General Carrera no lo est\u00e1n pasando bien. Los veh\u00edculos sufren considerables da\u00f1os tras transitar por la ruta, y la situaci\u00f3n es a\u00fan m\u00e1s compleja para transportistas y tour operadores que viajan desde Puerto R\u00edo Tranquilo. Sin duda, hay una falta de preocupaci\u00f3n por parte de la administraci\u00f3n actual, que ha olvidado la mantenci\u00f3n de este camino\u00bb<\/em>, se\u00f1al\u00f3 el Core Arcadio Soto.<\/p>\n<p style=\"text-align: justify;\">Los operadores tur\u00edsticos de Puerto R\u00edo Tranquilo enfrentan serias dificultades que afectan su labor y la experiencia de los visitantes que buscan recorrer el Glaciar Exploradores o llegar a la Laguna San Rafael. En conversaci\u00f3n con el Core Arcadio Soto, han manifestado la necesidad urgente de que el Gobierno Central asuma su responsabilidad en el mantenimiento de este camino, clave para el desarrollo tur\u00edstico de la zona.<\/p>\n<p style=\"text-align: justify;\"><em>\u00abMi llamado es claro: represento la voz de quienes ven afectadas sus posibilidades de brindar una experiencia agradable a los turistas, mientras sus veh\u00edculos sufren da\u00f1os constantes. No puede ser que quienes tienen la responsabilidad de mantener la ruta hagan caso omiso a esta necesidad, perjudicando a los emprendedores de Tranquilo, un destino fundamental para los visitantes de Ays\u00e9n\u00bb<\/em>, enfatiz\u00f3 Soto.<\/p>\n<p style=\"text-align: justify;\">Seg\u00fan los operadores tur\u00edsticos y transportistas, los \u00faltimos nueve kil\u00f3metros de la ruta est\u00e1n pr\u00e1cticamente intransitables, dificultando el acceso al Embarcadero a Laguna San Rafael, un destino que recibe cada vez m\u00e1s visitantes.<\/p>\n<h3 style=\"text-align: justify;\">Turismo en riesgo en plena temporada alta<\/h3>\n<p style=\"text-align: justify;\">La situaci\u00f3n se agrava en plena temporada estival, cuando el flujo de veh\u00edculos aumenta considerablemente. Esto no solo afecta la seguridad de quienes transitan, sino que deteriora la experiencia de los miles de turistas que eligen esta ruta.<\/p>\n<p style=\"text-align: justify;\"><em>\u00abSi queremos avanzar seriamente en el desarrollo del turismo, necesitamos soluciones r\u00e1pidas y efectivas. Nuestra infraestructura debe garantizar una experiencia positiva para los visitantes y permitir que los prestadores de servicios puedan desempe\u00f1ar su labor de manera \u00f3ptima. Sabemos que entre octubre y marzo son meses cruciales para los emprendedores del sector, y no podemos permitir que la falta de mantenci\u00f3n del camino los perjudique\u00bb<\/em>, advirti\u00f3 Soto.<\/p>\n<p style=\"text-align: justify;\">El Consejero Regional ha mantenido contacto con transportistas locales y, semanas atr\u00e1s, con el director regional de Vialidad, a quien transmiti\u00f3 su preocupaci\u00f3n por la falta de avances en la soluci\u00f3n del problema. Sin embargo, hasta ahora no ha habido una respuesta efectiva, lo que agrava la incertidumbre y el impacto en la actividad tur\u00edstica.<\/p>\n<p style=\"text-align: justify;\">Ante esta situaci\u00f3n, Arcadio Soto hace un llamado urgente a las autoridades para que adopten medidas concretas de manera inmediata. La falta de mantenci\u00f3n de la Ruta X-728 est\u00e1 afectando directamente el desarrollo tur\u00edstico de la regi\u00f3n en su momento m\u00e1s crucial, y los emprendedores locales no pueden seguir esperando soluciones que nunca llegan.<\/p>\n<\/div><\/section><\/div>\n<div  style='height:50px' class='hr hr-invisible   avia-builder-el-6  el_after_av_one_full  el_before_av_social_share '><span class='hr-inner ' ><span class='hr-inner-style'><\/span><\/span><\/div>\n<div  class='av-social-sharing-box  avia-builder-el-7  el_after_av_hr  el_before_av_hr  '><div class='av-share-box'><h5 class='av-share-link-description av-no-toc '>Compartir esta noticia<\/h5><ul class='av-share-box-list noLightbox'><li class='av-share-link av-social-link-facebook' ><a target=\"_blank\" aria-label=\"Compartir en Facebook\" href='https:\/\/www.facebook.com\/sharer.php?u=https:\/\/radiorevelacionfm.cl\/?p=50416&#038;t=Consejero%20Arcadio%20Soto%3A%20%E2%80%9CCamino%20a%20Bah%C3%ADa%20Exploradores%20est%C3%A1%20intransitable%20y%20el%20Gobierno%20no%20responde%E2%80%9D' aria-hidden='false' data-av_icon='\ue8f3' data-av_iconfont='entypo-fontello' title='' data-avia-related-tooltip='Compartir en Facebook' rel=\"noopener\"><span class='avia_hidden_link_text'>Compartir en Facebook<\/span><\/a><\/li><li class='av-share-link av-social-link-twitter' ><a target=\"_blank\" aria-label=\"Compartir en Twitter\" href='https:\/\/twitter.com\/share?text=Consejero%20Arcadio%20Soto%3A%20%E2%80%9CCamino%20a%20Bah%C3%ADa%20Exploradores%20est%C3%A1%20intransitable%20y%20el%20Gobierno%20no%20responde%E2%80%9D&#038;url=https:\/\/radiorevelacionfm.cl\/?p=50416' aria-hidden='false' data-av_icon='\ue8f1' data-av_iconfont='entypo-fontello' title='' data-avia-related-tooltip='Compartir en Twitter' rel=\"noopener\"><span class='avia_hidden_link_text'>Compartir en Twitter<\/span><\/a><\/li><li class='av-share-link av-social-link-whatsapp' ><a target=\"_blank\" aria-label=\"Compartir en Whatsapp\" href='https:\/\/api.whatsapp.com\/send?text=https:\/\/radiorevelacionfm.cl\/?p=50416' aria-hidden='false' data-av_icon='\uf232' data-av_iconfont='entypo-fontello' title='' data-avia-related-tooltip='Compartir en Whatsapp' rel=\"noopener\"><span class='avia_hidden_link_text'>Compartir en Whatsapp<\/span><\/a><\/li><li class='av-share-link av-social-link-linkedin' ><a target=\"_blank\" aria-label=\"Compartir en LinkedIn\" href='https:\/\/linkedin.com\/shareArticle?mini=true&#038;title=Consejero%20Arcadio%20Soto%3A%20%E2%80%9CCamino%20a%20Bah%C3%ADa%20Exploradores%20est%C3%A1%20intransitable%20y%20el%20Gobierno%20no%20responde%E2%80%9D&#038;url=https:\/\/radiorevelacionfm.cl\/?p=50416' aria-hidden='false' data-av_icon='\ue8fc' data-av_iconfont='entypo-fontello' title='' data-avia-related-tooltip='Compartir en LinkedIn' rel=\"noopener\"><span class='avia_hidden_link_text'>Compartir en LinkedIn<\/span><\/a><\/li><li class='av-share-link av-social-link-mail' ><a  aria-label=\"Compartir por correo\" href='mailto:?subject=Consejero%20Arcadio%20Soto%3A%20%E2%80%9CCamino%20a%20Bah%C3%ADa%20Exploradores%20est%C3%A1%20intransitable%20y%20el%20Gobierno%20no%20responde%E2%80%9D&#038;body=https:\/\/radiorevelacionfm.cl\/?p=50416' aria-hidden='false' data-av_icon='\ue805' data-av_iconfont='entypo-fontello' title='' data-avia-related-tooltip='Compartir por correo'><span class='avia_hidden_link_text'>Compartir por correo<\/span><\/a><\/li><\/ul><\/div><\/div>\n<div  style='height:50px' class='hr hr-invisible   avia-builder-el-8  el_after_av_social_share  el_before_av_comments_list '><span class='hr-inner ' ><span class='hr-inner-style'><\/span><\/span><\/div>\n<div  class='av-buildercomment  av-blog-meta-html-info-disabled av-blog-meta-tag-disabled  '><\/div>\n","protected":false},"excerpt":{"rendered":"","protected":false},"author":1,"featured_media":50432,"comment_status":"open","ping_status":"open","sticky":false,"template":"","format":"standard","meta":{"footnotes":""},"categories":[38],"tags":[],"class_list":["post-50416","post","type-post","status-publish","format-standard","has-post-thumbnail","hentry","category-regional"],"jetpack_featured_media_url":"https:\/\/radiorevelacionfm.cl\/wp-content\/uploads\/2025\/02\/ruta-x-728-2-1.jpg","_links":{"self":[{"href":"https:\/\/radiorevelacionfm.cl\/index.php?rest_route=\/wp\/v2\/posts\/50416","targetHints":{"allow":["GET"]}}],"collection":[{"href":"https:\/\/radiorevelacionfm.cl\/index.php?rest_route=\/wp\/v2\/posts"}],"about":[{"href":"https:\/\/radiorevelacionfm.cl\/index.php?rest_route=\/wp\/v2\/types\/post"}],"author":[{"embeddable":true,"href":"https:\/\/radiorevelacionfm.cl\/index.php?rest_route=\/wp\/v2\/users\/1"}],"replies":[{"embeddable":true,"href":"https:\/\/radiorevelacionfm.cl\/index.php?rest_route=%2Fwp%2Fv2%2Fcomments&post=50416"}],"version-history":[{"count":2,"href":"https:\/\/radiorevelacionfm.cl\/index.php?rest_route=\/wp\/v2\/posts\/50416\/revisions"}],"predecessor-version":[{"id":50433,"href":"https:\/\/radiorevelacionfm.cl\/index.php?rest_route=\/wp\/v2\/posts\/50416\/revisions\/50433"}],"wp:featuredmedia":[{"embeddable":true,"href":"https:\/\/radiorevelacionfm.cl\/index.php?rest_route=\/wp\/v2\/media\/50432"}],"wp:attachment":[{"href":"https:\/\/radiorevelacionfm.cl\/index.php?rest_route=%2Fwp%2Fv2%2Fmedia&parent=50416"}],"wp:term":[{"taxonomy":"category","embeddable":true,"href":"https:\/\/radiorevelacionfm.cl\/index.php?rest_route=%2Fwp%2Fv2%2Fcategories&post=50416"},{"taxonomy":"post_tag","embeddable":true,"href":"https:\/\/radiorevelacionfm.cl\/index.php?rest_route=%2Fwp%2Fv2%2Ftags&post=50416"}],"curies":[{"name":"wp","href":"https:\/\/api.w.org\/{rel}","templated":true}]}}