{"id":50413,"date":"2025-02-07T15:06:03","date_gmt":"2025-02-07T18:06:03","guid":{"rendered":"https:\/\/radiorevelacionfm.cl\/?p=50413"},"modified":"2025-02-07T15:06:03","modified_gmt":"2025-02-07T18:06:03","slug":"mop-expone-plan-de-infraestructura-pdze-a-la-camara-chilena-de-la-construccion","status":"publish","type":"post","link":"https:\/\/radiorevelacionfm.cl\/?p=50413","title":{"rendered":"MOP expone plan de infraestructura PDZE a la C\u00e1mara Chilena de la Construcci\u00f3n"},"content":{"rendered":"<div class=\"flex_column av_one_full  flex_column_div av-zero-column-padding first  avia-builder-el-0  el_before_av_one_full  avia-builder-el-first  \" style='border-radius:0px; '><div  class='avia-image-container  av-styling-    avia-builder-el-1  avia-builder-el-no-sibling  avia-align-center '  itemprop=\"image\" itemscope=\"itemscope\" itemtype=\"https:\/\/schema.org\/ImageObject\"  ><div class='avia-image-container-inner'><div class='avia-image-overlay-wrap'><img decoding=\"async\" class='wp-image-50414 avia-img-lazy-loading-not-50414 avia_image' src=\"https:\/\/radiorevelacionfm.cl\/wp-content\/uploads\/2025\/02\/mop-cchc-1-2_optimized-1.jpg\" alt='' title='mop-cchc-1-(2)_optimized (1)' height=\"600\" width=\"1123\"  itemprop=\"thumbnailUrl\" srcset=\"https:\/\/radiorevelacionfm.cl\/wp-content\/uploads\/2025\/02\/mop-cchc-1-2_optimized-1.jpg 1123w, https:\/\/radiorevelacionfm.cl\/wp-content\/uploads\/2025\/02\/mop-cchc-1-2_optimized-1-300x160.jpg 300w, https:\/\/radiorevelacionfm.cl\/wp-content\/uploads\/2025\/02\/mop-cchc-1-2_optimized-1-1030x550.jpg 1030w, https:\/\/radiorevelacionfm.cl\/wp-content\/uploads\/2025\/02\/mop-cchc-1-2_optimized-1-768x410.jpg 768w, https:\/\/radiorevelacionfm.cl\/wp-content\/uploads\/2025\/02\/mop-cchc-1-2_optimized-1-705x377.jpg 705w, https:\/\/radiorevelacionfm.cl\/wp-content\/uploads\/2025\/02\/mop-cchc-1-2_optimized-1-450x240.jpg 450w, https:\/\/radiorevelacionfm.cl\/wp-content\/uploads\/2025\/02\/mop-cchc-1-2_optimized-1-600x321.jpg 600w\" sizes=\"(max-width: 1123px) 100vw, 1123px\" \/><\/div><\/div><\/div><\/div><div class=\"flex_column av_one_full  flex_column_div av-zero-column-padding first  avia-builder-el-2  el_after_av_one_full  el_before_av_one_full  column-top-margin\" style='border-radius:0px; '><section class=\"av_textblock_section \"  itemscope=\"itemscope\" itemtype=\"https:\/\/schema.org\/BlogPosting\" itemprop=\"blogPost\" ><div class='avia_textblock  '   itemprop=\"text\" ><p style=\"text-align: center;\"><strong><span style=\"font-size: 18pt;\">MOP expone plan de infraestructura PDZE a la C\u00e1mara Chilena de la Construcci\u00f3n<\/span><\/strong><\/p>\n<div id=\"gtx-trans\" style=\"position: absolute; left: -50px; top: 4.31534px;\">\n<div class=\"gtx-trans-icon\"><\/div>\n<\/div>\n<\/div><\/section><\/div><div class=\"flex_column av_one_full  flex_column_div av-zero-column-padding first  avia-builder-el-4  el_after_av_one_full  el_before_av_hr  column-top-margin\" style='border-radius:0px; '><section class=\"av_textblock_section \"  itemscope=\"itemscope\" itemtype=\"https:\/\/schema.org\/BlogPosting\" itemprop=\"blogPost\" ><div class='avia_textblock  '   itemprop=\"text\" ><p style=\"text-align: justify;\"><em>Esta cartera de proyectos de infraestructura respalda la visi\u00f3n de integraci\u00f3n de la regi\u00f3n con las regiones vecinas y con el resto del territorio nacional, impulsando el desarrollo regional y atrayendo empleo.<\/em><\/p>\n<p style=\"text-align: justify;\">Para conocer la propuesta de infraestructura que considera el Plan de Desarrollo de Zonas Extremas, PDZE, el Ministerio de Obras P\u00fablicas expuso a los integrantes de la C\u00e1mara Chilena de la Construcci\u00f3n Coyhaique, las iniciativas MOP que contempla este Plan.<\/p>\n<p style=\"text-align: justify;\">En la oportunidad participaron la Secretaria Regional Ministerial de Obras P\u00fablicas (S), Melisa Rojas, el director regional de Planeamiento MOP Wildman Duran, el presidente de la C\u00e1mara Chilena de la Construcci\u00f3n Coyhaique Pablo Carrasco, representantes de la Comisi\u00f3n de Infraestructura de la CCHC Coyhaique y socios.<\/p>\n<p style=\"text-align: justify;\">Consultado al respecto, el director regional de Planeamiento del MOP, Wildman Dur\u00e1n Vidal expres\u00f3: \u201cLa C\u00e1mara Chilena de la Construcci\u00f3n Coyhaique nos solicit\u00f3 una reuni\u00f3n para conocer la propuesta del MOP en materia de infraestructura para incluir en el PDZE, por lo tanto, lo que hicimos fue exponer la visi\u00f3n estrat\u00e9gica al mediano y largo plazo del desarrollo de los servicios de infraestructura, donde se enmarca la propuesta MOP para el PDZE,\u00a0 y los criterios de priorizaci\u00f3n de proyectos utilizados para construir la cartera de inversiones del Plan, donde lo principal es la utilizaci\u00f3n del enfoque de evaluaci\u00f3n costo-eficiencia. Posteriormente, mostramos a la CCHC, la Cartera de Proyectos que hoy se encuentra en an\u00e1lisis y revisi\u00f3n en el Gobierno Regional de Ays\u00e9n. En la propuesta presentamos las l\u00edneas estrat\u00e9gicas principales donde se enfoca la propuesta: conectividad, movilidad e integraci\u00f3n territorial, que se materializan a trav\u00e9s de la infraestructura de transporte Vial, Portuaria y Aeroportuaria. Adicionalmente, para disminuir la brecha de servicios b\u00e1sicos en la localidades se presenta una propuesta de Construcci\u00f3n y Mejoramiento de Servicios Sanitarios Rurales en diversas localidades y en materia de edificaci\u00f3n p\u00fablica la Direcci\u00f3n de Arquitectura identifica proyectos de inter\u00e9s regional y comunal en donde actuamos como Unidad T\u00e9cnica\u201d.<\/p>\n<p style=\"text-align: justify;\">Esta fue una instancia para dar a conocer nuestra propuesta, \u201cla que fue respaldada porque se enmarca en una visi\u00f3n de desarrollo que contiene no s\u00f3lo lo estructural, sino tambi\u00e9n aborda tem\u00e1ticas m\u00e1s locales de la regi\u00f3n, impulsa el desarrollo regional donde las empresas contratistas regionales juegan un rol relevante, tanto en los procesos de construcci\u00f3n como en el dinamismo de la econom\u00eda regional\u201d, agreg\u00f3 Wildman Duran.<\/p>\n<p style=\"text-align: justify;\">Sobre el particular, Pablo Carrasco, presidente CChC Coyhaique, evalu\u00f3 esta reuni\u00f3n como muy productiva, indicando que \u201ctuvimos una reuni\u00f3n, como mesa directiva de la C\u00e1mara Chilena de la Construcci\u00f3n y con integrantes de nuestra comisi\u00f3n de infraestructura, con el equipo MOP. Fue muy productiva, conocimos la cartera que tiene el ministerio, presentada al PDZE, y nos parece una robusta, completa, con harto \u00e9nfasis en el tema de conectividad e infraestructura vial\u201d.<\/p>\n<p style=\"text-align: justify;\">\u201cIncluye obras bien necesarias, como, por ejemplo, el puente sobre el r\u00edo Palena, para conectar Puerto Ra\u00fal Mar\u00edn Balmaceda, adem\u00e1s de otra serie de obras\u201d, agreg\u00f3 Pablo Carrasco.<\/p>\n<p style=\"text-align: justify;\">Referente a proyectos espec\u00edficos, el MOP en su exposici\u00f3n tambi\u00e9n resalt\u00f3 entre otros la Ruta 7, caminos transversales, el fortalecimiento de la conectividad lacustre en el Lago General Carrera, en el Lago O\u00b4Higgins y en el Fiordo Mitchell, y un programa importante de Servicios Sanitarios Rurales.<\/p>\n<p style=\"text-align: justify;\">Otra arista que toc\u00f3 la reuni\u00f3n es la de generar Mesas T\u00e9cnicas con diversos Servicios P\u00fablicos para entregar soluciones que incluyan a diversos sectores para potenciar los territorios. \u201cNos hemos reunido con otros ministerios y creemos que esta cartera, junto a las otras, tienen que integrarse bien, generar una articulaci\u00f3n para poder generar desarrollo regional\u201d, a\u00f1adi\u00f3 Carrasco.<\/p>\n<p style=\"text-align: justify;\">Tambi\u00e9n, la CCHC destac\u00f3 al Ministerio de Obras P\u00fablicas como el primer ministerio que ve\u00edan que ten\u00eda una visi\u00f3n estrat\u00e9gica muy clara, lo que a ellos les daba certeza y seguridad de que no era una Cartera de Proyectos sin un respaldo, sino que ten\u00eda claramente una visi\u00f3n coherente y comprometida de desarrollo regional, que estaba en la misma l\u00ednea de lo que quer\u00eda el Gobierno Regional de Ays\u00e9n.<\/p>\n<\/div><\/section><\/div><div  style='height:50px' class='hr hr-invisible   avia-builder-el-6  el_after_av_one_full  el_before_av_social_share '><span class='hr-inner ' ><span class='hr-inner-style'><\/span><\/span><\/div><\/p>\n<div  class='av-social-sharing-box  avia-builder-el-7  el_after_av_hr  el_before_av_hr  '><div class='av-share-box'><h5 class='av-share-link-description av-no-toc '>Compartir esta noticia<\/h5><ul class='av-share-box-list noLightbox'><li class='av-share-link av-social-link-facebook' ><a target=\"_blank\" aria-label=\"Compartir en Facebook\" href='https:\/\/www.facebook.com\/sharer.php?u=https:\/\/radiorevelacionfm.cl\/?p=50413&#038;t=MOP%20expone%20plan%20de%20infraestructura%20PDZE%20a%20la%20C%C3%A1mara%20Chilena%20de%20la%20Construcci%C3%B3n' aria-hidden='false' data-av_icon='\ue8f3' data-av_iconfont='entypo-fontello' title='' data-avia-related-tooltip='Compartir en Facebook' rel=\"noopener\"><span class='avia_hidden_link_text'>Compartir en Facebook<\/span><\/a><\/li><li class='av-share-link av-social-link-twitter' ><a target=\"_blank\" aria-label=\"Compartir en Twitter\" href='https:\/\/twitter.com\/share?text=MOP%20expone%20plan%20de%20infraestructura%20PDZE%20a%20la%20C%C3%A1mara%20Chilena%20de%20la%20Construcci%C3%B3n&#038;url=https:\/\/radiorevelacionfm.cl\/?p=50413' aria-hidden='false' data-av_icon='\ue8f1' data-av_iconfont='entypo-fontello' title='' data-avia-related-tooltip='Compartir en Twitter' rel=\"noopener\"><span class='avia_hidden_link_text'>Compartir en Twitter<\/span><\/a><\/li><li class='av-share-link av-social-link-whatsapp' ><a target=\"_blank\" aria-label=\"Compartir en Whatsapp\" href='https:\/\/api.whatsapp.com\/send?text=https:\/\/radiorevelacionfm.cl\/?p=50413' aria-hidden='false' data-av_icon='\uf232' data-av_iconfont='entypo-fontello' title='' data-avia-related-tooltip='Compartir en Whatsapp' rel=\"noopener\"><span class='avia_hidden_link_text'>Compartir en Whatsapp<\/span><\/a><\/li><li class='av-share-link av-social-link-linkedin' ><a target=\"_blank\" aria-label=\"Compartir en LinkedIn\" href='https:\/\/linkedin.com\/shareArticle?mini=true&#038;title=MOP%20expone%20plan%20de%20infraestructura%20PDZE%20a%20la%20C%C3%A1mara%20Chilena%20de%20la%20Construcci%C3%B3n&#038;url=https:\/\/radiorevelacionfm.cl\/?p=50413' aria-hidden='false' data-av_icon='\ue8fc' data-av_iconfont='entypo-fontello' title='' data-avia-related-tooltip='Compartir en LinkedIn' rel=\"noopener\"><span class='avia_hidden_link_text'>Compartir en LinkedIn<\/span><\/a><\/li><li class='av-share-link av-social-link-mail' ><a  aria-label=\"Compartir por correo\" href='mailto:?subject=MOP%20expone%20plan%20de%20infraestructura%20PDZE%20a%20la%20C%C3%A1mara%20Chilena%20de%20la%20Construcci%C3%B3n&#038;body=https:\/\/radiorevelacionfm.cl\/?p=50413' aria-hidden='false' data-av_icon='\ue805' data-av_iconfont='entypo-fontello' title='' data-avia-related-tooltip='Compartir por correo'><span class='avia_hidden_link_text'>Compartir por correo<\/span><\/a><\/li><\/ul><\/div><\/div>\n<div  style='height:50px' class='hr hr-invisible   avia-builder-el-8  el_after_av_social_share  el_before_av_comments_list '><span class='hr-inner ' ><span class='hr-inner-style'><\/span><\/span><\/div>\n<div  class='av-buildercomment  av-blog-meta-html-info-disabled av-blog-meta-tag-disabled  '><\/div>\n","protected":false},"excerpt":{"rendered":"","protected":false},"author":1,"featured_media":50414,"comment_status":"open","ping_status":"open","sticky":false,"template":"","format":"standard","meta":{"footnotes":""},"categories":[38],"tags":[],"class_list":["post-50413","post","type-post","status-publish","format-standard","has-post-thumbnail","hentry","category-regional"],"jetpack_featured_media_url":"https:\/\/radiorevelacionfm.cl\/wp-content\/uploads\/2025\/02\/mop-cchc-1-2_optimized-1.jpg","_links":{"self":[{"href":"https:\/\/radiorevelacionfm.cl\/index.php?rest_route=\/wp\/v2\/posts\/50413","targetHints":{"allow":["GET"]}}],"collection":[{"href":"https:\/\/radiorevelacionfm.cl\/index.php?rest_route=\/wp\/v2\/posts"}],"about":[{"href":"https:\/\/radiorevelacionfm.cl\/index.php?rest_route=\/wp\/v2\/types\/post"}],"author":[{"embeddable":true,"href":"https:\/\/radiorevelacionfm.cl\/index.php?rest_route=\/wp\/v2\/users\/1"}],"replies":[{"embeddable":true,"href":"https:\/\/radiorevelacionfm.cl\/index.php?rest_route=%2Fwp%2Fv2%2Fcomments&post=50413"}],"version-history":[{"count":1,"href":"https:\/\/radiorevelacionfm.cl\/index.php?rest_route=\/wp\/v2\/posts\/50413\/revisions"}],"predecessor-version":[{"id":50415,"href":"https:\/\/radiorevelacionfm.cl\/index.php?rest_route=\/wp\/v2\/posts\/50413\/revisions\/50415"}],"wp:featuredmedia":[{"embeddable":true,"href":"https:\/\/radiorevelacionfm.cl\/index.php?rest_route=\/wp\/v2\/media\/50414"}],"wp:attachment":[{"href":"https:\/\/radiorevelacionfm.cl\/index.php?rest_route=%2Fwp%2Fv2%2Fmedia&parent=50413"}],"wp:term":[{"taxonomy":"category","embeddable":true,"href":"https:\/\/radiorevelacionfm.cl\/index.php?rest_route=%2Fwp%2Fv2%2Fcategories&post=50413"},{"taxonomy":"post_tag","embeddable":true,"href":"https:\/\/radiorevelacionfm.cl\/index.php?rest_route=%2Fwp%2Fv2%2Ftags&post=50413"}],"curies":[{"name":"wp","href":"https:\/\/api.w.org\/{rel}","templated":true}]}}