{"id":50410,"date":"2025-02-07T13:13:19","date_gmt":"2025-02-07T16:13:19","guid":{"rendered":"https:\/\/radiorevelacionfm.cl\/?p=50410"},"modified":"2025-02-07T13:13:19","modified_gmt":"2025-02-07T16:13:19","slug":"la-semana-juntina-cerrara-con-presentacion-de-los-potros-del-sur-y-fiesta-de-larga-duracion-junto-al-grupo-regional-cinchando-pa-no-aflojar","status":"publish","type":"post","link":"https:\/\/radiorevelacionfm.cl\/?p=50410","title":{"rendered":"\u00a1La Semana Juntina cerrar\u00e1 con presentaci\u00f3n de Los Potros del Sur y fiesta de larga duraci\u00f3n junto al grupo regional Cinchando Pa&#8217; no Aflojar!"},"content":{"rendered":"<div class=\"flex_column av_one_full  flex_column_div av-zero-column-padding first  avia-builder-el-0  el_before_av_one_full  avia-builder-el-first  \" style='border-radius:0px; '><div  class='avia-image-container  av-styling-    avia-builder-el-1  avia-builder-el-no-sibling  avia-align-center '  itemprop=\"image\" itemscope=\"itemscope\" itemtype=\"https:\/\/schema.org\/ImageObject\"  ><div class='avia-image-container-inner'><div class='avia-image-overlay-wrap'><img decoding=\"async\" class='wp-image-50411 avia-img-lazy-loading-not-50411 avia_image' src=\"https:\/\/radiorevelacionfm.cl\/wp-content\/uploads\/2025\/02\/cinchando-pa-no-aflojar-1-1_optimized-1.jpg\" alt='' title='cinchando-pa-no-aflojar-(1)-(1)_optimized (1)' height=\"800\" width=\"800\"  itemprop=\"thumbnailUrl\" srcset=\"https:\/\/radiorevelacionfm.cl\/wp-content\/uploads\/2025\/02\/cinchando-pa-no-aflojar-1-1_optimized-1.jpg 800w, https:\/\/radiorevelacionfm.cl\/wp-content\/uploads\/2025\/02\/cinchando-pa-no-aflojar-1-1_optimized-1-300x300.jpg 300w, https:\/\/radiorevelacionfm.cl\/wp-content\/uploads\/2025\/02\/cinchando-pa-no-aflojar-1-1_optimized-1-80x80.jpg 80w, https:\/\/radiorevelacionfm.cl\/wp-content\/uploads\/2025\/02\/cinchando-pa-no-aflojar-1-1_optimized-1-768x768.jpg 768w, https:\/\/radiorevelacionfm.cl\/wp-content\/uploads\/2025\/02\/cinchando-pa-no-aflojar-1-1_optimized-1-36x36.jpg 36w, https:\/\/radiorevelacionfm.cl\/wp-content\/uploads\/2025\/02\/cinchando-pa-no-aflojar-1-1_optimized-1-180x180.jpg 180w, https:\/\/radiorevelacionfm.cl\/wp-content\/uploads\/2025\/02\/cinchando-pa-no-aflojar-1-1_optimized-1-705x705.jpg 705w, https:\/\/radiorevelacionfm.cl\/wp-content\/uploads\/2025\/02\/cinchando-pa-no-aflojar-1-1_optimized-1-120x120.jpg 120w, https:\/\/radiorevelacionfm.cl\/wp-content\/uploads\/2025\/02\/cinchando-pa-no-aflojar-1-1_optimized-1-450x450.jpg 450w, https:\/\/radiorevelacionfm.cl\/wp-content\/uploads\/2025\/02\/cinchando-pa-no-aflojar-1-1_optimized-1-600x600.jpg 600w, https:\/\/radiorevelacionfm.cl\/wp-content\/uploads\/2025\/02\/cinchando-pa-no-aflojar-1-1_optimized-1-100x100.jpg 100w\" sizes=\"(max-width: 800px) 100vw, 800px\" \/><\/div><\/div><\/div><\/div><div class=\"flex_column av_one_full  flex_column_div av-zero-column-padding first  avia-builder-el-2  el_after_av_one_full  el_before_av_one_full  column-top-margin\" style='border-radius:0px; '><section class=\"av_textblock_section \"  itemscope=\"itemscope\" itemtype=\"https:\/\/schema.org\/BlogPosting\" itemprop=\"blogPost\" ><div class='avia_textblock  '   itemprop=\"text\" ><p style=\"text-align: center;\"><strong><span style=\"font-size: 18pt;\">\u00a1La Semana Juntina cerrar\u00e1 con presentaci\u00f3n de Los Potros del Sur y fiesta de larga duraci\u00f3n junto al grupo regional Cinchando Pa&#8217; no Aflojar!<\/span><\/strong><\/p>\n<div id=\"gtx-trans\" style=\"position: absolute; left: -50px; top: 4.31534px;\">\n<div class=\"gtx-trans-icon\"><\/div>\n<\/div>\n<\/div><\/section><\/div><div class=\"flex_column av_one_full  flex_column_div av-zero-column-padding first  avia-builder-el-4  el_after_av_one_full  el_before_av_hr  column-top-margin\" style='border-radius:0px; '><section class=\"av_textblock_section \"  itemscope=\"itemscope\" itemtype=\"https:\/\/schema.org\/BlogPosting\" itemprop=\"blogPost\" ><div class='avia_textblock  '   itemprop=\"text\" ><p style=\"text-align: justify;\">La Semana Juntina 2025 vivir\u00e1 su gran cierre con un evento espectacular que celebrar\u00e1 los 62 a\u00f1os de La Junta. El esperado cierre contar\u00e1 con la vibrante presentaci\u00f3n de Los Potros del Sur, seguidos por una fiesta de larga duraci\u00f3n con el grupo regional Cinchando Pa&#8217; no Aflojar, para ofrecer una noche llena de m\u00fasica, baile y diversi\u00f3n sin pausa.<\/p>\n<p style=\"text-align: justify;\">Este evento, que tendr\u00e1 lugar el 22 de Febrero en el Gimnasio de la localidad, ser\u00e1 el broche de oro de una semana llena de actividades y celebraciones, consolid\u00e1ndose como uno de los momentos m\u00e1s esperados del a\u00f1o en la comunidad.<\/p>\n<p style=\"text-align: justify;\">Los Potros del Sur abrir\u00e1n la noche con su en\u00e9rgico y caracter\u00edstico estilo musical, mientras que Cinchando Pa&#8217; no Aflojar tomar\u00e1 el escenario para mantener la fiesta en marcha hasta altas horas de la madrugada.<\/p>\n<p style=\"text-align: justify;\">La combinaci\u00f3n de estos dos grandes grupos promete una jornada inolvidable, en la que los asistentes podr\u00e1n disfrutar de una amplia variedad de g\u00e9neros musicales, desde los \u00e9xitos m\u00e1s populares de Los Potros del Sur hasta los contagiosos ritmos regionales de Cinchando Pa&#8217; no Aflojar.<\/p>\n<p style=\"text-align: justify;\">La Junta invita a toda la regi\u00f3n a unirse a esta celebraci\u00f3n hist\u00f3rica, en la que se conmemoran m\u00e1s de seis d\u00e9cadas de cultura, tradici\u00f3n y unidad.<\/p>\n<p style=\"text-align: justify;\">Toda la programaci\u00f3n la encontrar\u00e1n en las redes oficiales de Facebook e Instagram como Semana Juntina | @semanajuntina<\/p>\n<\/div><\/section><\/div><div  style='height:50px' class='hr hr-invisible   avia-builder-el-6  el_after_av_one_full  el_before_av_social_share '><span class='hr-inner ' ><span class='hr-inner-style'><\/span><\/span><\/div><\/p>\n<div  class='av-social-sharing-box  avia-builder-el-7  el_after_av_hr  el_before_av_hr  '><div class='av-share-box'><h5 class='av-share-link-description av-no-toc '>Compartir esta noticia<\/h5><ul class='av-share-box-list noLightbox'><li class='av-share-link av-social-link-facebook' ><a target=\"_blank\" aria-label=\"Compartir en Facebook\" href='https:\/\/www.facebook.com\/sharer.php?u=https:\/\/radiorevelacionfm.cl\/?p=50410&#038;t=%C2%A1La%20Semana%20Juntina%20cerrar%C3%A1%20con%20presentaci%C3%B3n%20de%20Los%20Potros%20del%20Sur%20y%20fiesta%20de%20larga%20duraci%C3%B3n%20junto%20al%20grupo%20regional%20Cinchando%20Pa%E2%80%99%20no%20Aflojar%21' aria-hidden='false' data-av_icon='\ue8f3' data-av_iconfont='entypo-fontello' title='' data-avia-related-tooltip='Compartir en Facebook' rel=\"noopener\"><span class='avia_hidden_link_text'>Compartir en Facebook<\/span><\/a><\/li><li class='av-share-link av-social-link-twitter' ><a target=\"_blank\" aria-label=\"Compartir en Twitter\" href='https:\/\/twitter.com\/share?text=%C2%A1La%20Semana%20Juntina%20cerrar%C3%A1%20con%20presentaci%C3%B3n%20de%20Los%20Potros%20del%20Sur%20y%20fiesta%20de%20larga%20duraci%C3%B3n%20junto%20al%20grupo%20regional%20Cinchando%20Pa%E2%80%99%20no%20Aflojar%21&#038;url=https:\/\/radiorevelacionfm.cl\/?p=50410' aria-hidden='false' data-av_icon='\ue8f1' data-av_iconfont='entypo-fontello' title='' data-avia-related-tooltip='Compartir en Twitter' rel=\"noopener\"><span class='avia_hidden_link_text'>Compartir en Twitter<\/span><\/a><\/li><li class='av-share-link av-social-link-whatsapp' ><a target=\"_blank\" aria-label=\"Compartir en Whatsapp\" href='https:\/\/api.whatsapp.com\/send?text=https:\/\/radiorevelacionfm.cl\/?p=50410' aria-hidden='false' data-av_icon='\uf232' data-av_iconfont='entypo-fontello' title='' data-avia-related-tooltip='Compartir en Whatsapp' rel=\"noopener\"><span class='avia_hidden_link_text'>Compartir en Whatsapp<\/span><\/a><\/li><li class='av-share-link av-social-link-linkedin' ><a target=\"_blank\" aria-label=\"Compartir en LinkedIn\" href='https:\/\/linkedin.com\/shareArticle?mini=true&#038;title=%C2%A1La%20Semana%20Juntina%20cerrar%C3%A1%20con%20presentaci%C3%B3n%20de%20Los%20Potros%20del%20Sur%20y%20fiesta%20de%20larga%20duraci%C3%B3n%20junto%20al%20grupo%20regional%20Cinchando%20Pa%E2%80%99%20no%20Aflojar%21&#038;url=https:\/\/radiorevelacionfm.cl\/?p=50410' aria-hidden='false' data-av_icon='\ue8fc' data-av_iconfont='entypo-fontello' title='' data-avia-related-tooltip='Compartir en LinkedIn' rel=\"noopener\"><span class='avia_hidden_link_text'>Compartir en LinkedIn<\/span><\/a><\/li><li class='av-share-link av-social-link-mail' ><a  aria-label=\"Compartir por correo\" href='mailto:?subject=%C2%A1La%20Semana%20Juntina%20cerrar%C3%A1%20con%20presentaci%C3%B3n%20de%20Los%20Potros%20del%20Sur%20y%20fiesta%20de%20larga%20duraci%C3%B3n%20junto%20al%20grupo%20regional%20Cinchando%20Pa%E2%80%99%20no%20Aflojar%21&#038;body=https:\/\/radiorevelacionfm.cl\/?p=50410' aria-hidden='false' data-av_icon='\ue805' data-av_iconfont='entypo-fontello' title='' data-avia-related-tooltip='Compartir por correo'><span class='avia_hidden_link_text'>Compartir por correo<\/span><\/a><\/li><\/ul><\/div><\/div>\n<div  style='height:50px' class='hr hr-invisible   avia-builder-el-8  el_after_av_social_share  el_before_av_comments_list '><span class='hr-inner ' ><span class='hr-inner-style'><\/span><\/span><\/div>\n<div  class='av-buildercomment  av-blog-meta-html-info-disabled av-blog-meta-tag-disabled  '><\/div>\n","protected":false},"excerpt":{"rendered":"","protected":false},"author":1,"featured_media":50411,"comment_status":"open","ping_status":"open","sticky":false,"template":"","format":"standard","meta":{"footnotes":""},"categories":[38],"tags":[],"class_list":["post-50410","post","type-post","status-publish","format-standard","has-post-thumbnail","hentry","category-regional"],"jetpack_featured_media_url":"https:\/\/radiorevelacionfm.cl\/wp-content\/uploads\/2025\/02\/cinchando-pa-no-aflojar-1-1_optimized-1.jpg","_links":{"self":[{"href":"https:\/\/radiorevelacionfm.cl\/index.php?rest_route=\/wp\/v2\/posts\/50410","targetHints":{"allow":["GET"]}}],"collection":[{"href":"https:\/\/radiorevelacionfm.cl\/index.php?rest_route=\/wp\/v2\/posts"}],"about":[{"href":"https:\/\/radiorevelacionfm.cl\/index.php?rest_route=\/wp\/v2\/types\/post"}],"author":[{"embeddable":true,"href":"https:\/\/radiorevelacionfm.cl\/index.php?rest_route=\/wp\/v2\/users\/1"}],"replies":[{"embeddable":true,"href":"https:\/\/radiorevelacionfm.cl\/index.php?rest_route=%2Fwp%2Fv2%2Fcomments&post=50410"}],"version-history":[{"count":1,"href":"https:\/\/radiorevelacionfm.cl\/index.php?rest_route=\/wp\/v2\/posts\/50410\/revisions"}],"predecessor-version":[{"id":50412,"href":"https:\/\/radiorevelacionfm.cl\/index.php?rest_route=\/wp\/v2\/posts\/50410\/revisions\/50412"}],"wp:featuredmedia":[{"embeddable":true,"href":"https:\/\/radiorevelacionfm.cl\/index.php?rest_route=\/wp\/v2\/media\/50411"}],"wp:attachment":[{"href":"https:\/\/radiorevelacionfm.cl\/index.php?rest_route=%2Fwp%2Fv2%2Fmedia&parent=50410"}],"wp:term":[{"taxonomy":"category","embeddable":true,"href":"https:\/\/radiorevelacionfm.cl\/index.php?rest_route=%2Fwp%2Fv2%2Fcategories&post=50410"},{"taxonomy":"post_tag","embeddable":true,"href":"https:\/\/radiorevelacionfm.cl\/index.php?rest_route=%2Fwp%2Fv2%2Ftags&post=50410"}],"curies":[{"name":"wp","href":"https:\/\/api.w.org\/{rel}","templated":true}]}}