{"id":50406,"date":"2025-02-07T11:16:09","date_gmt":"2025-02-07T14:16:09","guid":{"rendered":"https:\/\/radiorevelacionfm.cl\/?p=50406"},"modified":"2025-02-07T11:16:09","modified_gmt":"2025-02-07T14:16:09","slug":"en-escuela-de-verano-de-aysen-ninos-as-interactuan-con-la-oln-y-carabineros-de-la-patrulla-comunitaria","status":"publish","type":"post","link":"https:\/\/radiorevelacionfm.cl\/?p=50406","title":{"rendered":"En escuela de verano de Ays\u00e9n ni\u00f1os\/as interact\u00faan con la OLN y Carabineros de la Patrulla Comunitaria"},"content":{"rendered":"<div class=\"flex_column av_one_full  flex_column_div av-zero-column-padding first  avia-builder-el-0  el_before_av_one_full  avia-builder-el-first  \" style='border-radius:0px; '><div  class='avia-image-container  av-styling-    avia-builder-el-1  avia-builder-el-no-sibling  avia-align-center '  itemprop=\"image\" itemscope=\"itemscope\" itemtype=\"https:\/\/schema.org\/ImageObject\"  ><div class='avia-image-container-inner'><div class='avia-image-overlay-wrap'><img decoding=\"async\" class='wp-image-50408 avia-img-lazy-loading-not-50408 avia_image' src=\"https:\/\/radiorevelacionfm.cl\/wp-content\/uploads\/2025\/02\/OLN-ESC-VERANO-4-1-1.jpeg\" alt='' title='OLN ESC VERANO 4 (1) (1)' height=\"600\" width=\"800\"  itemprop=\"thumbnailUrl\" srcset=\"https:\/\/radiorevelacionfm.cl\/wp-content\/uploads\/2025\/02\/OLN-ESC-VERANO-4-1-1.jpeg 800w, https:\/\/radiorevelacionfm.cl\/wp-content\/uploads\/2025\/02\/OLN-ESC-VERANO-4-1-1-300x225.jpeg 300w, https:\/\/radiorevelacionfm.cl\/wp-content\/uploads\/2025\/02\/OLN-ESC-VERANO-4-1-1-768x576.jpeg 768w, https:\/\/radiorevelacionfm.cl\/wp-content\/uploads\/2025\/02\/OLN-ESC-VERANO-4-1-1-705x529.jpeg 705w, https:\/\/radiorevelacionfm.cl\/wp-content\/uploads\/2025\/02\/OLN-ESC-VERANO-4-1-1-450x338.jpeg 450w, https:\/\/radiorevelacionfm.cl\/wp-content\/uploads\/2025\/02\/OLN-ESC-VERANO-4-1-1-600x450.jpeg 600w\" sizes=\"(max-width: 800px) 100vw, 800px\" \/><\/div><\/div><\/div><\/div><div class=\"flex_column av_one_full  flex_column_div av-zero-column-padding first  avia-builder-el-2  el_after_av_one_full  el_before_av_one_full  column-top-margin\" style='border-radius:0px; '><section class=\"av_textblock_section \"  itemscope=\"itemscope\" itemtype=\"https:\/\/schema.org\/BlogPosting\" itemprop=\"blogPost\" ><div class='avia_textblock  '   itemprop=\"text\" ><p style=\"text-align: center;\"><strong><span style=\"font-size: 18pt;\">En escuela de verano de Ays\u00e9n ni\u00f1os\/as interact\u00faan con la OLN y Carabineros de la Patrulla Comunitaria<\/span><\/strong><\/p>\n<div id=\"gtx-trans\" style=\"position: absolute; left: -50px; top: 4.31534px;\">\n<div class=\"gtx-trans-icon\"><\/div>\n<\/div>\n<\/div><\/section><\/div><div class=\"flex_column av_one_full  flex_column_div av-zero-column-padding first  avia-builder-el-4  el_after_av_one_full  el_before_av_hr  column-top-margin\" style='border-radius:0px; '><section class=\"av_textblock_section \"  itemscope=\"itemscope\" itemtype=\"https:\/\/schema.org\/BlogPosting\" itemprop=\"blogPost\" ><div class='avia_textblock  '   itemprop=\"text\" ><p style=\"text-align: justify;\"><em>Aprendieron sobre sus derechos fundamentales y las principales normas del tr\u00e1nsito ante la proximidad del ingreso a clases.<\/em><\/p>\n<p style=\"text-align: justify;\">En la escuela de verano de Ays\u00e9n \u201cact\u00edvate en vacaciones\u201d, las actividades no se detienen y hacen que cada d\u00eda sea m\u00e1s entretenido para los ni\u00f1os y ni\u00f1as que participan de esta iniciativa, que se desarrolla gracias a la Junta Nacional de Auxilio Escolar y Becas (JUNAEB) y al Servicio Local de Educaci\u00f3n P\u00fablica (SLEP).<\/p>\n<p style=\"text-align: justify;\">En esta oportunidad lleg\u00f3 hasta la escuela poetisa Gabriela Mistral, un equipo de la Oficina Local de la Ni\u00f1ez, quienes con \u201cla ruleta de los derechos\u201d, interactuaron con los participantes de la iniciativa. Tal como detall\u00f3 el gestor territorial de la OLN, Manuel Vera.<\/p>\n<p style=\"text-align: justify;\">\u201cLa oficina local de la Ni\u00f1ez, desde el \u00e1rea de promoci\u00f3n territorial, ha estado desarrollando lo que ha sido, la ruleta de los derechos, la que se ha desplazado por diversos sectores de la comuna de Ays\u00e9n, participando de diferentes instancias y en esta ocasi\u00f3n visit\u00f3 la escuela poetisa Gabriela Mistral, haciendo participe a 30 ni\u00f1os y ni\u00f1as que est\u00e1n dentro de este programa de vacaciones de verano. Explicar que, la ruleta de los derechos consiste en un espacio de entretenimiento, recreaci\u00f3n y esparcimiento donde se trabajan ocho derechos fundamentales de los ni\u00f1os, ni\u00f1as y adolescentes. En ese sentido se hace una interacci\u00f3n a trav\u00e9s del juego, tarjetas y la participaci\u00f3n activa de nuestros ni\u00f1os y ni\u00f1as\u201d.<\/p>\n<p style=\"text-align: justify;\"><strong>Actividad OLN y Patrulla Comunitaria de Carabineros<\/strong><\/p>\n<p style=\"text-align: justify;\">Como una instancia muy enriquecedora, calific\u00f3 Cynthia Arra\u00f1o, dos actividades en las que los ni\u00f1os interactuaron bastante, debido a las caracter\u00edsticas de las iniciativas, una de ellas, tiene que ver con las normativas b\u00e1sicas de transito apoyada por Carabineros y la otra sobre los derechos de ni\u00f1os, ni\u00f1as y adolescentes, donde estuvo presente la OLN de Ays\u00e9n.<\/p>\n<p style=\"text-align: justify;\">\u201cUna actividad en cuanto a la promoci\u00f3n de los derechos de la infancia de ni\u00f1as y ni\u00f1os y adolescentes, una instancia bastante l\u00fadica, jugaron con una ruleta, hubo premios, la verdad es que fue una jornada bien enriquecedora para todos nuestros ni\u00f1os, donde participaron desde los m\u00e1s peque\u00f1os hasta los m\u00e1s grandes. Tambi\u00e9n, paralelo a ello, Carabineros con su Unidad Comunitaria asistieron para darnos algunos \u00e1pices de lo que son las leyes del tr\u00e1nsito, cuidados al peat\u00f3n, etc\u00e9tera\u201d.<\/p>\n<p style=\"text-align: justify;\">Los ni\u00f1os y ni\u00f1as que est\u00e1n en la escuela de verano de Puerto Ays\u00e9n, han sido muy participativos, hacen preguntas, comparten con sus compa\u00f1eros, se interesan en cada una de las charlas, actividades y juegos que se organizan para que ellos.<\/p>\n<\/div><\/section><\/div><div  style='height:50px' class='hr hr-invisible   avia-builder-el-6  el_after_av_one_full  el_before_av_social_share '><span class='hr-inner ' ><span class='hr-inner-style'><\/span><\/span><\/div><\/p>\n<div  class='av-social-sharing-box  avia-builder-el-7  el_after_av_hr  el_before_av_hr  '><div class='av-share-box'><h5 class='av-share-link-description av-no-toc '>Compartir esta noticia<\/h5><ul class='av-share-box-list noLightbox'><li class='av-share-link av-social-link-facebook' ><a target=\"_blank\" aria-label=\"Compartir en Facebook\" href='https:\/\/www.facebook.com\/sharer.php?u=https:\/\/radiorevelacionfm.cl\/?p=50406&#038;t=En%20escuela%20de%20verano%20de%20Ays%C3%A9n%20ni%C3%B1os%2Fas%20interact%C3%BAan%20con%20la%20OLN%20y%20Carabineros%20de%20la%20Patrulla%20Comunitaria' aria-hidden='false' data-av_icon='\ue8f3' data-av_iconfont='entypo-fontello' title='' data-avia-related-tooltip='Compartir en Facebook' rel=\"noopener\"><span class='avia_hidden_link_text'>Compartir en Facebook<\/span><\/a><\/li><li class='av-share-link av-social-link-twitter' ><a target=\"_blank\" aria-label=\"Compartir en Twitter\" href='https:\/\/twitter.com\/share?text=En%20escuela%20de%20verano%20de%20Ays%C3%A9n%20ni%C3%B1os%2Fas%20interact%C3%BAan%20con%20la%20OLN%20y%20Carabineros%20de%20la%20Patrulla%20Comunitaria&#038;url=https:\/\/radiorevelacionfm.cl\/?p=50406' aria-hidden='false' data-av_icon='\ue8f1' data-av_iconfont='entypo-fontello' title='' data-avia-related-tooltip='Compartir en Twitter' rel=\"noopener\"><span class='avia_hidden_link_text'>Compartir en Twitter<\/span><\/a><\/li><li class='av-share-link av-social-link-whatsapp' ><a target=\"_blank\" aria-label=\"Compartir en Whatsapp\" href='https:\/\/api.whatsapp.com\/send?text=https:\/\/radiorevelacionfm.cl\/?p=50406' aria-hidden='false' data-av_icon='\uf232' data-av_iconfont='entypo-fontello' title='' data-avia-related-tooltip='Compartir en Whatsapp' rel=\"noopener\"><span class='avia_hidden_link_text'>Compartir en Whatsapp<\/span><\/a><\/li><li class='av-share-link av-social-link-linkedin' ><a target=\"_blank\" aria-label=\"Compartir en LinkedIn\" href='https:\/\/linkedin.com\/shareArticle?mini=true&#038;title=En%20escuela%20de%20verano%20de%20Ays%C3%A9n%20ni%C3%B1os%2Fas%20interact%C3%BAan%20con%20la%20OLN%20y%20Carabineros%20de%20la%20Patrulla%20Comunitaria&#038;url=https:\/\/radiorevelacionfm.cl\/?p=50406' aria-hidden='false' data-av_icon='\ue8fc' data-av_iconfont='entypo-fontello' title='' data-avia-related-tooltip='Compartir en LinkedIn' rel=\"noopener\"><span class='avia_hidden_link_text'>Compartir en LinkedIn<\/span><\/a><\/li><li class='av-share-link av-social-link-mail' ><a  aria-label=\"Compartir por correo\" href='mailto:?subject=En%20escuela%20de%20verano%20de%20Ays%C3%A9n%20ni%C3%B1os%2Fas%20interact%C3%BAan%20con%20la%20OLN%20y%20Carabineros%20de%20la%20Patrulla%20Comunitaria&#038;body=https:\/\/radiorevelacionfm.cl\/?p=50406' aria-hidden='false' data-av_icon='\ue805' data-av_iconfont='entypo-fontello' title='' data-avia-related-tooltip='Compartir por correo'><span class='avia_hidden_link_text'>Compartir por correo<\/span><\/a><\/li><\/ul><\/div><\/div>\n<div  style='height:50px' class='hr hr-invisible   avia-builder-el-8  el_after_av_social_share  el_before_av_comments_list '><span class='hr-inner ' ><span class='hr-inner-style'><\/span><\/span><\/div>\n<div  class='av-buildercomment  av-blog-meta-html-info-disabled av-blog-meta-tag-disabled  '><\/div>\n","protected":false},"excerpt":{"rendered":"","protected":false},"author":1,"featured_media":50408,"comment_status":"open","ping_status":"open","sticky":false,"template":"","format":"standard","meta":{"footnotes":""},"categories":[38],"tags":[],"class_list":["post-50406","post","type-post","status-publish","format-standard","has-post-thumbnail","hentry","category-regional"],"jetpack_featured_media_url":"https:\/\/radiorevelacionfm.cl\/wp-content\/uploads\/2025\/02\/OLN-ESC-VERANO-4-1-1.jpeg","_links":{"self":[{"href":"https:\/\/radiorevelacionfm.cl\/index.php?rest_route=\/wp\/v2\/posts\/50406","targetHints":{"allow":["GET"]}}],"collection":[{"href":"https:\/\/radiorevelacionfm.cl\/index.php?rest_route=\/wp\/v2\/posts"}],"about":[{"href":"https:\/\/radiorevelacionfm.cl\/index.php?rest_route=\/wp\/v2\/types\/post"}],"author":[{"embeddable":true,"href":"https:\/\/radiorevelacionfm.cl\/index.php?rest_route=\/wp\/v2\/users\/1"}],"replies":[{"embeddable":true,"href":"https:\/\/radiorevelacionfm.cl\/index.php?rest_route=%2Fwp%2Fv2%2Fcomments&post=50406"}],"version-history":[{"count":1,"href":"https:\/\/radiorevelacionfm.cl\/index.php?rest_route=\/wp\/v2\/posts\/50406\/revisions"}],"predecessor-version":[{"id":50409,"href":"https:\/\/radiorevelacionfm.cl\/index.php?rest_route=\/wp\/v2\/posts\/50406\/revisions\/50409"}],"wp:featuredmedia":[{"embeddable":true,"href":"https:\/\/radiorevelacionfm.cl\/index.php?rest_route=\/wp\/v2\/media\/50408"}],"wp:attachment":[{"href":"https:\/\/radiorevelacionfm.cl\/index.php?rest_route=%2Fwp%2Fv2%2Fmedia&parent=50406"}],"wp:term":[{"taxonomy":"category","embeddable":true,"href":"https:\/\/radiorevelacionfm.cl\/index.php?rest_route=%2Fwp%2Fv2%2Fcategories&post=50406"},{"taxonomy":"post_tag","embeddable":true,"href":"https:\/\/radiorevelacionfm.cl\/index.php?rest_route=%2Fwp%2Fv2%2Ftags&post=50406"}],"curies":[{"name":"wp","href":"https:\/\/api.w.org\/{rel}","templated":true}]}}