{"id":50403,"date":"2025-02-07T10:22:55","date_gmt":"2025-02-07T13:22:55","guid":{"rendered":"https:\/\/radiorevelacionfm.cl\/?p=50403"},"modified":"2025-02-07T10:22:55","modified_gmt":"2025-02-07T13:22:55","slug":"mowi-celebro-el-aniversario-de-puerto-aysen-con-actividades-dirigidas-a-la-comunidad-local","status":"publish","type":"post","link":"https:\/\/radiorevelacionfm.cl\/?p=50403","title":{"rendered":"Mowi celebr\u00f3 el aniversario de Puerto Ays\u00e9n con actividades dirigidas a la comunidad local"},"content":{"rendered":"<div class=\"flex_column av_one_full  flex_column_div av-zero-column-padding first  avia-builder-el-0  el_before_av_one_full  avia-builder-el-first  \" style='border-radius:0px; '><div  class='avia-image-container  av-styling-    avia-builder-el-1  avia-builder-el-no-sibling  avia-align-center '  itemprop=\"image\" itemscope=\"itemscope\" itemtype=\"https:\/\/schema.org\/ImageObject\"  ><div class='avia-image-container-inner'><div class='avia-image-overlay-wrap'><img decoding=\"async\" class='wp-image-50404 avia-img-lazy-loading-not-50404 avia_image' src=\"https:\/\/radiorevelacionfm.cl\/wp-content\/uploads\/2025\/02\/WhatsApp-Image-2025-02-03-at-14.40.55-1-1.jpeg\" alt='' title='WhatsApp Image 2025-02-03 at 14.40.55 (1) (1)' height=\"600\" width=\"800\"  itemprop=\"thumbnailUrl\" srcset=\"https:\/\/radiorevelacionfm.cl\/wp-content\/uploads\/2025\/02\/WhatsApp-Image-2025-02-03-at-14.40.55-1-1.jpeg 800w, https:\/\/radiorevelacionfm.cl\/wp-content\/uploads\/2025\/02\/WhatsApp-Image-2025-02-03-at-14.40.55-1-1-300x225.jpeg 300w, https:\/\/radiorevelacionfm.cl\/wp-content\/uploads\/2025\/02\/WhatsApp-Image-2025-02-03-at-14.40.55-1-1-768x576.jpeg 768w, https:\/\/radiorevelacionfm.cl\/wp-content\/uploads\/2025\/02\/WhatsApp-Image-2025-02-03-at-14.40.55-1-1-705x529.jpeg 705w, https:\/\/radiorevelacionfm.cl\/wp-content\/uploads\/2025\/02\/WhatsApp-Image-2025-02-03-at-14.40.55-1-1-450x338.jpeg 450w, https:\/\/radiorevelacionfm.cl\/wp-content\/uploads\/2025\/02\/WhatsApp-Image-2025-02-03-at-14.40.55-1-1-600x450.jpeg 600w\" sizes=\"(max-width: 800px) 100vw, 800px\" \/><\/div><\/div><\/div><\/div><div class=\"flex_column av_one_full  flex_column_div av-zero-column-padding first  avia-builder-el-2  el_after_av_one_full  el_before_av_one_full  column-top-margin\" style='border-radius:0px; '><section class=\"av_textblock_section \"  itemscope=\"itemscope\" itemtype=\"https:\/\/schema.org\/BlogPosting\" itemprop=\"blogPost\" ><div class='avia_textblock  '   itemprop=\"text\" ><p style=\"text-align: center;\"><strong><span style=\"font-size: 18pt;\">Mowi celebr\u00f3 el aniversario de Puerto Ays\u00e9n con actividades dirigidas a la comunidad local<\/span><\/strong><\/p>\n<div id=\"gtx-trans\" style=\"position: absolute; left: -50px; top: 4.31534px;\">\n<div class=\"gtx-trans-icon\"><\/div>\n<\/div>\n<\/div><\/section><\/div><div class=\"flex_column av_one_full  flex_column_div av-zero-column-padding first  avia-builder-el-4  el_after_av_one_full  el_before_av_hr  column-top-margin\" style='border-radius:0px; '><section class=\"av_textblock_section \"  itemscope=\"itemscope\" itemtype=\"https:\/\/schema.org\/BlogPosting\" itemprop=\"blogPost\" ><div class='avia_textblock  '   itemprop=\"text\" ><p style=\"text-align: justify;\"><em>Los festejos incluyeron la presentaci\u00f3n a cargo del grupo Chilote \u201cLos de la Isla\u201d, cocina en vivo y variadas degustaciones.<\/em><\/p>\n<p style=\"text-align: justify;\">En una celebraci\u00f3n que ya se ha convertido en tradici\u00f3n, Mowi Chile se uni\u00f3 al entusiasmo de los habitantes de Puerto Ays\u00e9n para conmemorar su 97\u00ba aniversario. Este a\u00f1o, la festividad, organizada por la Ilustre Municipalidad de Ays\u00e9n, ofreci\u00f3 un abanico de actividades que cautivaron a la comunidad. Desde espect\u00e1culos musicales protagonizados por talentosos artistas regionales hasta emotivos encuentros con los adultos mayores de Ays\u00e9n y Chacabuco, adem\u00e1s de actividades deportivas.<\/p>\n<p style=\"text-align: justify;\">En este contexto, el pasado 28 de enero, en el Parque Municipal Isla D\u00edaz, se llev\u00f3 a cabo la Feria Productiva, organizada por el municipio local, actividad que cont\u00f3 con la presentaci\u00f3n del grupo Chilote \u201cLos de la Isla\u201d, auspiciado por Mowi Chile y una entretenida demostraci\u00f3n de cocina en vivo a cargo del chef Rudy Ojeda, quien deleit\u00f3 a todos con sus ricas preparaciones de ceviche y sashimi.<\/p>\n<p style=\"text-align: justify;\">Frente a ello, el alcalde de la comuna de Ays\u00e9n, Luis Mart\u00ednez Gallardo, agradeci\u00f3 la disposici\u00f3n de la compa\u00f1\u00eda para colaborar con estos espacios e impulsar las actividades que van dirigidas al bienestar de la comunidad. \u201cDesde el municipio estamos siempre abiertos a vincularnos con el sector privado y generar lazos que van de la mano con el desarrollo de la gente de Ays\u00e9n\u201d.<\/p>\n<p style=\"text-align: justify;\">Por su parte, el gerente de Sustentabilidad y Asuntos P\u00fablicos de Mowi Chile, \u00c1lvaro P\u00e9rez, expres\u00f3 su satisfacci\u00f3n por estar presente en esta significativa ocasi\u00f3n:\u00a0 \u201cCreemos que es esencial ser parte activa de los momentos que la comunidad disfruta. Estas experiencias no solo nos brindan la oportunidad de compartir y celebrar juntos, sino que tambi\u00e9n nos permiten fortalecer los lazos con la comunidad de Ays\u00e9n y su entorno y responde a la estrategia de sustentabilidad de la compa\u00f1\u00eda\u201d.<\/p>\n<p style=\"text-align: justify;\">Nathaly Taruman, asistente a la celebraci\u00f3n en el Parque Municipal Isla D\u00edaz, \u00a0asegur\u00f3 que para ella el broche de oro fueron las preparaciones a base de ceviche. \u201cMuy entretenida la actividad y muy ricas las recetas. Es la primera vez que pruebo el Sashimi y est\u00e1 todo muy bien preparado. Agradezco que en Ays\u00e9n se preocupen por impulsar este tipo de instancias tan entretenidas\u201d, destac\u00f3.<\/p>\n<p style=\"text-align: justify;\"><strong><u>Mowi presente en el deporte y vida sana <\/u><\/strong><\/p>\n<p style=\"text-align: justify;\">Otros de los aportes que hizo la compa\u00f1\u00eda para apoyar las diversas celebraciones fue patrocinar el Encuentro Deportivo Nacional de F\u00fatbol Rural, ANFUR, que se efectu\u00f3 entre el 25 de enero y el 1 de febrero en Ays\u00e9n. El campeonato reuni\u00f3 a 16 equipos de todo el pa\u00eds y tambi\u00e9n cont\u00f3 con el apoyo del Concejo Municipal de Ays\u00e9n para su realizaci\u00f3n.<\/p>\n<p style=\"text-align: justify;\">Gustavo Villarroel, presidente nacional de ANFUR, destac\u00f3 el trabajo p\u00fablico-privado realizado para estas celebraciones. \u201cQueremos agradecer la gesti\u00f3n del alcalde, del concejo municipal y de todos los funcionarios que aportaron a este evento. Tambi\u00e9n queremos reconocer al sector privado y en particular a Mowi Chile ya que tuvo un gran aporte en el desarrollo de las distintas actividades de este campeonato deportivo enmarcado en el aniversario de Puerto Ays\u00e9n y que coron\u00f3 al Club Deportivo Juventud Riquelme de Limache\u201d.<\/p>\n<p style=\"text-align: justify;\"><strong><u>Fiesta Dorada<\/u><\/strong><\/p>\n<p style=\"text-align: justify;\">El lunes 27 de enero se realiz\u00f3, por tercera vez, la versi\u00f3n de la Fiesta Dorada, organizada por la Uni\u00f3n Comunal de Adultos Mayores de Ays\u00e9n (UCAM) y Mowi. En la ocasi\u00f3n, los asistentes disfrutaron de un rico curanto y cont\u00f3 con una alta participaci\u00f3n de adultos mayores de Ays\u00e9n y Puerto Chacabuco.<\/p>\n<p style=\"text-align: justify;\">Rudelinda Vargas, miembro del Club de Adultos Mayores \u201cLos Laureles\u201d de Ays\u00e9n, agradeci\u00f3 a Mowi la preocupaci\u00f3n que ha tenido por incorporar a los adultos mayores en actividades miscel\u00e1neas: \u201cla empresa siempre nos ha tomado en consideraci\u00f3n y nos ha insertado en la comunidad\u201d, reconoci\u00f3.<\/p>\n<\/div><\/section><\/div><div  style='height:50px' class='hr hr-invisible   avia-builder-el-6  el_after_av_one_full  el_before_av_social_share '><span class='hr-inner ' ><span class='hr-inner-style'><\/span><\/span><\/div><\/p>\n<div  class='av-social-sharing-box  avia-builder-el-7  el_after_av_hr  el_before_av_hr  '><div class='av-share-box'><h5 class='av-share-link-description av-no-toc '>Compartir esta noticia<\/h5><ul class='av-share-box-list noLightbox'><li class='av-share-link av-social-link-facebook' ><a target=\"_blank\" aria-label=\"Compartir en Facebook\" href='https:\/\/www.facebook.com\/sharer.php?u=https:\/\/radiorevelacionfm.cl\/?p=50403&#038;t=Mowi%20celebr%C3%B3%20el%20aniversario%20de%20Puerto%20Ays%C3%A9n%20con%20actividades%20dirigidas%20a%20la%20comunidad%20local' aria-hidden='false' data-av_icon='\ue8f3' data-av_iconfont='entypo-fontello' title='' data-avia-related-tooltip='Compartir en Facebook' rel=\"noopener\"><span class='avia_hidden_link_text'>Compartir en Facebook<\/span><\/a><\/li><li class='av-share-link av-social-link-twitter' ><a target=\"_blank\" aria-label=\"Compartir en Twitter\" href='https:\/\/twitter.com\/share?text=Mowi%20celebr%C3%B3%20el%20aniversario%20de%20Puerto%20Ays%C3%A9n%20con%20actividades%20dirigidas%20a%20la%20comunidad%20local&#038;url=https:\/\/radiorevelacionfm.cl\/?p=50403' aria-hidden='false' data-av_icon='\ue8f1' data-av_iconfont='entypo-fontello' title='' data-avia-related-tooltip='Compartir en Twitter' rel=\"noopener\"><span class='avia_hidden_link_text'>Compartir en Twitter<\/span><\/a><\/li><li class='av-share-link av-social-link-whatsapp' ><a target=\"_blank\" aria-label=\"Compartir en Whatsapp\" href='https:\/\/api.whatsapp.com\/send?text=https:\/\/radiorevelacionfm.cl\/?p=50403' aria-hidden='false' data-av_icon='\uf232' data-av_iconfont='entypo-fontello' title='' data-avia-related-tooltip='Compartir en Whatsapp' rel=\"noopener\"><span class='avia_hidden_link_text'>Compartir en Whatsapp<\/span><\/a><\/li><li class='av-share-link av-social-link-linkedin' ><a target=\"_blank\" aria-label=\"Compartir en LinkedIn\" href='https:\/\/linkedin.com\/shareArticle?mini=true&#038;title=Mowi%20celebr%C3%B3%20el%20aniversario%20de%20Puerto%20Ays%C3%A9n%20con%20actividades%20dirigidas%20a%20la%20comunidad%20local&#038;url=https:\/\/radiorevelacionfm.cl\/?p=50403' aria-hidden='false' data-av_icon='\ue8fc' data-av_iconfont='entypo-fontello' title='' data-avia-related-tooltip='Compartir en LinkedIn' rel=\"noopener\"><span class='avia_hidden_link_text'>Compartir en LinkedIn<\/span><\/a><\/li><li class='av-share-link av-social-link-mail' ><a  aria-label=\"Compartir por correo\" href='mailto:?subject=Mowi%20celebr%C3%B3%20el%20aniversario%20de%20Puerto%20Ays%C3%A9n%20con%20actividades%20dirigidas%20a%20la%20comunidad%20local&#038;body=https:\/\/radiorevelacionfm.cl\/?p=50403' aria-hidden='false' data-av_icon='\ue805' data-av_iconfont='entypo-fontello' title='' data-avia-related-tooltip='Compartir por correo'><span class='avia_hidden_link_text'>Compartir por correo<\/span><\/a><\/li><\/ul><\/div><\/div>\n<div  style='height:50px' class='hr hr-invisible   avia-builder-el-8  el_after_av_social_share  el_before_av_comments_list '><span class='hr-inner ' ><span class='hr-inner-style'><\/span><\/span><\/div>\n<div  class='av-buildercomment  av-blog-meta-html-info-disabled av-blog-meta-tag-disabled  '><\/div>\n","protected":false},"excerpt":{"rendered":"","protected":false},"author":1,"featured_media":50404,"comment_status":"open","ping_status":"open","sticky":false,"template":"","format":"standard","meta":{"footnotes":""},"categories":[38],"tags":[],"class_list":["post-50403","post","type-post","status-publish","format-standard","has-post-thumbnail","hentry","category-regional"],"jetpack_featured_media_url":"https:\/\/radiorevelacionfm.cl\/wp-content\/uploads\/2025\/02\/WhatsApp-Image-2025-02-03-at-14.40.55-1-1.jpeg","_links":{"self":[{"href":"https:\/\/radiorevelacionfm.cl\/index.php?rest_route=\/wp\/v2\/posts\/50403","targetHints":{"allow":["GET"]}}],"collection":[{"href":"https:\/\/radiorevelacionfm.cl\/index.php?rest_route=\/wp\/v2\/posts"}],"about":[{"href":"https:\/\/radiorevelacionfm.cl\/index.php?rest_route=\/wp\/v2\/types\/post"}],"author":[{"embeddable":true,"href":"https:\/\/radiorevelacionfm.cl\/index.php?rest_route=\/wp\/v2\/users\/1"}],"replies":[{"embeddable":true,"href":"https:\/\/radiorevelacionfm.cl\/index.php?rest_route=%2Fwp%2Fv2%2Fcomments&post=50403"}],"version-history":[{"count":1,"href":"https:\/\/radiorevelacionfm.cl\/index.php?rest_route=\/wp\/v2\/posts\/50403\/revisions"}],"predecessor-version":[{"id":50405,"href":"https:\/\/radiorevelacionfm.cl\/index.php?rest_route=\/wp\/v2\/posts\/50403\/revisions\/50405"}],"wp:featuredmedia":[{"embeddable":true,"href":"https:\/\/radiorevelacionfm.cl\/index.php?rest_route=\/wp\/v2\/media\/50404"}],"wp:attachment":[{"href":"https:\/\/radiorevelacionfm.cl\/index.php?rest_route=%2Fwp%2Fv2%2Fmedia&parent=50403"}],"wp:term":[{"taxonomy":"category","embeddable":true,"href":"https:\/\/radiorevelacionfm.cl\/index.php?rest_route=%2Fwp%2Fv2%2Fcategories&post=50403"},{"taxonomy":"post_tag","embeddable":true,"href":"https:\/\/radiorevelacionfm.cl\/index.php?rest_route=%2Fwp%2Fv2%2Ftags&post=50403"}],"curies":[{"name":"wp","href":"https:\/\/api.w.org\/{rel}","templated":true}]}}