{"id":50395,"date":"2025-02-06T18:51:18","date_gmt":"2025-02-06T21:51:18","guid":{"rendered":"https:\/\/radiorevelacionfm.cl\/?p=50395"},"modified":"2025-02-06T18:51:18","modified_gmt":"2025-02-06T21:51:18","slug":"ninos-as-del-programa-activate-en-verano-de-aysen-disfrutaron-de-entretenidas-actividad-en-bahia-acantilada","status":"publish","type":"post","link":"https:\/\/radiorevelacionfm.cl\/?p=50395","title":{"rendered":"Ni\u00f1os\/as del programa \u201cAct\u00edvate en Verano\u201d de Ays\u00e9n disfrutaron de entretenidas actividad en Bah\u00eda Acantilada"},"content":{"rendered":"<div class=\"flex_column av_one_full  flex_column_div av-zero-column-padding first  avia-builder-el-0  el_before_av_one_full  avia-builder-el-first  \" style='border-radius:0px; '><div  class='avia-image-container  av-styling-    avia-builder-el-1  avia-builder-el-no-sibling  avia-align-center '  itemprop=\"image\" itemscope=\"itemscope\" itemtype=\"https:\/\/schema.org\/ImageObject\"  ><div class='avia-image-container-inner'><div class='avia-image-overlay-wrap'><img decoding=\"async\" class='wp-image-50396 avia-img-lazy-loading-not-50396 avia_image' src=\"https:\/\/radiorevelacionfm.cl\/wp-content\/uploads\/2025\/02\/BAHIA-ACANTILADA-ESC-VERANO-6-1-1.jpeg\" alt='' title='BAHIA ACANTILADA ESC VERANO 6 (1) (1)' height=\"600\" width=\"800\"  itemprop=\"thumbnailUrl\" srcset=\"https:\/\/radiorevelacionfm.cl\/wp-content\/uploads\/2025\/02\/BAHIA-ACANTILADA-ESC-VERANO-6-1-1.jpeg 800w, https:\/\/radiorevelacionfm.cl\/wp-content\/uploads\/2025\/02\/BAHIA-ACANTILADA-ESC-VERANO-6-1-1-300x225.jpeg 300w, https:\/\/radiorevelacionfm.cl\/wp-content\/uploads\/2025\/02\/BAHIA-ACANTILADA-ESC-VERANO-6-1-1-768x576.jpeg 768w, https:\/\/radiorevelacionfm.cl\/wp-content\/uploads\/2025\/02\/BAHIA-ACANTILADA-ESC-VERANO-6-1-1-705x529.jpeg 705w, https:\/\/radiorevelacionfm.cl\/wp-content\/uploads\/2025\/02\/BAHIA-ACANTILADA-ESC-VERANO-6-1-1-450x338.jpeg 450w, https:\/\/radiorevelacionfm.cl\/wp-content\/uploads\/2025\/02\/BAHIA-ACANTILADA-ESC-VERANO-6-1-1-600x450.jpeg 600w\" sizes=\"(max-width: 800px) 100vw, 800px\" \/><\/div><\/div><\/div><\/div><div class=\"flex_column av_one_full  flex_column_div av-zero-column-padding first  avia-builder-el-2  el_after_av_one_full  el_before_av_one_full  column-top-margin\" style='border-radius:0px; '><section class=\"av_textblock_section \"  itemscope=\"itemscope\" itemtype=\"https:\/\/schema.org\/BlogPosting\" itemprop=\"blogPost\" ><div class='avia_textblock  '   itemprop=\"text\" ><p style=\"text-align: center;\"><strong><span style=\"font-size: 18pt;\">Ni\u00f1os\/as del programa \u201cAct\u00edvate en Verano\u201d de Ays\u00e9n disfrutaron de entretenidas actividad en Bah\u00eda Acantilada<\/span><\/strong><\/p>\n<div id=\"gtx-trans\" style=\"position: absolute; left: -50px; top: 4.31534px;\">\n<div class=\"gtx-trans-icon\"><\/div>\n<\/div>\n<\/div><\/section><\/div><div class=\"flex_column av_one_full  flex_column_div av-zero-column-padding first  avia-builder-el-4  el_after_av_one_full  el_before_av_hr  column-top-margin\" style='border-radius:0px; '><section class=\"av_textblock_section \"  itemscope=\"itemscope\" itemtype=\"https:\/\/schema.org\/BlogPosting\" itemprop=\"blogPost\" ><div class='avia_textblock  '   itemprop=\"text\" ><p style=\"text-align: justify;\">Todo un \u00e9xito ha resultado el programa \u201cAct\u00edvate en Verano\u201d, que se desarrolla en la escuela Poetisa Gabriela Mistral de Puerto Ays\u00e9n, avanzan los d\u00edas, los cupos est\u00e1n casi repletos y las actividades no se detienen, cada vez m\u00e1s entretenidas y educativas, con clases l\u00fadicas y muy interactivas.<\/p>\n<p style=\"text-align: justify;\">Esta iniciativa que ejecuta el Servicio Local de Educaci\u00f3n con fondos de Junaeb, se ha convertido en la instancia propicia para que los ni\u00f1os y ni\u00f1as suelten por varias horas el tel\u00e9fono, los videojuegos, el computador y puedan interactuar con sus pares aprendiendo, disciplinas deportivas, artes, yoga, baile \u00e1rabe, manualidades, entre otras actividades.<\/p>\n<p style=\"text-align: justify;\">Adem\u00e1s, una vez por semana, conocen o recorren alg\u00fan sector atractivo, tur\u00edstico y que los conecte con la naturaleza. Es as\u00ed que, recientemente estuvieron en Bah\u00eda Acantilada, donde jugaron, se entretuvieron y continuaron aprendiendo. As\u00ed lo destacaba Cynthia Arra\u00f1o, coordinadora del programa en Puerto Ays\u00e9n.<\/p>\n<p style=\"text-align: justify;\">\u201cLa escuela de verano Ays\u00e9n, Act\u00edvate en Vacaciones, tiene contempladas salidas pedag\u00f3gicas y recreativas a lugares de atractivo e inter\u00e9s en nuestra comuna y as\u00ed fue nuestra primera salida al sector del balneario Bah\u00eda Acantilada de nuestra ciudad. Actividad realizada con mucho \u00e9xito, pese a que de repente las condiciones clim\u00e1ticas son un poquito adversas, aun as\u00ed, los ni\u00f1os pudieron disfrutar de una ma\u00f1ana recreativa, l\u00fadica, de juegos, con conexi\u00f3n a la naturaleza muy importante tambi\u00e9n, para salir un poquito del espacio f\u00edsico en el que nos encontramos dentro de la escuela\u201d.<\/p>\n<p style=\"text-align: justify;\">Cynthia Arra\u00f1o, destac\u00f3 tambi\u00e9n la compa\u00f1\u00eda de las profesionales que son parte de la escuela de verano, ya que, los ni\u00f1os y ni\u00f1as se encontraron con flora y fauna desconocida para ellos, por lo tanto, estas son instancias tambi\u00e9n educativas. \u201cS\u00ed, totalmente, ya sea con nuestra docente de deporte, tambi\u00e9n hicimos una caminata al mirador Mart\u00edn Pescador, pudimos destacar la fauna y la flora que se encuentra en el lugar y los chicos tambi\u00e9n conect\u00e1ndose con el agua que les encanta, vieron hasta cangrejos, as\u00ed que estaban fascinados. Fue una linda experiencia y muchas veces poco accesible para las familias, pese a que viv\u00edamos en la localidad\u201d.<\/p>\n<p style=\"text-align: justify;\">Una de las ni\u00f1as que fue parte de esta experiencia y que participa activamente en la escuela de verano, Leonor Aguirre, se mostr\u00f3 feliz de haber compartido con sus compa\u00f1eros esta instancia. \u201cBien, fue incre\u00edble. S\u00ed me gust\u00f3, encontramos cangrejos y estaban vivos y se mov\u00edan mucho. S\u00ed, estaba bonito, nos metimos al agua, pero los pies no m\u00e1s y algunos ni\u00f1os se mojaron enteros. Los invito, podr\u00edan venir al taller de verano y pasarlo bien\u201d.<\/p>\n<p style=\"text-align: justify;\">La pr\u00f3xima salida se realizar\u00e1 a la Reserva Rio Simpson, todo bajo las medidas de cuidado y protecci\u00f3n a los ni\u00f1os y ni\u00f1as que son parte de la escuela de verano \u201cAct\u00edvate en Vacaciones\u201d que se realiza en Puerto Ays\u00e9n.<\/p>\n<\/div><\/section><\/div><div  style='height:50px' class='hr hr-invisible   avia-builder-el-6  el_after_av_one_full  el_before_av_social_share '><span class='hr-inner ' ><span class='hr-inner-style'><\/span><\/span><\/div><\/p>\n<div  class='av-social-sharing-box  avia-builder-el-7  el_after_av_hr  el_before_av_hr  '><div class='av-share-box'><h5 class='av-share-link-description av-no-toc '>Compartir esta noticia<\/h5><ul class='av-share-box-list noLightbox'><li class='av-share-link av-social-link-facebook' ><a target=\"_blank\" aria-label=\"Compartir en Facebook\" href='https:\/\/www.facebook.com\/sharer.php?u=https:\/\/radiorevelacionfm.cl\/?p=50395&#038;t=Ni%C3%B1os%2Fas%20del%20programa%20%E2%80%9CAct%C3%ADvate%20en%20Verano%E2%80%9D%20de%20Ays%C3%A9n%20disfrutaron%20de%20entretenidas%20actividad%20en%20Bah%C3%ADa%20Acantilada' aria-hidden='false' data-av_icon='\ue8f3' data-av_iconfont='entypo-fontello' title='' data-avia-related-tooltip='Compartir en Facebook' rel=\"noopener\"><span class='avia_hidden_link_text'>Compartir en Facebook<\/span><\/a><\/li><li class='av-share-link av-social-link-twitter' ><a target=\"_blank\" aria-label=\"Compartir en Twitter\" href='https:\/\/twitter.com\/share?text=Ni%C3%B1os%2Fas%20del%20programa%20%E2%80%9CAct%C3%ADvate%20en%20Verano%E2%80%9D%20de%20Ays%C3%A9n%20disfrutaron%20de%20entretenidas%20actividad%20en%20Bah%C3%ADa%20Acantilada&#038;url=https:\/\/radiorevelacionfm.cl\/?p=50395' aria-hidden='false' data-av_icon='\ue8f1' data-av_iconfont='entypo-fontello' title='' data-avia-related-tooltip='Compartir en Twitter' rel=\"noopener\"><span class='avia_hidden_link_text'>Compartir en Twitter<\/span><\/a><\/li><li class='av-share-link av-social-link-whatsapp' ><a target=\"_blank\" aria-label=\"Compartir en Whatsapp\" href='https:\/\/api.whatsapp.com\/send?text=https:\/\/radiorevelacionfm.cl\/?p=50395' aria-hidden='false' data-av_icon='\uf232' data-av_iconfont='entypo-fontello' title='' data-avia-related-tooltip='Compartir en Whatsapp' rel=\"noopener\"><span class='avia_hidden_link_text'>Compartir en Whatsapp<\/span><\/a><\/li><li class='av-share-link av-social-link-linkedin' ><a target=\"_blank\" aria-label=\"Compartir en LinkedIn\" href='https:\/\/linkedin.com\/shareArticle?mini=true&#038;title=Ni%C3%B1os%2Fas%20del%20programa%20%E2%80%9CAct%C3%ADvate%20en%20Verano%E2%80%9D%20de%20Ays%C3%A9n%20disfrutaron%20de%20entretenidas%20actividad%20en%20Bah%C3%ADa%20Acantilada&#038;url=https:\/\/radiorevelacionfm.cl\/?p=50395' aria-hidden='false' data-av_icon='\ue8fc' data-av_iconfont='entypo-fontello' title='' data-avia-related-tooltip='Compartir en LinkedIn' rel=\"noopener\"><span class='avia_hidden_link_text'>Compartir en LinkedIn<\/span><\/a><\/li><li class='av-share-link av-social-link-mail' ><a  aria-label=\"Compartir por correo\" href='mailto:?subject=Ni%C3%B1os%2Fas%20del%20programa%20%E2%80%9CAct%C3%ADvate%20en%20Verano%E2%80%9D%20de%20Ays%C3%A9n%20disfrutaron%20de%20entretenidas%20actividad%20en%20Bah%C3%ADa%20Acantilada&#038;body=https:\/\/radiorevelacionfm.cl\/?p=50395' aria-hidden='false' data-av_icon='\ue805' data-av_iconfont='entypo-fontello' title='' data-avia-related-tooltip='Compartir por correo'><span class='avia_hidden_link_text'>Compartir por correo<\/span><\/a><\/li><\/ul><\/div><\/div>\n<div  style='height:50px' class='hr hr-invisible   avia-builder-el-8  el_after_av_social_share  el_before_av_comments_list '><span class='hr-inner ' ><span class='hr-inner-style'><\/span><\/span><\/div>\n<div  class='av-buildercomment  av-blog-meta-html-info-disabled av-blog-meta-tag-disabled  '><\/div>\n","protected":false},"excerpt":{"rendered":"","protected":false},"author":1,"featured_media":50396,"comment_status":"open","ping_status":"open","sticky":false,"template":"","format":"standard","meta":{"footnotes":""},"categories":[38],"tags":[],"class_list":["post-50395","post","type-post","status-publish","format-standard","has-post-thumbnail","hentry","category-regional"],"jetpack_featured_media_url":"https:\/\/radiorevelacionfm.cl\/wp-content\/uploads\/2025\/02\/BAHIA-ACANTILADA-ESC-VERANO-6-1-1.jpeg","_links":{"self":[{"href":"https:\/\/radiorevelacionfm.cl\/index.php?rest_route=\/wp\/v2\/posts\/50395","targetHints":{"allow":["GET"]}}],"collection":[{"href":"https:\/\/radiorevelacionfm.cl\/index.php?rest_route=\/wp\/v2\/posts"}],"about":[{"href":"https:\/\/radiorevelacionfm.cl\/index.php?rest_route=\/wp\/v2\/types\/post"}],"author":[{"embeddable":true,"href":"https:\/\/radiorevelacionfm.cl\/index.php?rest_route=\/wp\/v2\/users\/1"}],"replies":[{"embeddable":true,"href":"https:\/\/radiorevelacionfm.cl\/index.php?rest_route=%2Fwp%2Fv2%2Fcomments&post=50395"}],"version-history":[{"count":1,"href":"https:\/\/radiorevelacionfm.cl\/index.php?rest_route=\/wp\/v2\/posts\/50395\/revisions"}],"predecessor-version":[{"id":50397,"href":"https:\/\/radiorevelacionfm.cl\/index.php?rest_route=\/wp\/v2\/posts\/50395\/revisions\/50397"}],"wp:featuredmedia":[{"embeddable":true,"href":"https:\/\/radiorevelacionfm.cl\/index.php?rest_route=\/wp\/v2\/media\/50396"}],"wp:attachment":[{"href":"https:\/\/radiorevelacionfm.cl\/index.php?rest_route=%2Fwp%2Fv2%2Fmedia&parent=50395"}],"wp:term":[{"taxonomy":"category","embeddable":true,"href":"https:\/\/radiorevelacionfm.cl\/index.php?rest_route=%2Fwp%2Fv2%2Fcategories&post=50395"},{"taxonomy":"post_tag","embeddable":true,"href":"https:\/\/radiorevelacionfm.cl\/index.php?rest_route=%2Fwp%2Fv2%2Ftags&post=50395"}],"curies":[{"name":"wp","href":"https:\/\/api.w.org\/{rel}","templated":true}]}}