{"id":50391,"date":"2025-02-07T09:56:17","date_gmt":"2025-02-07T12:56:17","guid":{"rendered":"https:\/\/radiorevelacionfm.cl\/?p=50391"},"modified":"2025-02-07T09:56:17","modified_gmt":"2025-02-07T12:56:17","slug":"estudiantes-del-cft-estatal-de-la-region-valoran-capacitaciones-que-suman-conocimientos-para-el-diario-vivir","status":"publish","type":"post","link":"https:\/\/radiorevelacionfm.cl\/?p=50391","title":{"rendered":"Estudiantes del CFT Estatal de la regi\u00f3n valoran capacitaciones que suman conocimientos para el diario vivir"},"content":{"rendered":"<div class=\"flex_column av_one_full  flex_column_div av-zero-column-padding first  avia-builder-el-0  el_before_av_one_full  avia-builder-el-first  \" style='border-radius:0px; '><div  class='avia-image-container  av-styling-    avia-builder-el-1  avia-builder-el-no-sibling  avia-align-center '  itemprop=\"image\" itemscope=\"itemscope\" itemtype=\"https:\/\/schema.org\/ImageObject\"  ><div class='avia-image-container-inner'><div class='avia-image-overlay-wrap'><img decoding=\"async\" class='wp-image-50392 avia-img-lazy-loading-not-50392 avia_image' src=\"https:\/\/radiorevelacionfm.cl\/wp-content\/uploads\/2025\/02\/certificaciOn-cursos-cft-1_optimized-1.jpg\" alt='' title='certificaci\u00d3n-cursos-cft-(1)_optimized (1)' height=\"600\" width=\"1067\"  itemprop=\"thumbnailUrl\" srcset=\"https:\/\/radiorevelacionfm.cl\/wp-content\/uploads\/2025\/02\/certificaciOn-cursos-cft-1_optimized-1.jpg 1067w, https:\/\/radiorevelacionfm.cl\/wp-content\/uploads\/2025\/02\/certificaciOn-cursos-cft-1_optimized-1-300x169.jpg 300w, https:\/\/radiorevelacionfm.cl\/wp-content\/uploads\/2025\/02\/certificaciOn-cursos-cft-1_optimized-1-1030x579.jpg 1030w, https:\/\/radiorevelacionfm.cl\/wp-content\/uploads\/2025\/02\/certificaciOn-cursos-cft-1_optimized-1-768x432.jpg 768w, https:\/\/radiorevelacionfm.cl\/wp-content\/uploads\/2025\/02\/certificaciOn-cursos-cft-1_optimized-1-705x396.jpg 705w, https:\/\/radiorevelacionfm.cl\/wp-content\/uploads\/2025\/02\/certificaciOn-cursos-cft-1_optimized-1-450x253.jpg 450w, https:\/\/radiorevelacionfm.cl\/wp-content\/uploads\/2025\/02\/certificaciOn-cursos-cft-1_optimized-1-600x337.jpg 600w\" sizes=\"(max-width: 1067px) 100vw, 1067px\" \/><\/div><\/div><\/div><\/div><div class=\"flex_column av_one_full  flex_column_div av-zero-column-padding first  avia-builder-el-2  el_after_av_one_full  el_before_av_one_full  column-top-margin\" style='border-radius:0px; '><section class=\"av_textblock_section \"  itemscope=\"itemscope\" itemtype=\"https:\/\/schema.org\/BlogPosting\" itemprop=\"blogPost\" ><div class='avia_textblock  '   itemprop=\"text\" ><p style=\"text-align: center;\"><strong><span style=\"font-size: 18pt;\">Estudiantes del CFT Estatal de la regi\u00f3n valoran capacitaciones que suman conocimientos para el diario vivir <\/span><\/strong><\/p>\n<div id=\"gtx-trans\" style=\"position: absolute; left: -50px; top: 4.31534px;\">\n<div class=\"gtx-trans-icon\"><\/div>\n<\/div>\n<\/div><\/section><\/div><div class=\"flex_column av_one_full  flex_column_div av-zero-column-padding first  avia-builder-el-4  el_after_av_one_full  el_before_av_hr  column-top-margin\" style='border-radius:0px; '><section class=\"av_textblock_section \"  itemscope=\"itemscope\" itemtype=\"https:\/\/schema.org\/BlogPosting\" itemprop=\"blogPost\" ><div class='avia_textblock  '   itemprop=\"text\" ><p style=\"text-align: justify;\">Estudiantes del Centro de Formaci\u00f3n T\u00e9cnica de la Regi\u00f3n de Ays\u00e9n, cuentan con un nuevo e importante certificado en sus manos, ya que, en forma paralela a sus estudios en las distintas carreras que imparte el CFT, han logrado capacitarse en diversas instancias importantes para la vida diaria y para desempe\u00f1ar mejor sus funciones en el mundo laboral.<\/p>\n<p style=\"text-align: justify;\">En esta oportunidad los cursos fueron de Institucionalidad Ambiental y Nociones Generales del Sistema de Evaluaci\u00f3n de Impacto Ambiental, Excel Intermedio y Compostaje y Vermicompostaje, este \u00faltimo, gracias al convenio que mantiene vigente el Centro de Formaci\u00f3n T\u00e9cnica y Empresas Bahamonde.<\/p>\n<p style=\"text-align: justify;\">Para el Rector del CFT Estatal de la Regi\u00f3n de Ays\u00e9n, V\u00edctor Hugo \u00c1lvarez, esta es una instancia que fortalece a\u00fan m\u00e1s las habilidades de los y las estudiantes.<\/p>\n<p style=\"text-align: justify;\">\u201cMuy contento de entregar estas certificaciones de diversos cursos que est\u00e1n haciendo nuestros estudiantes, ya que, aparte de su carrera t\u00e9cnica de nivel superior, se le est\u00e1 entregando certificaciones de diversos cursos para que ellos sigan fortaleciendo su habilidad de competencia para que obviamente puedan mejorar en sus diversos puestos de trabajo, pueden construir mejores habilidades y competencias, le estamos entregando estas certificaciones hoy d\u00eda a muchos estudiantes. Estamos muy contentos que ellos se hayan dado el tiempo, porque son actividades extra program\u00e1ticas, fuera de los programas de estudio, as\u00ed es que, felicitar a todos y todas por este gran esfuerzo que est\u00e1n haciendo\u201d.<\/p>\n<p style=\"text-align: justify;\">Aprender algo que puede replicar en su hogar, con su familia, es algo muy positivo y m\u00e1s a\u00fan gracias al convenio entre el CFT y Empresas Bahamonde. As\u00ed lo destacaba, Ximena Olavarr\u00eda, estudiante de la carrera de administraci\u00f3n p\u00fablica, quien recibi\u00f3 certificaci\u00f3n del curso Compostaje y Vermicompostaje. \u201cPersonalmente fue espectacular la capacitaci\u00f3n que nos entregaron los chiquillos, muy afables, muy atentos, muy explicativo lo que ellos nos ense\u00f1aron de c\u00f3mo hacer compostaje inclusive en la casa, como podemos hacer el tratamiento de nuestras plantitas, c\u00f3mo aprender a reciclar con pocas cosas, aprenderlas a reciclar y no llevarlo todo directamente para que se vaya al basural\u201d.<\/p>\n<p style=\"text-align: justify;\">Cristian Vargas, estudiante de la carrera de sistemas log\u00edsticos, tuvo la posibilidad de ser parte en el curso de Excel nivel intermedio, quedando muy conforme con esta oportunidad otorgada por el CFT Estatal de la Regi\u00f3n de Ays\u00e9n. \u201cEncuentro que son herramientas muy importantes de poder tomarlas y de poder aprender en su contexto, porque te ayuda como profesional de poder enfrentarte de mejor forma al campo laboral. Hoy d\u00eda todas las herramientas y todos los programas necesitan saber Excel, por ello, necesitas perfeccionarte en Excel. As\u00ed que, es muy importante poder tener estas capacitaciones extras a lo que t\u00fa est\u00e1s estudiando\u201d.<\/p>\n<p style=\"text-align: justify;\">Todos los beneficiados con estos cursos, rescataron el buen desempe\u00f1o que ha tenido el Centro de Formaci\u00f3n T\u00e9cnica de la Regi\u00f3n de Ays\u00e9n, que lidera su Rector V\u00edctor Hugo \u00c1lvarez, quien resalt\u00f3 que, es importante entregar cada vez m\u00e1s herramientas a los habitantes del territorio, lo que posibilita nuevas opciones de trabajo, fortalece sus funciones y les entrega una mejor calidad de vida.<\/p>\n<\/div><\/section><\/div><div  style='height:50px' class='hr hr-invisible   avia-builder-el-6  el_after_av_one_full  el_before_av_social_share '><span class='hr-inner ' ><span class='hr-inner-style'><\/span><\/span><\/div><\/p>\n<div  class='av-social-sharing-box  avia-builder-el-7  el_after_av_hr  el_before_av_hr  '><div class='av-share-box'><h5 class='av-share-link-description av-no-toc '>Compartir esta noticia<\/h5><ul class='av-share-box-list noLightbox'><li class='av-share-link av-social-link-facebook' ><a target=\"_blank\" aria-label=\"Compartir en Facebook\" href='https:\/\/www.facebook.com\/sharer.php?u=https:\/\/radiorevelacionfm.cl\/?p=50391&#038;t=Estudiantes%20del%20CFT%20Estatal%20de%20la%20regi%C3%B3n%20valoran%20capacitaciones%20que%20suman%20conocimientos%20para%20el%20diario%20vivir' aria-hidden='false' data-av_icon='\ue8f3' data-av_iconfont='entypo-fontello' title='' data-avia-related-tooltip='Compartir en Facebook' rel=\"noopener\"><span class='avia_hidden_link_text'>Compartir en Facebook<\/span><\/a><\/li><li class='av-share-link av-social-link-twitter' ><a target=\"_blank\" aria-label=\"Compartir en Twitter\" href='https:\/\/twitter.com\/share?text=Estudiantes%20del%20CFT%20Estatal%20de%20la%20regi%C3%B3n%20valoran%20capacitaciones%20que%20suman%20conocimientos%20para%20el%20diario%20vivir&#038;url=https:\/\/radiorevelacionfm.cl\/?p=50391' aria-hidden='false' data-av_icon='\ue8f1' data-av_iconfont='entypo-fontello' title='' data-avia-related-tooltip='Compartir en Twitter' rel=\"noopener\"><span class='avia_hidden_link_text'>Compartir en Twitter<\/span><\/a><\/li><li class='av-share-link av-social-link-whatsapp' ><a target=\"_blank\" aria-label=\"Compartir en Whatsapp\" href='https:\/\/api.whatsapp.com\/send?text=https:\/\/radiorevelacionfm.cl\/?p=50391' aria-hidden='false' data-av_icon='\uf232' data-av_iconfont='entypo-fontello' title='' data-avia-related-tooltip='Compartir en Whatsapp' rel=\"noopener\"><span class='avia_hidden_link_text'>Compartir en Whatsapp<\/span><\/a><\/li><li class='av-share-link av-social-link-linkedin' ><a target=\"_blank\" aria-label=\"Compartir en LinkedIn\" href='https:\/\/linkedin.com\/shareArticle?mini=true&#038;title=Estudiantes%20del%20CFT%20Estatal%20de%20la%20regi%C3%B3n%20valoran%20capacitaciones%20que%20suman%20conocimientos%20para%20el%20diario%20vivir&#038;url=https:\/\/radiorevelacionfm.cl\/?p=50391' aria-hidden='false' data-av_icon='\ue8fc' data-av_iconfont='entypo-fontello' title='' data-avia-related-tooltip='Compartir en LinkedIn' rel=\"noopener\"><span class='avia_hidden_link_text'>Compartir en LinkedIn<\/span><\/a><\/li><li class='av-share-link av-social-link-mail' ><a  aria-label=\"Compartir por correo\" href='mailto:?subject=Estudiantes%20del%20CFT%20Estatal%20de%20la%20regi%C3%B3n%20valoran%20capacitaciones%20que%20suman%20conocimientos%20para%20el%20diario%20vivir&#038;body=https:\/\/radiorevelacionfm.cl\/?p=50391' aria-hidden='false' data-av_icon='\ue805' data-av_iconfont='entypo-fontello' title='' data-avia-related-tooltip='Compartir por correo'><span class='avia_hidden_link_text'>Compartir por correo<\/span><\/a><\/li><\/ul><\/div><\/div>\n<div  style='height:50px' class='hr hr-invisible   avia-builder-el-8  el_after_av_social_share  el_before_av_comments_list '><span class='hr-inner ' ><span class='hr-inner-style'><\/span><\/span><\/div>\n<div  class='av-buildercomment  av-blog-meta-html-info-disabled av-blog-meta-tag-disabled  '><\/div>\n","protected":false},"excerpt":{"rendered":"","protected":false},"author":1,"featured_media":50392,"comment_status":"open","ping_status":"open","sticky":false,"template":"","format":"standard","meta":{"footnotes":""},"categories":[38],"tags":[],"class_list":["post-50391","post","type-post","status-publish","format-standard","has-post-thumbnail","hentry","category-regional"],"jetpack_featured_media_url":"https:\/\/radiorevelacionfm.cl\/wp-content\/uploads\/2025\/02\/certificaciOn-cursos-cft-1_optimized-1.jpg","_links":{"self":[{"href":"https:\/\/radiorevelacionfm.cl\/index.php?rest_route=\/wp\/v2\/posts\/50391","targetHints":{"allow":["GET"]}}],"collection":[{"href":"https:\/\/radiorevelacionfm.cl\/index.php?rest_route=\/wp\/v2\/posts"}],"about":[{"href":"https:\/\/radiorevelacionfm.cl\/index.php?rest_route=\/wp\/v2\/types\/post"}],"author":[{"embeddable":true,"href":"https:\/\/radiorevelacionfm.cl\/index.php?rest_route=\/wp\/v2\/users\/1"}],"replies":[{"embeddable":true,"href":"https:\/\/radiorevelacionfm.cl\/index.php?rest_route=%2Fwp%2Fv2%2Fcomments&post=50391"}],"version-history":[{"count":1,"href":"https:\/\/radiorevelacionfm.cl\/index.php?rest_route=\/wp\/v2\/posts\/50391\/revisions"}],"predecessor-version":[{"id":50394,"href":"https:\/\/radiorevelacionfm.cl\/index.php?rest_route=\/wp\/v2\/posts\/50391\/revisions\/50394"}],"wp:featuredmedia":[{"embeddable":true,"href":"https:\/\/radiorevelacionfm.cl\/index.php?rest_route=\/wp\/v2\/media\/50392"}],"wp:attachment":[{"href":"https:\/\/radiorevelacionfm.cl\/index.php?rest_route=%2Fwp%2Fv2%2Fmedia&parent=50391"}],"wp:term":[{"taxonomy":"category","embeddable":true,"href":"https:\/\/radiorevelacionfm.cl\/index.php?rest_route=%2Fwp%2Fv2%2Fcategories&post=50391"},{"taxonomy":"post_tag","embeddable":true,"href":"https:\/\/radiorevelacionfm.cl\/index.php?rest_route=%2Fwp%2Fv2%2Ftags&post=50391"}],"curies":[{"name":"wp","href":"https:\/\/api.w.org\/{rel}","templated":true}]}}