{"id":5039,"date":"2021-06-08T20:23:13","date_gmt":"2021-06-08T23:23:13","guid":{"rendered":"https:\/\/radiorevelacionfm.cl\/?p=5039"},"modified":"2021-06-08T20:35:35","modified_gmt":"2021-06-08T23:35:35","slug":"region-de-aysen-en-chile-virtual-expo-tourism-la-primera-feria-digital-multimercado-para-reactivar-el-turismo","status":"publish","type":"post","link":"https:\/\/radiorevelacionfm.cl\/?p=5039","title":{"rendered":"Regi\u00f3n de Ays\u00e9n en Chile Virtual Expo Tourism: la primera feria digital multimercado para reactivar el turismo"},"content":{"rendered":"<div class=\"flex_column av_one_full  flex_column_div av-zero-column-padding first  avia-builder-el-0  el_before_av_one_full  avia-builder-el-first  \" style='border-radius:0px; '><div  class='avia-image-container  av-styling-    avia-builder-el-1  avia-builder-el-no-sibling  avia-align-center '  itemprop=\"image\" itemscope=\"itemscope\" itemtype=\"https:\/\/schema.org\/ImageObject\"  ><div class='avia-image-container-inner'><div class='avia-image-overlay-wrap'><img decoding=\"async\" class='wp-image-0 avia-img-lazy-loading-not-0 avia_image' src=\"https:\/\/radiorevelacionfm.cl\/wp-content\/uploads\/2021\/06\/chile-virtual-expo-tourism-1-1.jpg\" alt='' title=''   itemprop=\"thumbnailUrl\"  \/><\/div><\/div><\/div><\/div><div class=\"flex_column av_one_full  flex_column_div av-zero-column-padding first  avia-builder-el-2  el_after_av_one_full  el_before_av_one_full  column-top-margin\" style='border-radius:0px; '><section class=\"av_textblock_section \"  itemscope=\"itemscope\" itemtype=\"https:\/\/schema.org\/BlogPosting\" itemprop=\"blogPost\" ><div class='avia_textblock  '   itemprop=\"text\" ><p style=\"text-align: center;\"><span style=\"font-size: 18pt;\"><b><span lang=\"ES\">Regi\u00f3n de Ays\u00e9n en Chile Virtual Expo Tourism: la primera feria digital multimercado para reactivar el turismo<\/span><\/b><\/span><\/p>\n<div id=\"gtx-trans\" style=\"position: absolute; left: -50px; top: 4.31534px;\">\n<div class=\"gtx-trans-icon\"><\/div>\n<\/div>\n<\/div><\/section><\/div><div class=\"flex_column av_one_full  flex_column_div av-zero-column-padding first  avia-builder-el-4  el_after_av_one_full  el_before_av_hr  column-top-margin\" style='border-radius:0px; '><section class=\"av_textblock_section \"  itemscope=\"itemscope\" itemtype=\"https:\/\/schema.org\/BlogPosting\" itemprop=\"blogPost\" ><div class='avia_textblock  '   itemprop=\"text\" ><p style=\"text-align: justify;\"><span lang=\"ES\">Entre el 8 y el 10 de junio, nuestro pa\u00eds ser\u00e1 el anfitri\u00f3n de una feria sin precedentes para el \u00e1mbito tur\u00edstico nacional: Chile Virtual Expo Tourism, evento que reunir\u00e1 en una sola plataforma \u2014<\/span><a href=\"https:\/\/tourism.chilevirtualexpo.com\/\" target=\"_blank\" rel=\"noopener\" data-saferedirecturl=\"https:\/\/www.google.com\/url?q=https:\/\/tourism.chilevirtualexpo.com&amp;source=gmail&amp;ust=1623279866728000&amp;usg=AFQjCNGhv1vZAY7OxUoE43GtN-ymiX5B4Q\"><span lang=\"ES\">https:\/\/tourism.<wbr \/>chilevirtualexpo.com<\/span><\/a><span lang=\"ES\">\u2014 la oferta de 200 empresas de turismo chilenas que mostrar\u00e1n al mundo los atractivos tur\u00edsticos del pa\u00eds.<\/span><\/p>\n<p style=\"text-align: justify;\"><span lang=\"ES\">Gracias a una alianza entre ProChile, Sernatur y la Subsecretar\u00eda de Turismo, se llevar\u00e1 a cabo esta feria gratuita, 100% online, a la que se podr\u00e1 tener acceso desde cualquier parte del mundo. Se espera contar con la presencia de invitados de la demanda tur\u00edstica que forma parte de los mercados prioritarios para Chile, como Brasil, Argentina, Per\u00fa, Colombia, M\u00e9xico, Estados Unidos, Canad\u00e1, Espa\u00f1a, Francia, Alemania, Inglaterra y China, entre otros. La convocatoria tambi\u00e9n se extendi\u00f3 a la industria tur\u00edstica de otros mercados, ya que la feria es de car\u00e1cter global.<\/span><\/p>\n<p style=\"text-align: justify;\"><span lang=\"ES\">Patricio Bast\u00edas, director regional de Sernatur Ays\u00e9n, se\u00f1al\u00f3 que \u201chemos visto que el proceso de reactivaci\u00f3n requiere de mantener las alianzas comerciales internacionales que permitan mostrar las fortalezas y los atributos que el destino Ays\u00e9n Patagonia tiene. En este sentido, el destino va a tener una excelente participaci\u00f3n, ya que vamos con 12 empresarios de la regi\u00f3n, todos con una oferta exportable\u201d.<\/span><\/p>\n<p style=\"text-align: justify;\"><span lang=\"ES\">Para la autoridad regional, \u201chay que seguir trabajando, estar en todos los espacios que sean interesantes para que nuestro territorio, nuestra zona y nuestra Patagonia est\u00e9n presentes a la hora de tomar decisiones, cuando sea momento de viajar. Esperamos que este sea un trabajo que tenga una muy buena valoraci\u00f3n, tanto en el \u00e1mbito internacional como a nivel regional\u201d.<\/span><\/p>\n<p style=\"text-align: justify;\"><span lang=\"ES\">Adem\u00e1s de mantener las acciones de promoci\u00f3n tur\u00edsticas de nuestro pa\u00eds que se han realizado durante a\u00f1os, Chile Virtual Expo Tourism permitir\u00e1 ampliar el grupo de compradores internacionales para promocionar desde la Regi\u00f3n de Arica y Parinacota hasta la Regi\u00f3n de Magallanes y la Ant\u00e1rtica Chilena. En espec\u00edfico, la Regi\u00f3n de Ays\u00e9n estar\u00e1 representada en el Pabell\u00f3n 4 de la feria a trav\u00e9s de 12 Prestadores de Servicios Tur\u00edsticos.<\/span><\/p>\n<p style=\"text-align: justify;\"><b><span lang=\"ES\">Una nueva vitrina, un nuevo mundo<\/span><\/b><\/p>\n<p style=\"text-align: justify;\"><span lang=\"ES\">Chile Virtual Expo Tourism de Sernatur y ProChile es el evento online de promoci\u00f3n m\u00e1s relevante para la oferta exportable de servicios de turismo nacionales, ya que elimina las barreras geogr\u00e1ficas y horarias, permitiendo transmitir informaci\u00f3n durante todo el d\u00eda y de una manera sostenible.<\/span><\/p>\n<p style=\"text-align: justify;\"><span lang=\"ES\">En esta versi\u00f3n dedicada al turismo, la feria dar\u00e1 espacio a turoperadores nacionales con foco en todo el territorio nacional, las 16 direcciones regionales de Sernatur con la promoci\u00f3n de sus destinos, los convention bureaus con su oferta para el segmento MICE y los compradores internacionales, adem\u00e1s de la participaci\u00f3n de ProChile, Chile Travel, Fedetur y Enoturismo Chile, entre otras instituciones.<\/span><\/p>\n<p style=\"text-align: justify;\"><span lang=\"ES\">Para Pamela Flores, directora de ProChile en Ays\u00e9n, \u201cel turismo es un eje de desarrollo para nuestra regi\u00f3n y una prioridad sectorial para ProChile. En este contexto, como una manera de contribuir a reactivar la oferta local, junto a Sernatur hemos organizado esta feria virtual para conectar a nuestras empresas con visitantes y turoperadores de todas partes del mundo, con el apoyo de nuestra red de 56 oficinas comerciales en el exterior. Esta feria es una valiosa oportunidad para que nuestra regi\u00f3n reposicione sus principales atractivos en el circuito internacional y preparar a las empresas locales para la reapertura de fronteras cuando la pandemia lo permita\u201d.<\/span><\/p>\n<p style=\"text-align: justify;\"><span lang=\"ES\">Durante los tres d\u00edas que dura el evento, los asistentes encontrar\u00e1n informaci\u00f3n de las empresas de servicios exportadoras chilenas, lo que convierte a Chile Virtual Expo en una excelente herramienta para fomentar el desarrollo y la internacionalizaci\u00f3n de las empresas nacionales.<\/span><\/p>\n<p style=\"text-align: justify;\"><span lang=\"ES\">Dentro de la feria, cada expositor tendr\u00e1 un stand virtual para exhibir su oferta exportable mediante videos y cat\u00e1logos de productos e interactuar v\u00eda chat con los visitantes al evento durante las 24 horas del d\u00eda.<\/span><\/p>\n<p style=\"text-align: justify;\"><span lang=\"ES\">Chile Virtual Expo busca pavimentar el camino hacia la recuperaci\u00f3n econ\u00f3mica del pa\u00eds, en la que el turismo juega un rol clave con innumerables destinos y experiencias que ofrecer a las nuevas tendencias de viajes pospandemia.<\/span><\/p>\n<p style=\"text-align: justify;\"><span lang=\"ES\">M\u00e1s informaci\u00f3n del evento en\u00a0<\/span><a href=\"https:\/\/tourism.chilevirtualexpo.com\/\" target=\"_blank\" rel=\"noopener\" data-saferedirecturl=\"https:\/\/www.google.com\/url?q=https:\/\/tourism.chilevirtualexpo.com&amp;source=gmail&amp;ust=1623279866728000&amp;usg=AFQjCNGhv1vZAY7OxUoE43GtN-ymiX5B4Q\"><span lang=\"ES\">https:\/\/tourism.<wbr \/>chilevirtualexpo.com<\/span><\/a><span lang=\"ES\">.\u00a0<\/span><\/p>\n<\/div><\/section><\/div><div  style='height:50px' class='hr hr-invisible   avia-builder-el-6  el_after_av_one_full  el_before_av_social_share '><span class='hr-inner ' ><span class='hr-inner-style'><\/span><\/span><\/div><\/p>\n<div  class='av-social-sharing-box  avia-builder-el-7  el_after_av_hr  el_before_av_hr  '><div class='av-share-box'><h5 class='av-share-link-description av-no-toc '>Compartir esta noticia<\/h5><ul class='av-share-box-list noLightbox'><li class='av-share-link av-social-link-facebook' ><a target=\"_blank\" aria-label=\"Compartir en Facebook\" href='https:\/\/www.facebook.com\/sharer.php?u=https:\/\/radiorevelacionfm.cl\/?p=5039&#038;t=Regi%C3%B3n%20de%20Ays%C3%A9n%20en%20Chile%20Virtual%20Expo%20Tourism%3A%20la%20primera%20feria%20digital%20multimercado%20para%20reactivar%20el%20turismo' aria-hidden='false' data-av_icon='\ue8f3' data-av_iconfont='entypo-fontello' title='' data-avia-related-tooltip='Compartir en Facebook' rel=\"noopener\"><span class='avia_hidden_link_text'>Compartir en Facebook<\/span><\/a><\/li><li class='av-share-link av-social-link-twitter' ><a target=\"_blank\" aria-label=\"Compartir en Twitter\" href='https:\/\/twitter.com\/share?text=Regi%C3%B3n%20de%20Ays%C3%A9n%20en%20Chile%20Virtual%20Expo%20Tourism%3A%20la%20primera%20feria%20digital%20multimercado%20para%20reactivar%20el%20turismo&#038;url=https:\/\/radiorevelacionfm.cl\/?p=5039' aria-hidden='false' data-av_icon='\ue8f1' data-av_iconfont='entypo-fontello' title='' data-avia-related-tooltip='Compartir en Twitter' rel=\"noopener\"><span class='avia_hidden_link_text'>Compartir en Twitter<\/span><\/a><\/li><li class='av-share-link av-social-link-whatsapp' ><a target=\"_blank\" aria-label=\"Compartir en Whatsapp\" href='https:\/\/api.whatsapp.com\/send?text=https:\/\/radiorevelacionfm.cl\/?p=5039' aria-hidden='false' data-av_icon='\uf232' data-av_iconfont='entypo-fontello' title='' data-avia-related-tooltip='Compartir en Whatsapp' rel=\"noopener\"><span class='avia_hidden_link_text'>Compartir en Whatsapp<\/span><\/a><\/li><li class='av-share-link av-social-link-linkedin' ><a target=\"_blank\" aria-label=\"Compartir en LinkedIn\" href='https:\/\/linkedin.com\/shareArticle?mini=true&#038;title=Regi%C3%B3n%20de%20Ays%C3%A9n%20en%20Chile%20Virtual%20Expo%20Tourism%3A%20la%20primera%20feria%20digital%20multimercado%20para%20reactivar%20el%20turismo&#038;url=https:\/\/radiorevelacionfm.cl\/?p=5039' aria-hidden='false' data-av_icon='\ue8fc' data-av_iconfont='entypo-fontello' title='' data-avia-related-tooltip='Compartir en LinkedIn' rel=\"noopener\"><span class='avia_hidden_link_text'>Compartir en LinkedIn<\/span><\/a><\/li><li class='av-share-link av-social-link-mail' ><a  aria-label=\"Compartir por correo\" href='mailto:?subject=Regi%C3%B3n%20de%20Ays%C3%A9n%20en%20Chile%20Virtual%20Expo%20Tourism%3A%20la%20primera%20feria%20digital%20multimercado%20para%20reactivar%20el%20turismo&#038;body=https:\/\/radiorevelacionfm.cl\/?p=5039' aria-hidden='false' data-av_icon='\ue805' data-av_iconfont='entypo-fontello' title='' data-avia-related-tooltip='Compartir por correo'><span class='avia_hidden_link_text'>Compartir por correo<\/span><\/a><\/li><\/ul><\/div><\/div>\n<div  style='height:50px' class='hr hr-invisible   avia-builder-el-8  el_after_av_social_share  el_before_av_comments_list '><span class='hr-inner ' ><span class='hr-inner-style'><\/span><\/span><\/div>\n<div  class='av-buildercomment  av-blog-meta-html-info-disabled av-blog-meta-tag-disabled  '><\/div>\n","protected":false},"excerpt":{"rendered":"","protected":false},"author":1,"featured_media":0,"comment_status":"open","ping_status":"open","sticky":false,"template":"","format":"standard","meta":{"footnotes":""},"categories":[54],"tags":[],"class_list":["post-5039","post","type-post","status-publish","format-standard","hentry","category-turismo"],"jetpack_featured_media_url":"","_links":{"self":[{"href":"https:\/\/radiorevelacionfm.cl\/index.php?rest_route=\/wp\/v2\/posts\/5039","targetHints":{"allow":["GET"]}}],"collection":[{"href":"https:\/\/radiorevelacionfm.cl\/index.php?rest_route=\/wp\/v2\/posts"}],"about":[{"href":"https:\/\/radiorevelacionfm.cl\/index.php?rest_route=\/wp\/v2\/types\/post"}],"author":[{"embeddable":true,"href":"https:\/\/radiorevelacionfm.cl\/index.php?rest_route=\/wp\/v2\/users\/1"}],"replies":[{"embeddable":true,"href":"https:\/\/radiorevelacionfm.cl\/index.php?rest_route=%2Fwp%2Fv2%2Fcomments&post=5039"}],"version-history":[{"count":1,"href":"https:\/\/radiorevelacionfm.cl\/index.php?rest_route=\/wp\/v2\/posts\/5039\/revisions"}],"predecessor-version":[{"id":5041,"href":"https:\/\/radiorevelacionfm.cl\/index.php?rest_route=\/wp\/v2\/posts\/5039\/revisions\/5041"}],"wp:attachment":[{"href":"https:\/\/radiorevelacionfm.cl\/index.php?rest_route=%2Fwp%2Fv2%2Fmedia&parent=5039"}],"wp:term":[{"taxonomy":"category","embeddable":true,"href":"https:\/\/radiorevelacionfm.cl\/index.php?rest_route=%2Fwp%2Fv2%2Fcategories&post=5039"},{"taxonomy":"post_tag","embeddable":true,"href":"https:\/\/radiorevelacionfm.cl\/index.php?rest_route=%2Fwp%2Fv2%2Ftags&post=5039"}],"curies":[{"name":"wp","href":"https:\/\/api.w.org\/{rel}","templated":true}]}}