{"id":50385,"date":"2025-02-06T16:57:24","date_gmt":"2025-02-06T19:57:24","guid":{"rendered":"https:\/\/radiorevelacionfm.cl\/?p=50385"},"modified":"2025-02-06T16:57:24","modified_gmt":"2025-02-06T19:57:24","slug":"joven-de-isla-las-huichas-fue-seleccionado-para-jugar-en-el-equipo-de-arturo-vidal","status":"publish","type":"post","link":"https:\/\/radiorevelacionfm.cl\/?p=50385","title":{"rendered":"Joven de Isla Las Huichas fue seleccionado para jugar en el equipo de Arturo Vidal"},"content":{"rendered":"<div class=\"flex_column av_one_full  flex_column_div av-zero-column-padding first  avia-builder-el-0  el_before_av_one_full  avia-builder-el-first  \" style='border-radius:0px; '><div  class='avia-image-container  av-styling-    avia-builder-el-1  avia-builder-el-no-sibling  avia-align-center '  itemprop=\"image\" itemscope=\"itemscope\" itemtype=\"https:\/\/schema.org\/ImageObject\"  ><div class='avia-image-container-inner'><div class='avia-image-overlay-wrap'><img decoding=\"async\" class='wp-image-50386 avia-img-lazy-loading-not-50386 avia_image' src=\"https:\/\/radiorevelacionfm.cl\/wp-content\/uploads\/2025\/02\/Futbolista-Lucas-Pineda-3-1-1.jpeg\" alt='' title='Futbolista Lucas Pineda (3) (1) (1)' height=\"600\" width=\"1035\"  itemprop=\"thumbnailUrl\" srcset=\"https:\/\/radiorevelacionfm.cl\/wp-content\/uploads\/2025\/02\/Futbolista-Lucas-Pineda-3-1-1.jpeg 1035w, https:\/\/radiorevelacionfm.cl\/wp-content\/uploads\/2025\/02\/Futbolista-Lucas-Pineda-3-1-1-300x174.jpeg 300w, https:\/\/radiorevelacionfm.cl\/wp-content\/uploads\/2025\/02\/Futbolista-Lucas-Pineda-3-1-1-1030x597.jpeg 1030w, https:\/\/radiorevelacionfm.cl\/wp-content\/uploads\/2025\/02\/Futbolista-Lucas-Pineda-3-1-1-768x445.jpeg 768w, https:\/\/radiorevelacionfm.cl\/wp-content\/uploads\/2025\/02\/Futbolista-Lucas-Pineda-3-1-1-705x409.jpeg 705w, https:\/\/radiorevelacionfm.cl\/wp-content\/uploads\/2025\/02\/Futbolista-Lucas-Pineda-3-1-1-450x261.jpeg 450w, https:\/\/radiorevelacionfm.cl\/wp-content\/uploads\/2025\/02\/Futbolista-Lucas-Pineda-3-1-1-600x348.jpeg 600w\" sizes=\"(max-width: 1035px) 100vw, 1035px\" \/><\/div><\/div><\/div><\/div><div class=\"flex_column av_one_full  flex_column_div av-zero-column-padding first  avia-builder-el-2  el_after_av_one_full  el_before_av_one_full  column-top-margin\" style='border-radius:0px; '><section class=\"av_textblock_section \"  itemscope=\"itemscope\" itemtype=\"https:\/\/schema.org\/BlogPosting\" itemprop=\"blogPost\" ><div class='avia_textblock  '   itemprop=\"text\" ><p style=\"text-align: center;\"><strong><span style=\"font-size: 18pt;\">Joven de Isla Las Huichas fue seleccionado para jugar en el equipo de Arturo Vidal<\/span><\/strong><\/p>\n<div id=\"gtx-trans\" style=\"position: absolute; left: -50px; top: 4.31534px;\">\n<div class=\"gtx-trans-icon\"><\/div>\n<\/div>\n<\/div><\/section><\/div><div class=\"flex_column av_one_full  flex_column_div av-zero-column-padding first  avia-builder-el-4  el_after_av_one_full  el_before_av_hr  column-top-margin\" style='border-radius:0px; '><section class=\"av_textblock_section \"  itemscope=\"itemscope\" itemtype=\"https:\/\/schema.org\/BlogPosting\" itemprop=\"blogPost\" ><div class='avia_textblock  '   itemprop=\"text\" ><p style=\"text-align: justify;\"><em>Al saber esto los vecinos isle\u00f1os y la municipalidad, a trav\u00e9s de la Corporaci\u00f3n del Deporte, buscan formas de apoyar al futbolista que tiene que viajar este mes para incluirse en el equipo juvenil del Rodelindo Rom\u00e1n de San Joaqu\u00edn, Santiago.<\/em><\/p>\n<p style=\"text-align: justify;\">En su viaje por isla Las Huichas, el alcalde de Ays\u00e9n, Luis Mart\u00ednez, se reuni\u00f3 con Lucas Pineda Chihuay y su familia; esto porque hace poco el joven recibi\u00f3 una respuesta positiva luego de su prueba para ser parte del equipo del Rodelindo Rom\u00e1n, club propiedad del futbolista seleccionado chileno Arturo Vidal.<\/p>\n<p style=\"text-align: justify;\">Desde los ocho a\u00f1os el isle\u00f1o Lucas Pineda a practicado f\u00fatbol en las canchas de Isla Las Huichas, adem\u00e1s de conocer a sus compa\u00f1eros, gracias al apoyo de sus entrenadores Juan Jos\u00e9 V\u00e1squez y Luis Parra, pudo competir en varios torneos de car\u00e1cter comunal, regional y nacional; es por eso que sus padres no dudaron cuando tuvo la oportunidad de meterse a las pruebas que realiz\u00f3 el club amateur de San Joaqu\u00edn que juega en tercera B.<\/p>\n<p style=\"text-align: justify;\">El joven futbolista de 16 a\u00f1os mencion\u00f3 estar \u201cmuy contento y orgulloso de haber podido quedar en el club y recibir todo lo que este me puede dar, como entrenamiento de un nivel cercano al profesional\u201d.<\/p>\n<p style=\"text-align: justify;\">Los vecinos de la comunidad huichana tambi\u00e9n han sido de vasta importancia a la hora de poder cumplir el sue\u00f1o de Lucas, esto porque han aportado y participado en las distintas instancias de recaudaci\u00f3n de dinero para poder costear los viajes y tr\u00e1mites que el joven tiene que hacer para llegar al club.<\/p>\n<p style=\"text-align: justify;\">Por su parte, la municipalidad, a trav\u00e9s de la Corporaci\u00f3n del Deporte y Recreaci\u00f3n, espera poder ayudar con el equipamiento necesario para el futbolista, tambi\u00e9n de aportar en la difusi\u00f3n de la historia del isle\u00f1o, adem\u00e1s del contacto con las empresas locales.<\/p>\n<p style=\"text-align: justify;\">El alcalde Mart\u00ednez, expres\u00f3 estar orgulloso del joven y comenta que \u201cdeportivamente es muy gratificante y creo que, para esta isla, les hace pensar en que \u201cs\u00ed se puede\u201d. Tambi\u00e9n tiene un desaf\u00edo econ\u00f3mico en el que queremos participar de una u otra forma, a pesar de que nos es bastante dif\u00edcil hacerlo a trav\u00e9s del municipio, vamos a realizarlo junto a los vecinos, para que este joven, que es un ejemplo a seguir, siga incentivando a que m\u00e1s personas de toda nuestra comuna puedan estar en alg\u00fan minuto jugando en el f\u00fatbol profesional o en cualquier deporte competitivo\u201d.<\/p>\n<p style=\"text-align: justify;\">La familia Pineda Chihuay tambi\u00e9n valora el trabajo de Andrea Catal\u00e1n, una vecina de Ays\u00e9n que reside en Santiago y que desde 2019 se dedica a apoyar a j\u00f3venes de la regi\u00f3n en sus sue\u00f1os de ser futbolistas profesionales. Ella brinda un espacio para que puedan vivir los juveniles, adem\u00e1s de hacer los contactos con las instituciones deportivas para que puedan probarse, igual se preocupa de otros aspectos para permitirles crecer integralmente. De esta manera, son varios los deportistas que viven con ella y que entrenan en las categor\u00edas inferiores de clubes como Universidad de Chile, Universidad Cat\u00f3lica, Uni\u00f3n Espa\u00f1ola o Cobreloa, entre otros.<\/p>\n<p style=\"text-align: justify;\">Andrea explica que fue gracias a Teresa Lep\u00edo que pudo contactarse con Lucas, esto porque ella fue qui\u00e9n llev\u00f3 al equipo de la isla a participar en un torneo a Vi\u00f1a del Mar, ah\u00ed fue donde se pudo ver el talento del joven huichano.<\/p>\n<p style=\"text-align: justify;\">El padre de Lucas, Abner Pineda, dijo estar sumamente agradecido con todos, \u201cpor el apoyo que estamos recibiendo del municipio y contento tambi\u00e9n porque se est\u00e1 representando a una comunidad bastante aislada, que no es conocida en la Capital, que es Isla Las Huichas; as\u00ed que, qu\u00e9 mejor cierto que un ni\u00f1o salga a representar a su isla y a su gente, porque adem\u00e1s gracias a ellos tambi\u00e9n ha sido todo posible, por su aporte, cari\u00f1o y buenas vibras, porque todo va de la mano, tenemos un talento, pero tambi\u00e9n la parte monetaria y mental es indispensable\u201d.<\/p>\n<p style=\"text-align: justify;\">Por el momento, la familia quiere ir \u201cpaso a paso\u201d, conf\u00edan un reporte positivo de las pruebas m\u00e9dicas, esperar\u00e1n a que Lucas se pueda adaptar a su nueva vida en la ciudad, prontamente realizar\u00e1n un bingo para seguir recaudando para las mensualidades del futbolista y preparar la escolaridad del joven en Santiago.<\/p>\n<\/div><\/section><\/div><div  style='height:50px' class='hr hr-invisible   avia-builder-el-6  el_after_av_one_full  el_before_av_social_share '><span class='hr-inner ' ><span class='hr-inner-style'><\/span><\/span><\/div><\/p>\n<div  class='av-social-sharing-box  avia-builder-el-7  el_after_av_hr  el_before_av_hr  '><div class='av-share-box'><h5 class='av-share-link-description av-no-toc '>Compartir esta noticia<\/h5><ul class='av-share-box-list noLightbox'><li class='av-share-link av-social-link-facebook' ><a target=\"_blank\" aria-label=\"Compartir en Facebook\" href='https:\/\/www.facebook.com\/sharer.php?u=https:\/\/radiorevelacionfm.cl\/?p=50385&#038;t=Joven%20de%20Isla%20Las%20Huichas%20fue%20seleccionado%20para%20jugar%20en%20el%20equipo%20de%20Arturo%20Vidal' aria-hidden='false' data-av_icon='\ue8f3' data-av_iconfont='entypo-fontello' title='' data-avia-related-tooltip='Compartir en Facebook' rel=\"noopener\"><span class='avia_hidden_link_text'>Compartir en Facebook<\/span><\/a><\/li><li class='av-share-link av-social-link-twitter' ><a target=\"_blank\" aria-label=\"Compartir en Twitter\" href='https:\/\/twitter.com\/share?text=Joven%20de%20Isla%20Las%20Huichas%20fue%20seleccionado%20para%20jugar%20en%20el%20equipo%20de%20Arturo%20Vidal&#038;url=https:\/\/radiorevelacionfm.cl\/?p=50385' aria-hidden='false' data-av_icon='\ue8f1' data-av_iconfont='entypo-fontello' title='' data-avia-related-tooltip='Compartir en Twitter' rel=\"noopener\"><span class='avia_hidden_link_text'>Compartir en Twitter<\/span><\/a><\/li><li class='av-share-link av-social-link-whatsapp' ><a target=\"_blank\" aria-label=\"Compartir en Whatsapp\" href='https:\/\/api.whatsapp.com\/send?text=https:\/\/radiorevelacionfm.cl\/?p=50385' aria-hidden='false' data-av_icon='\uf232' data-av_iconfont='entypo-fontello' title='' data-avia-related-tooltip='Compartir en Whatsapp' rel=\"noopener\"><span class='avia_hidden_link_text'>Compartir en Whatsapp<\/span><\/a><\/li><li class='av-share-link av-social-link-linkedin' ><a target=\"_blank\" aria-label=\"Compartir en LinkedIn\" href='https:\/\/linkedin.com\/shareArticle?mini=true&#038;title=Joven%20de%20Isla%20Las%20Huichas%20fue%20seleccionado%20para%20jugar%20en%20el%20equipo%20de%20Arturo%20Vidal&#038;url=https:\/\/radiorevelacionfm.cl\/?p=50385' aria-hidden='false' data-av_icon='\ue8fc' data-av_iconfont='entypo-fontello' title='' data-avia-related-tooltip='Compartir en LinkedIn' rel=\"noopener\"><span class='avia_hidden_link_text'>Compartir en LinkedIn<\/span><\/a><\/li><li class='av-share-link av-social-link-mail' ><a  aria-label=\"Compartir por correo\" href='mailto:?subject=Joven%20de%20Isla%20Las%20Huichas%20fue%20seleccionado%20para%20jugar%20en%20el%20equipo%20de%20Arturo%20Vidal&#038;body=https:\/\/radiorevelacionfm.cl\/?p=50385' aria-hidden='false' data-av_icon='\ue805' data-av_iconfont='entypo-fontello' title='' data-avia-related-tooltip='Compartir por correo'><span class='avia_hidden_link_text'>Compartir por correo<\/span><\/a><\/li><\/ul><\/div><\/div>\n<div  style='height:50px' class='hr hr-invisible   avia-builder-el-8  el_after_av_social_share  el_before_av_comments_list '><span class='hr-inner ' ><span class='hr-inner-style'><\/span><\/span><\/div>\n<div  class='av-buildercomment  av-blog-meta-html-info-disabled av-blog-meta-tag-disabled  '><\/div>\n","protected":false},"excerpt":{"rendered":"","protected":false},"author":1,"featured_media":50386,"comment_status":"open","ping_status":"open","sticky":false,"template":"","format":"standard","meta":{"footnotes":""},"categories":[40],"tags":[],"class_list":["post-50385","post","type-post","status-publish","format-standard","has-post-thumbnail","hentry","category-deportes"],"jetpack_featured_media_url":"https:\/\/radiorevelacionfm.cl\/wp-content\/uploads\/2025\/02\/Futbolista-Lucas-Pineda-3-1-1.jpeg","_links":{"self":[{"href":"https:\/\/radiorevelacionfm.cl\/index.php?rest_route=\/wp\/v2\/posts\/50385","targetHints":{"allow":["GET"]}}],"collection":[{"href":"https:\/\/radiorevelacionfm.cl\/index.php?rest_route=\/wp\/v2\/posts"}],"about":[{"href":"https:\/\/radiorevelacionfm.cl\/index.php?rest_route=\/wp\/v2\/types\/post"}],"author":[{"embeddable":true,"href":"https:\/\/radiorevelacionfm.cl\/index.php?rest_route=\/wp\/v2\/users\/1"}],"replies":[{"embeddable":true,"href":"https:\/\/radiorevelacionfm.cl\/index.php?rest_route=%2Fwp%2Fv2%2Fcomments&post=50385"}],"version-history":[{"count":1,"href":"https:\/\/radiorevelacionfm.cl\/index.php?rest_route=\/wp\/v2\/posts\/50385\/revisions"}],"predecessor-version":[{"id":50387,"href":"https:\/\/radiorevelacionfm.cl\/index.php?rest_route=\/wp\/v2\/posts\/50385\/revisions\/50387"}],"wp:featuredmedia":[{"embeddable":true,"href":"https:\/\/radiorevelacionfm.cl\/index.php?rest_route=\/wp\/v2\/media\/50386"}],"wp:attachment":[{"href":"https:\/\/radiorevelacionfm.cl\/index.php?rest_route=%2Fwp%2Fv2%2Fmedia&parent=50385"}],"wp:term":[{"taxonomy":"category","embeddable":true,"href":"https:\/\/radiorevelacionfm.cl\/index.php?rest_route=%2Fwp%2Fv2%2Fcategories&post=50385"},{"taxonomy":"post_tag","embeddable":true,"href":"https:\/\/radiorevelacionfm.cl\/index.php?rest_route=%2Fwp%2Fv2%2Ftags&post=50385"}],"curies":[{"name":"wp","href":"https:\/\/api.w.org\/{rel}","templated":true}]}}