{"id":50382,"date":"2025-02-07T10:36:00","date_gmt":"2025-02-07T13:36:00","guid":{"rendered":"https:\/\/radiorevelacionfm.cl\/?p=50382"},"modified":"2025-02-07T10:36:00","modified_gmt":"2025-02-07T13:36:00","slug":"seremi-de-gobierno-abre-espacio-exclusivo-para-organizaciones-sociales-de-aysen","status":"publish","type":"post","link":"https:\/\/radiorevelacionfm.cl\/?p=50382","title":{"rendered":"Seremi de Gobierno abre espacio exclusivo para Organizaciones Sociales de Ays\u00e9n"},"content":{"rendered":"<div class=\"flex_column av_one_full  flex_column_div av-zero-column-padding first  avia-builder-el-0  el_before_av_one_full  avia-builder-el-first  \" style='border-radius:0px; '><div  class='avia-image-container  av-styling-    avia-builder-el-1  avia-builder-el-no-sibling  avia-align-center '  itemprop=\"image\" itemscope=\"itemscope\" itemtype=\"https:\/\/schema.org\/ImageObject\"  ><div class='avia-image-container-inner'><div class='avia-image-overlay-wrap'><img decoding=\"async\" class='wp-image-50383 avia-img-lazy-loading-not-50383 avia_image' src=\"https:\/\/radiorevelacionfm.cl\/wp-content\/uploads\/2025\/02\/foto1-8-1_optimized-1.jpeg\" alt='' title='foto1-(8)-(1)_optimized (1)' height=\"600\" width=\"1670\"  itemprop=\"thumbnailUrl\" srcset=\"https:\/\/radiorevelacionfm.cl\/wp-content\/uploads\/2025\/02\/foto1-8-1_optimized-1.jpeg 1670w, https:\/\/radiorevelacionfm.cl\/wp-content\/uploads\/2025\/02\/foto1-8-1_optimized-1-300x108.jpeg 300w, https:\/\/radiorevelacionfm.cl\/wp-content\/uploads\/2025\/02\/foto1-8-1_optimized-1-1030x370.jpeg 1030w, https:\/\/radiorevelacionfm.cl\/wp-content\/uploads\/2025\/02\/foto1-8-1_optimized-1-768x276.jpeg 768w, https:\/\/radiorevelacionfm.cl\/wp-content\/uploads\/2025\/02\/foto1-8-1_optimized-1-1536x552.jpeg 1536w, https:\/\/radiorevelacionfm.cl\/wp-content\/uploads\/2025\/02\/foto1-8-1_optimized-1-1500x539.jpeg 1500w, https:\/\/radiorevelacionfm.cl\/wp-content\/uploads\/2025\/02\/foto1-8-1_optimized-1-705x253.jpeg 705w, https:\/\/radiorevelacionfm.cl\/wp-content\/uploads\/2025\/02\/foto1-8-1_optimized-1-450x162.jpeg 450w, https:\/\/radiorevelacionfm.cl\/wp-content\/uploads\/2025\/02\/foto1-8-1_optimized-1-600x216.jpeg 600w\" sizes=\"(max-width: 1670px) 100vw, 1670px\" \/><\/div><\/div><\/div><\/div><div class=\"flex_column av_one_full  flex_column_div av-zero-column-padding first  avia-builder-el-2  el_after_av_one_full  el_before_av_one_full  column-top-margin\" style='border-radius:0px; '><section class=\"av_textblock_section \"  itemscope=\"itemscope\" itemtype=\"https:\/\/schema.org\/BlogPosting\" itemprop=\"blogPost\" ><div class='avia_textblock  '   itemprop=\"text\" ><p style=\"text-align: center;\"><strong><span style=\"font-size: 18pt;\">Seremi de Gobierno abre espacio exclusivo para Organizaciones Sociales de Ays\u00e9n<\/span><\/strong><\/p>\n<div id=\"gtx-trans\" style=\"position: absolute; left: -50px; top: 4.31534px;\">\n<div class=\"gtx-trans-icon\"><\/div>\n<\/div>\n<\/div><\/section><\/div><div class=\"flex_column av_one_full  flex_column_div av-zero-column-padding first  avia-builder-el-4  el_after_av_one_full  el_before_av_hr  column-top-margin\" style='border-radius:0px; '><section class=\"av_textblock_section \"  itemscope=\"itemscope\" itemtype=\"https:\/\/schema.org\/BlogPosting\" itemprop=\"blogPost\" ><div class='avia_textblock  '   itemprop=\"text\" ><p style=\"text-align: justify;\">A partir de este jueves 06 de febrero, las organizaciones sociales de la regi\u00f3n de Ays\u00e9n, que no cuenten con una sede o espacio para sus reuniones, podr\u00e1n acceder a una sala equipada en dependencias de la SEREMI de Gobierno.<\/p>\n<p style=\"text-align: justify;\">\u00darsula Mix Jim\u00e9nez, vocera de Gobierno, present\u00f3 este nuevo espacio de trabajo que podr\u00e1 ser utilizado los d\u00edas martes y jueves, de 15:00 a 19:00 horas; previa coordinaci\u00f3n con la Divisi\u00f3n de Organizaciones Sociales Ays\u00e9n (DOS).<\/p>\n<p style=\"text-align: justify;\">Esta es una iniciativa del Ministerio Secretar\u00eda General de Gobierno que, al otorgar el \u201cSello Espacio\u201d reconoce a aquellas entidades p\u00fablicas o privadas que facilitan un espacio o inmueble para el fomento de la participaci\u00f3n ciudadana y promoci\u00f3n del asociacionismo.<\/p>\n<p style=\"text-align: justify;\">En este caso, la sala de reuniones de la vocer\u00eda de Gobierno ser\u00e1 el segundo espacio de nuestra regi\u00f3n destinado a este fin, ya que el a\u00f1o pasado, en el Mes de la Dirigencias, se entreg\u00f3 el sello al Hotel Posada del R\u00edo en Chile Chico. Incorpor\u00e1ndose as\u00ed, a la Red Nacional de Espacios para Organizaciones Sociales, red que cuenta con alrededor de 30 espacios habilitados en la mayor\u00eda de las regiones del pa\u00eds y cerca de 70 en proceso de adhesi\u00f3n.<\/p>\n<p style=\"text-align: justify;\">La vocera de Gobierno, se\u00f1al\u00f3 con respecto a la iniciativa: \u201cEstamos en la SEREMI de Gobierno abriendo una sala para que todas nuestras organizaciones sociales se puedan reunir y puedan acceder. La idea es que sientan este espacio como propio, para hacer sus reuniones, sus actividades. Sean todas y todos muy bienvenidos a este espacio\u201d, indic\u00f3.<\/p>\n<p style=\"text-align: justify;\">Los datos de contacto de la Divisi\u00f3n de Organizaciones Sociales Ays\u00e9n (DOS), para la coordinaci\u00f3n del uso del nuevo espacio de encuentro son: Avenida Ogana N\u00b0 798, Coyhaique. Tel\u00e9fono:+56 967613657, correo\u00a0\u00a0 electr\u00f3nico: <a href=\"mailto:lorena.remolcoy@msgg.gob.cl\">lorena.remolcoy@msgg.gob.cl<\/a><\/p>\n<p style=\"text-align: justify;\"><strong>\u00a0<\/strong><\/p>\n<\/div><\/section><\/div><div  style='height:50px' class='hr hr-invisible   avia-builder-el-6  el_after_av_one_full  el_before_av_social_share '><span class='hr-inner ' ><span class='hr-inner-style'><\/span><\/span><\/div><\/p>\n<div  class='av-social-sharing-box  avia-builder-el-7  el_after_av_hr  el_before_av_hr  '><div class='av-share-box'><h5 class='av-share-link-description av-no-toc '>Compartir esta noticia<\/h5><ul class='av-share-box-list noLightbox'><li class='av-share-link av-social-link-facebook' ><a target=\"_blank\" aria-label=\"Compartir en Facebook\" href='https:\/\/www.facebook.com\/sharer.php?u=https:\/\/radiorevelacionfm.cl\/?p=50382&#038;t=Seremi%20de%20Gobierno%20abre%20espacio%20exclusivo%20para%20Organizaciones%20Sociales%20de%20Ays%C3%A9n' aria-hidden='false' data-av_icon='\ue8f3' data-av_iconfont='entypo-fontello' title='' data-avia-related-tooltip='Compartir en Facebook' rel=\"noopener\"><span class='avia_hidden_link_text'>Compartir en Facebook<\/span><\/a><\/li><li class='av-share-link av-social-link-twitter' ><a target=\"_blank\" aria-label=\"Compartir en Twitter\" href='https:\/\/twitter.com\/share?text=Seremi%20de%20Gobierno%20abre%20espacio%20exclusivo%20para%20Organizaciones%20Sociales%20de%20Ays%C3%A9n&#038;url=https:\/\/radiorevelacionfm.cl\/?p=50382' aria-hidden='false' data-av_icon='\ue8f1' data-av_iconfont='entypo-fontello' title='' data-avia-related-tooltip='Compartir en Twitter' rel=\"noopener\"><span class='avia_hidden_link_text'>Compartir en Twitter<\/span><\/a><\/li><li class='av-share-link av-social-link-whatsapp' ><a target=\"_blank\" aria-label=\"Compartir en Whatsapp\" href='https:\/\/api.whatsapp.com\/send?text=https:\/\/radiorevelacionfm.cl\/?p=50382' aria-hidden='false' data-av_icon='\uf232' data-av_iconfont='entypo-fontello' title='' data-avia-related-tooltip='Compartir en Whatsapp' rel=\"noopener\"><span class='avia_hidden_link_text'>Compartir en Whatsapp<\/span><\/a><\/li><li class='av-share-link av-social-link-linkedin' ><a target=\"_blank\" aria-label=\"Compartir en LinkedIn\" href='https:\/\/linkedin.com\/shareArticle?mini=true&#038;title=Seremi%20de%20Gobierno%20abre%20espacio%20exclusivo%20para%20Organizaciones%20Sociales%20de%20Ays%C3%A9n&#038;url=https:\/\/radiorevelacionfm.cl\/?p=50382' aria-hidden='false' data-av_icon='\ue8fc' data-av_iconfont='entypo-fontello' title='' data-avia-related-tooltip='Compartir en LinkedIn' rel=\"noopener\"><span class='avia_hidden_link_text'>Compartir en LinkedIn<\/span><\/a><\/li><li class='av-share-link av-social-link-mail' ><a  aria-label=\"Compartir por correo\" href='mailto:?subject=Seremi%20de%20Gobierno%20abre%20espacio%20exclusivo%20para%20Organizaciones%20Sociales%20de%20Ays%C3%A9n&#038;body=https:\/\/radiorevelacionfm.cl\/?p=50382' aria-hidden='false' data-av_icon='\ue805' data-av_iconfont='entypo-fontello' title='' data-avia-related-tooltip='Compartir por correo'><span class='avia_hidden_link_text'>Compartir por correo<\/span><\/a><\/li><\/ul><\/div><\/div>\n<div  style='height:50px' class='hr hr-invisible   avia-builder-el-8  el_after_av_social_share  el_before_av_comments_list '><span class='hr-inner ' ><span class='hr-inner-style'><\/span><\/span><\/div>\n<div  class='av-buildercomment  av-blog-meta-html-info-disabled av-blog-meta-tag-disabled  '><\/div>\n","protected":false},"excerpt":{"rendered":"","protected":false},"author":1,"featured_media":50383,"comment_status":"open","ping_status":"open","sticky":false,"template":"","format":"standard","meta":{"footnotes":""},"categories":[38],"tags":[],"class_list":["post-50382","post","type-post","status-publish","format-standard","has-post-thumbnail","hentry","category-regional"],"jetpack_featured_media_url":"https:\/\/radiorevelacionfm.cl\/wp-content\/uploads\/2025\/02\/foto1-8-1_optimized-1.jpeg","_links":{"self":[{"href":"https:\/\/radiorevelacionfm.cl\/index.php?rest_route=\/wp\/v2\/posts\/50382","targetHints":{"allow":["GET"]}}],"collection":[{"href":"https:\/\/radiorevelacionfm.cl\/index.php?rest_route=\/wp\/v2\/posts"}],"about":[{"href":"https:\/\/radiorevelacionfm.cl\/index.php?rest_route=\/wp\/v2\/types\/post"}],"author":[{"embeddable":true,"href":"https:\/\/radiorevelacionfm.cl\/index.php?rest_route=\/wp\/v2\/users\/1"}],"replies":[{"embeddable":true,"href":"https:\/\/radiorevelacionfm.cl\/index.php?rest_route=%2Fwp%2Fv2%2Fcomments&post=50382"}],"version-history":[{"count":1,"href":"https:\/\/radiorevelacionfm.cl\/index.php?rest_route=\/wp\/v2\/posts\/50382\/revisions"}],"predecessor-version":[{"id":50384,"href":"https:\/\/radiorevelacionfm.cl\/index.php?rest_route=\/wp\/v2\/posts\/50382\/revisions\/50384"}],"wp:featuredmedia":[{"embeddable":true,"href":"https:\/\/radiorevelacionfm.cl\/index.php?rest_route=\/wp\/v2\/media\/50383"}],"wp:attachment":[{"href":"https:\/\/radiorevelacionfm.cl\/index.php?rest_route=%2Fwp%2Fv2%2Fmedia&parent=50382"}],"wp:term":[{"taxonomy":"category","embeddable":true,"href":"https:\/\/radiorevelacionfm.cl\/index.php?rest_route=%2Fwp%2Fv2%2Fcategories&post=50382"},{"taxonomy":"post_tag","embeddable":true,"href":"https:\/\/radiorevelacionfm.cl\/index.php?rest_route=%2Fwp%2Fv2%2Ftags&post=50382"}],"curies":[{"name":"wp","href":"https:\/\/api.w.org\/{rel}","templated":true}]}}