{"id":50376,"date":"2025-02-06T14:41:44","date_gmt":"2025-02-06T17:41:44","guid":{"rendered":"https:\/\/radiorevelacionfm.cl\/?p=50376"},"modified":"2025-02-06T14:41:44","modified_gmt":"2025-02-06T17:41:44","slug":"ceramistas-de-chile-chico-un-trabajo-con-identidad-y-que-aporta-al-patrimonio-cultural-de-la-region","status":"publish","type":"post","link":"https:\/\/radiorevelacionfm.cl\/?p=50376","title":{"rendered":"Ceramistas de Chile Chico: Un trabajo con identidad y que aporta al patrimonio cultural de la regi\u00f3n"},"content":{"rendered":"<div class=\"flex_column av_one_full  flex_column_div av-zero-column-padding first  avia-builder-el-0  el_before_av_one_full  avia-builder-el-first  \" style='border-radius:0px; '><div  class='avia-image-container  av-styling-    avia-builder-el-1  avia-builder-el-no-sibling  avia-align-center '  itemprop=\"image\" itemscope=\"itemscope\" itemtype=\"https:\/\/schema.org\/ImageObject\"  ><div class='avia-image-container-inner'><div class='avia-image-overlay-wrap'><img decoding=\"async\" class='wp-image-50377 avia-img-lazy-loading-not-50377 avia_image' src=\"https:\/\/radiorevelacionfm.cl\/wp-content\/uploads\/2025\/02\/alfareras-1-1.jpg\" alt='' title='alfareras (1) (1)' height=\"600\" width=\"1067\"  itemprop=\"thumbnailUrl\" srcset=\"https:\/\/radiorevelacionfm.cl\/wp-content\/uploads\/2025\/02\/alfareras-1-1.jpg 1067w, https:\/\/radiorevelacionfm.cl\/wp-content\/uploads\/2025\/02\/alfareras-1-1-300x169.jpg 300w, https:\/\/radiorevelacionfm.cl\/wp-content\/uploads\/2025\/02\/alfareras-1-1-1030x579.jpg 1030w, https:\/\/radiorevelacionfm.cl\/wp-content\/uploads\/2025\/02\/alfareras-1-1-768x432.jpg 768w, https:\/\/radiorevelacionfm.cl\/wp-content\/uploads\/2025\/02\/alfareras-1-1-705x396.jpg 705w, https:\/\/radiorevelacionfm.cl\/wp-content\/uploads\/2025\/02\/alfareras-1-1-450x253.jpg 450w, https:\/\/radiorevelacionfm.cl\/wp-content\/uploads\/2025\/02\/alfareras-1-1-600x337.jpg 600w\" sizes=\"(max-width: 1067px) 100vw, 1067px\" \/><\/div><\/div><\/div><\/div><div class=\"flex_column av_one_full  flex_column_div av-zero-column-padding first  avia-builder-el-2  el_after_av_one_full  el_before_av_one_full  column-top-margin\" style='border-radius:0px; '><section class=\"av_textblock_section \"  itemscope=\"itemscope\" itemtype=\"https:\/\/schema.org\/BlogPosting\" itemprop=\"blogPost\" ><div class='avia_textblock  '   itemprop=\"text\" ><p style=\"text-align: center;\"><strong><span style=\"font-size: 18pt;\">Ceramistas de Chile Chico: Un trabajo con identidad y que aporta al patrimonio cultural de la regi\u00f3n<\/span><\/strong><\/p>\n<div id=\"gtx-trans\" style=\"position: absolute; left: -50px; top: 4.31534px;\">\n<div class=\"gtx-trans-icon\"><\/div>\n<\/div>\n<\/div><\/section><\/div><div class=\"flex_column av_one_full  flex_column_div av-zero-column-padding first  avia-builder-el-4  el_after_av_one_full  el_before_av_hr  column-top-margin\" style='border-radius:0px; '><section class=\"av_textblock_section \"  itemscope=\"itemscope\" itemtype=\"https:\/\/schema.org\/BlogPosting\" itemprop=\"blogPost\" ><div class='avia_textblock  '   itemprop=\"text\" ><p style=\"text-align: justify;\">Desde hace unos 8 a\u00f1os se conform\u00f3 la agrupaci\u00f3n de Ceramistas de la Patagonia en Chile Chico. En su mayor\u00eda mujeres, ha aportado con su trabajo a darle un valor especial a la identidad y el patrimonio cultural. Esto, a trav\u00e9s de sus creaciones en greda, material que ellas mismas recolectan del territorio y usan para sus trabajos.<\/p>\n<p style=\"text-align: justify;\">La martineta es la m\u00e1s caracter\u00edstica de sus trabajos y es un ave que en Chile solo habita en la localidad de Chile Chico y sus alrededores, objeto cer\u00e1mico dise\u00f1ado por Pedro Isla, el precursor de la elaboraci\u00f3n de productos cer\u00e1micos en la regi\u00f3n.<\/p>\n<p style=\"text-align: justify;\">Seg\u00fan se\u00f1al\u00f3 el coordinador del programa de la Seremi de Miner\u00eda, Nicol\u00e1s L\u00f3pez, \u201cla agrupaci\u00f3n ha crecido desde la semilla aportada por Gabriela Az\u00f3car, ceramista proveniente de una familia dedicada a este oficio, quien transmiti\u00f3 sus conocimientos a Elena Cay\u00fan, Liliana Trivi\u00f1o y Yamilet Burgos.\u201d<\/p>\n<p style=\"text-align: justify;\">Especializadas en trabajos tales como; el cacharrito de la Martineta, mates, jarras, vasos, magn\u00e9ticos, entre otros. Productos que se usan en el hogar y tambi\u00e9n la decoran, las artesanas utilizan diversas t\u00e9cnicas para obtener sus trabajos. Utilizando tornos, moldes y trabajo manual, crean dise\u00f1os \u00fanicos con car\u00e1cter atemporal, que otorgan identidad a los trabajos de las Ceramistas de la Patagonia.<\/p>\n<p style=\"text-align: justify;\">Ellas, adem\u00e1s de ser una agrupaci\u00f3n, forman parte de la \u201cAsociaci\u00f3n Gremial de Mineros Aur\u00edferos de Chile Chico\u201d, organizaci\u00f3n beneficiaria del programa Fortalecimiento y Fomento Productivo Minero Artesanal de Rocas Ornamentales financiado a trav\u00e9s del FNDR del Gobierno Regional de Ays\u00e9n y su Consejo, y tal como se\u00f1ala el coordinador Nicol\u00e1s L\u00f3pez, de la seremi de Miner\u00eda, \u201cdestaca en su trabajo la perseverancia y determinaci\u00f3n que han demostrado durante su trayectoria en este rubro, y conexi\u00f3n con la Tierra. Ellas obtienen las arcillas que utilizan como materia prima, a partir de dep\u00f3sitos de este material dejados por lagos glaciares que ocurrieron, entre 12.000 y 100.000 a\u00f1os atr\u00e1s, aproximadamente, durante la \u00faltima glaciaci\u00f3n, momento en el cual los glaciares y sus lagos asociados dominaban la regi\u00f3n. De los alrededores, adem\u00e1s, traen gredas de colores que han aprendido a mezclar para obtener la pasta perfecta\u201d.<\/p>\n<p style=\"text-align: justify;\">Esta agrupaci\u00f3n son un claro ejemplo del empuje y fuerza de la mujer de la Patagonia Chilena, las cuales se han capacitado y obtenido recursos de diversos sectores para mejorar su productividad y gesti\u00f3n. Adem\u00e1s comparten su experiencia y conocimiento con otras mujeres, para as\u00ed transmitir su saber y progresar como organizaci\u00f3n.<\/p>\n<\/div><\/section><\/div><div  style='height:50px' class='hr hr-invisible   avia-builder-el-6  el_after_av_one_full  el_before_av_social_share '><span class='hr-inner ' ><span class='hr-inner-style'><\/span><\/span><\/div><\/p>\n<div  class='av-social-sharing-box  avia-builder-el-7  el_after_av_hr  el_before_av_hr  '><div class='av-share-box'><h5 class='av-share-link-description av-no-toc '>Compartir esta noticia<\/h5><ul class='av-share-box-list noLightbox'><li class='av-share-link av-social-link-facebook' ><a target=\"_blank\" aria-label=\"Compartir en Facebook\" href='https:\/\/www.facebook.com\/sharer.php?u=https:\/\/radiorevelacionfm.cl\/?p=50376&#038;t=Ceramistas%20de%20Chile%20Chico%3A%20Un%20trabajo%20con%20identidad%20y%20que%20aporta%20al%20patrimonio%20cultural%20de%20la%20regi%C3%B3n' aria-hidden='false' data-av_icon='\ue8f3' data-av_iconfont='entypo-fontello' title='' data-avia-related-tooltip='Compartir en Facebook' rel=\"noopener\"><span class='avia_hidden_link_text'>Compartir en Facebook<\/span><\/a><\/li><li class='av-share-link av-social-link-twitter' ><a target=\"_blank\" aria-label=\"Compartir en Twitter\" href='https:\/\/twitter.com\/share?text=Ceramistas%20de%20Chile%20Chico%3A%20Un%20trabajo%20con%20identidad%20y%20que%20aporta%20al%20patrimonio%20cultural%20de%20la%20regi%C3%B3n&#038;url=https:\/\/radiorevelacionfm.cl\/?p=50376' aria-hidden='false' data-av_icon='\ue8f1' data-av_iconfont='entypo-fontello' title='' data-avia-related-tooltip='Compartir en Twitter' rel=\"noopener\"><span class='avia_hidden_link_text'>Compartir en Twitter<\/span><\/a><\/li><li class='av-share-link av-social-link-whatsapp' ><a target=\"_blank\" aria-label=\"Compartir en Whatsapp\" href='https:\/\/api.whatsapp.com\/send?text=https:\/\/radiorevelacionfm.cl\/?p=50376' aria-hidden='false' data-av_icon='\uf232' data-av_iconfont='entypo-fontello' title='' data-avia-related-tooltip='Compartir en Whatsapp' rel=\"noopener\"><span class='avia_hidden_link_text'>Compartir en Whatsapp<\/span><\/a><\/li><li class='av-share-link av-social-link-linkedin' ><a target=\"_blank\" aria-label=\"Compartir en LinkedIn\" href='https:\/\/linkedin.com\/shareArticle?mini=true&#038;title=Ceramistas%20de%20Chile%20Chico%3A%20Un%20trabajo%20con%20identidad%20y%20que%20aporta%20al%20patrimonio%20cultural%20de%20la%20regi%C3%B3n&#038;url=https:\/\/radiorevelacionfm.cl\/?p=50376' aria-hidden='false' data-av_icon='\ue8fc' data-av_iconfont='entypo-fontello' title='' data-avia-related-tooltip='Compartir en LinkedIn' rel=\"noopener\"><span class='avia_hidden_link_text'>Compartir en LinkedIn<\/span><\/a><\/li><li class='av-share-link av-social-link-mail' ><a  aria-label=\"Compartir por correo\" href='mailto:?subject=Ceramistas%20de%20Chile%20Chico%3A%20Un%20trabajo%20con%20identidad%20y%20que%20aporta%20al%20patrimonio%20cultural%20de%20la%20regi%C3%B3n&#038;body=https:\/\/radiorevelacionfm.cl\/?p=50376' aria-hidden='false' data-av_icon='\ue805' data-av_iconfont='entypo-fontello' title='' data-avia-related-tooltip='Compartir por correo'><span class='avia_hidden_link_text'>Compartir por correo<\/span><\/a><\/li><\/ul><\/div><\/div>\n<div  style='height:50px' class='hr hr-invisible   avia-builder-el-8  el_after_av_social_share  el_before_av_comments_list '><span class='hr-inner ' ><span class='hr-inner-style'><\/span><\/span><\/div>\n<div  class='av-buildercomment  av-blog-meta-html-info-disabled av-blog-meta-tag-disabled  '><\/div>\n","protected":false},"excerpt":{"rendered":"","protected":false},"author":1,"featured_media":50377,"comment_status":"open","ping_status":"open","sticky":false,"template":"","format":"standard","meta":{"footnotes":""},"categories":[38],"tags":[],"class_list":["post-50376","post","type-post","status-publish","format-standard","has-post-thumbnail","hentry","category-regional"],"jetpack_featured_media_url":"https:\/\/radiorevelacionfm.cl\/wp-content\/uploads\/2025\/02\/alfareras-1-1.jpg","_links":{"self":[{"href":"https:\/\/radiorevelacionfm.cl\/index.php?rest_route=\/wp\/v2\/posts\/50376","targetHints":{"allow":["GET"]}}],"collection":[{"href":"https:\/\/radiorevelacionfm.cl\/index.php?rest_route=\/wp\/v2\/posts"}],"about":[{"href":"https:\/\/radiorevelacionfm.cl\/index.php?rest_route=\/wp\/v2\/types\/post"}],"author":[{"embeddable":true,"href":"https:\/\/radiorevelacionfm.cl\/index.php?rest_route=\/wp\/v2\/users\/1"}],"replies":[{"embeddable":true,"href":"https:\/\/radiorevelacionfm.cl\/index.php?rest_route=%2Fwp%2Fv2%2Fcomments&post=50376"}],"version-history":[{"count":1,"href":"https:\/\/radiorevelacionfm.cl\/index.php?rest_route=\/wp\/v2\/posts\/50376\/revisions"}],"predecessor-version":[{"id":50378,"href":"https:\/\/radiorevelacionfm.cl\/index.php?rest_route=\/wp\/v2\/posts\/50376\/revisions\/50378"}],"wp:featuredmedia":[{"embeddable":true,"href":"https:\/\/radiorevelacionfm.cl\/index.php?rest_route=\/wp\/v2\/media\/50377"}],"wp:attachment":[{"href":"https:\/\/radiorevelacionfm.cl\/index.php?rest_route=%2Fwp%2Fv2%2Fmedia&parent=50376"}],"wp:term":[{"taxonomy":"category","embeddable":true,"href":"https:\/\/radiorevelacionfm.cl\/index.php?rest_route=%2Fwp%2Fv2%2Fcategories&post=50376"},{"taxonomy":"post_tag","embeddable":true,"href":"https:\/\/radiorevelacionfm.cl\/index.php?rest_route=%2Fwp%2Fv2%2Ftags&post=50376"}],"curies":[{"name":"wp","href":"https:\/\/api.w.org\/{rel}","templated":true}]}}