{"id":50370,"date":"2025-02-06T10:33:03","date_gmt":"2025-02-06T13:33:03","guid":{"rendered":"https:\/\/radiorevelacionfm.cl\/?p=50370"},"modified":"2025-02-06T10:41:43","modified_gmt":"2025-02-06T13:41:43","slug":"oficina-local-de-la-ninez-de-aysen-cuenta-con-nuevas-instalaciones","status":"publish","type":"post","link":"https:\/\/radiorevelacionfm.cl\/?p=50370","title":{"rendered":"Oficina Local de la Ni\u00f1ez de Ays\u00e9n cuenta con nuevas instalaciones"},"content":{"rendered":"<div class=\"flex_column av_one_full  flex_column_div av-zero-column-padding first  avia-builder-el-0  el_before_av_one_full  avia-builder-el-first  \" style='border-radius:0px; '><div  class='avia-image-container  av-styling-    avia-builder-el-1  avia-builder-el-no-sibling  avia-align-center '  itemprop=\"image\" itemscope=\"itemscope\" itemtype=\"https:\/\/schema.org\/ImageObject\"  ><div class='avia-image-container-inner'><div class='avia-image-overlay-wrap'><img decoding=\"async\" class='wp-image-50374 avia-img-lazy-loading-not-50374 avia_image' src=\"https:\/\/radiorevelacionfm.cl\/wp-content\/uploads\/2025\/02\/20250204_115226-1_optimized-1.jpg\" alt='' title='20250204_115226-(1)_optimized (1)' height=\"600\" width=\"800\"  itemprop=\"thumbnailUrl\" srcset=\"https:\/\/radiorevelacionfm.cl\/wp-content\/uploads\/2025\/02\/20250204_115226-1_optimized-1.jpg 800w, https:\/\/radiorevelacionfm.cl\/wp-content\/uploads\/2025\/02\/20250204_115226-1_optimized-1-300x225.jpg 300w, https:\/\/radiorevelacionfm.cl\/wp-content\/uploads\/2025\/02\/20250204_115226-1_optimized-1-768x576.jpg 768w, https:\/\/radiorevelacionfm.cl\/wp-content\/uploads\/2025\/02\/20250204_115226-1_optimized-1-705x529.jpg 705w, https:\/\/radiorevelacionfm.cl\/wp-content\/uploads\/2025\/02\/20250204_115226-1_optimized-1-450x338.jpg 450w, https:\/\/radiorevelacionfm.cl\/wp-content\/uploads\/2025\/02\/20250204_115226-1_optimized-1-600x450.jpg 600w\" sizes=\"(max-width: 800px) 100vw, 800px\" \/><\/div><\/div><\/div><\/div><div class=\"flex_column av_one_full  flex_column_div av-zero-column-padding first  avia-builder-el-2  el_after_av_one_full  el_before_av_one_full  column-top-margin\" style='border-radius:0px; '><section class=\"av_textblock_section \"  itemscope=\"itemscope\" itemtype=\"https:\/\/schema.org\/BlogPosting\" itemprop=\"blogPost\" ><div class='avia_textblock  '   itemprop=\"text\" ><p style=\"text-align: center;\"><strong><span style=\"font-size: 18pt;\">Oficina Local de la Ni\u00f1ez de Ays\u00e9n cuenta con nuevas instalaciones<\/span><\/strong><\/p>\n<div id=\"gtx-trans\" style=\"position: absolute; left: -50px; top: 4.31534px;\">\n<div class=\"gtx-trans-icon\"><\/div>\n<\/div>\n<\/div><\/section><\/div><\/p>\n<div class=\"flex_column av_one_full  flex_column_div av-zero-column-padding first  avia-builder-el-4  el_after_av_one_full  el_before_av_hr  column-top-margin\" style='border-radius:0px; '><section class=\"av_textblock_section \"  itemscope=\"itemscope\" itemtype=\"https:\/\/schema.org\/BlogPosting\" itemprop=\"blogPost\" ><div class='avia_textblock  '   itemprop=\"text\" ><p style=\"text-align: justify;\"><em>Ya comenz\u00f3 el funcionamiento de las dependencias, las cuales est\u00e1n ubicadas en Galvarino Riveros #334, a dos cuadras de sus antiguas oficinas de la DIDECO, en lo que se convierte en una gran inversi\u00f3n por parte del municipio aysenino, al tener un lugar adecuado para el trabajo que desarrolla la OLN.<\/em><\/p>\n<p style=\"text-align: justify;\">Para asegurar una mejor atenci\u00f3n, sobre todo por el tipo de casos que se pueden presentar en la Oficina Local de la Ni\u00f1ez, OLN; se decidi\u00f3 por parte de la administraci\u00f3n municipal, el llevar a cabo el cambio de establecimiento en los funcionarios que atienden en esta importante iniciativa creada en 2019.<\/p>\n<p style=\"text-align: justify;\">V\u00eda redes sociales el coordinador (s) de la oficina, Benjam\u00edn Rozas, present\u00f3 las nuevas dependencias y el c\u00f3mo llegar, en el cual se mencion\u00f3 que la direcci\u00f3n es la calle Galvarino Riveros #334 y se dio como referencia que est\u00e1 cerca del jard\u00edn infantil \u201cLos Chilcos\u201d al fondo de la calle en direcci\u00f3n al sur.<\/p>\n<p style=\"text-align: justify;\">Este es uno de los cambios que de a poco se estar\u00e1n viendo en la administraci\u00f3n de la Direcci\u00f3n de Desarrollo Comunitario, as\u00ed como se est\u00e1n implementando la fusi\u00f3n de oficinas con unidades, como lo es el caso de Asuntos Juveniles y Asuntos Ind\u00edgenas con la Unidad de Cultura, para una mejor concreci\u00f3n de actividades de esta \u00edndole.<\/p>\n<p style=\"text-align: justify;\">La directora de la Direcci\u00f3n de Desarrollo Comunitario, Karina Montesinos, explica que una de las primeras observaciones que hizo la nueva administraci\u00f3n, eran las condiciones de los m\u00e1s de 150 funcionarios que trabajan en el edificio de la DIDECO, es por ello que es necesario buscar instalaciones adecuadas para la atenci\u00f3n al p\u00fablico y la comodidad del personal.<\/p>\n<p style=\"text-align: justify;\">\u201cUno de los temas que revisamos cuando ingresamos ahora en diciembre era que uno de los programas, que es tremendamente importante para la comunidad, y especialmente ni\u00f1os y ni\u00f1os de nuestra comuna, era el espacio en que trabajaban los profesionales de la OLN. Ellos trabajaban en la DIDECO, en la Casa Central, pero en condiciones que no eran tan favorables ni para ellos como profesionales, ni menos para la atenci\u00f3n regular de todos los usuarios, recordemos que ellos tienen atenci\u00f3n por demanda espont\u00e1nea o por derivaci\u00f3n de otras instituciones. Por lo tanto, a corto plazo decidimos trasladarlo y arrendar un inmueble que queda cerca del centro\u201d, coment\u00f3 la directora.<\/p>\n<p style=\"text-align: justify;\">La Oficina Local de la Ni\u00f1ez es el ente que busca ser la expresi\u00f3n m\u00e1s concreta que tiene la Ley de Garant\u00edas y Protecci\u00f3n Integral de los derechos de los ni\u00f1os, ni\u00f1as y adolescentes. Son la instituci\u00f3n encargada, a nivel comunal, de la promoci\u00f3n, protecci\u00f3n, prevenci\u00f3n de situaciones de riesgo y vulneraciones de los derechos de la ni\u00f1ez y adolescencia. El horario de atenci\u00f3n es de lunes a jueves, de 08:15 a 05:30 y los viernes de 08:15 hasta las 04:30 horas.<\/p>\n<p style=\"text-align: justify;\">\u201cLa oficina local de la ni\u00f1ez puede atender cualquier rango etario, ya sea ni\u00f1os, adolescentes o adultos. As\u00ed que, en cualquier caso de amenaza o sospecha de vulneraci\u00f3n de los derechos a menores de edad, puede acudir a la oficina donde se le atender\u00e1 de forma privada y confidencial a cualquier persona de la comunidad\u201d, finaliz\u00f3 el coordinador (s) Benjam\u00edn Rozas.<\/p>\n<\/div><\/section><\/div>\n<div  style='height:50px' class='hr hr-invisible   avia-builder-el-6  el_after_av_one_full  el_before_av_social_share '><span class='hr-inner ' ><span class='hr-inner-style'><\/span><\/span><\/div>\n<div  class='av-social-sharing-box  avia-builder-el-7  el_after_av_hr  el_before_av_hr  '><div class='av-share-box'><h5 class='av-share-link-description av-no-toc '>Compartir esta noticia<\/h5><ul class='av-share-box-list noLightbox'><li class='av-share-link av-social-link-facebook' ><a target=\"_blank\" aria-label=\"Compartir en Facebook\" href='https:\/\/www.facebook.com\/sharer.php?u=https:\/\/radiorevelacionfm.cl\/?p=50370&#038;t=Oficina%20Local%20de%20la%20Ni%C3%B1ez%20de%20Ays%C3%A9n%20cuenta%20con%20nuevas%20instalaciones' aria-hidden='false' data-av_icon='\ue8f3' data-av_iconfont='entypo-fontello' title='' data-avia-related-tooltip='Compartir en Facebook' rel=\"noopener\"><span class='avia_hidden_link_text'>Compartir en Facebook<\/span><\/a><\/li><li class='av-share-link av-social-link-twitter' ><a target=\"_blank\" aria-label=\"Compartir en Twitter\" href='https:\/\/twitter.com\/share?text=Oficina%20Local%20de%20la%20Ni%C3%B1ez%20de%20Ays%C3%A9n%20cuenta%20con%20nuevas%20instalaciones&#038;url=https:\/\/radiorevelacionfm.cl\/?p=50370' aria-hidden='false' data-av_icon='\ue8f1' data-av_iconfont='entypo-fontello' title='' data-avia-related-tooltip='Compartir en Twitter' rel=\"noopener\"><span class='avia_hidden_link_text'>Compartir en Twitter<\/span><\/a><\/li><li class='av-share-link av-social-link-whatsapp' ><a target=\"_blank\" aria-label=\"Compartir en Whatsapp\" href='https:\/\/api.whatsapp.com\/send?text=https:\/\/radiorevelacionfm.cl\/?p=50370' aria-hidden='false' data-av_icon='\uf232' data-av_iconfont='entypo-fontello' title='' data-avia-related-tooltip='Compartir en Whatsapp' rel=\"noopener\"><span class='avia_hidden_link_text'>Compartir en Whatsapp<\/span><\/a><\/li><li class='av-share-link av-social-link-linkedin' ><a target=\"_blank\" aria-label=\"Compartir en LinkedIn\" href='https:\/\/linkedin.com\/shareArticle?mini=true&#038;title=Oficina%20Local%20de%20la%20Ni%C3%B1ez%20de%20Ays%C3%A9n%20cuenta%20con%20nuevas%20instalaciones&#038;url=https:\/\/radiorevelacionfm.cl\/?p=50370' aria-hidden='false' data-av_icon='\ue8fc' data-av_iconfont='entypo-fontello' title='' data-avia-related-tooltip='Compartir en LinkedIn' rel=\"noopener\"><span class='avia_hidden_link_text'>Compartir en LinkedIn<\/span><\/a><\/li><li class='av-share-link av-social-link-mail' ><a  aria-label=\"Compartir por correo\" href='mailto:?subject=Oficina%20Local%20de%20la%20Ni%C3%B1ez%20de%20Ays%C3%A9n%20cuenta%20con%20nuevas%20instalaciones&#038;body=https:\/\/radiorevelacionfm.cl\/?p=50370' aria-hidden='false' data-av_icon='\ue805' data-av_iconfont='entypo-fontello' title='' data-avia-related-tooltip='Compartir por correo'><span class='avia_hidden_link_text'>Compartir por correo<\/span><\/a><\/li><\/ul><\/div><\/div>\n<div  style='height:50px' class='hr hr-invisible   avia-builder-el-8  el_after_av_social_share  el_before_av_comments_list '><span class='hr-inner ' ><span class='hr-inner-style'><\/span><\/span><\/div>\n<div  class='av-buildercomment  av-blog-meta-html-info-disabled av-blog-meta-tag-disabled  '><\/div>\n","protected":false},"excerpt":{"rendered":"","protected":false},"author":1,"featured_media":50374,"comment_status":"open","ping_status":"open","sticky":false,"template":"","format":"standard","meta":{"footnotes":""},"categories":[38],"tags":[],"class_list":["post-50370","post","type-post","status-publish","format-standard","has-post-thumbnail","hentry","category-regional"],"jetpack_featured_media_url":"https:\/\/radiorevelacionfm.cl\/wp-content\/uploads\/2025\/02\/20250204_115226-1_optimized-1.jpg","_links":{"self":[{"href":"https:\/\/radiorevelacionfm.cl\/index.php?rest_route=\/wp\/v2\/posts\/50370","targetHints":{"allow":["GET"]}}],"collection":[{"href":"https:\/\/radiorevelacionfm.cl\/index.php?rest_route=\/wp\/v2\/posts"}],"about":[{"href":"https:\/\/radiorevelacionfm.cl\/index.php?rest_route=\/wp\/v2\/types\/post"}],"author":[{"embeddable":true,"href":"https:\/\/radiorevelacionfm.cl\/index.php?rest_route=\/wp\/v2\/users\/1"}],"replies":[{"embeddable":true,"href":"https:\/\/radiorevelacionfm.cl\/index.php?rest_route=%2Fwp%2Fv2%2Fcomments&post=50370"}],"version-history":[{"count":2,"href":"https:\/\/radiorevelacionfm.cl\/index.php?rest_route=\/wp\/v2\/posts\/50370\/revisions"}],"predecessor-version":[{"id":50375,"href":"https:\/\/radiorevelacionfm.cl\/index.php?rest_route=\/wp\/v2\/posts\/50370\/revisions\/50375"}],"wp:featuredmedia":[{"embeddable":true,"href":"https:\/\/radiorevelacionfm.cl\/index.php?rest_route=\/wp\/v2\/media\/50374"}],"wp:attachment":[{"href":"https:\/\/radiorevelacionfm.cl\/index.php?rest_route=%2Fwp%2Fv2%2Fmedia&parent=50370"}],"wp:term":[{"taxonomy":"category","embeddable":true,"href":"https:\/\/radiorevelacionfm.cl\/index.php?rest_route=%2Fwp%2Fv2%2Fcategories&post=50370"},{"taxonomy":"post_tag","embeddable":true,"href":"https:\/\/radiorevelacionfm.cl\/index.php?rest_route=%2Fwp%2Fv2%2Ftags&post=50370"}],"curies":[{"name":"wp","href":"https:\/\/api.w.org\/{rel}","templated":true}]}}