{"id":50366,"date":"2025-02-05T22:07:29","date_gmt":"2025-02-06T01:07:29","guid":{"rendered":"https:\/\/radiorevelacionfm.cl\/?p=50366"},"modified":"2025-02-05T22:07:29","modified_gmt":"2025-02-06T01:07:29","slug":"gobernador-santana-recorte-de-4-115-millones-en-fondos-regionales-impactara-gravemente-a-la-region","status":"publish","type":"post","link":"https:\/\/radiorevelacionfm.cl\/?p=50366","title":{"rendered":"Gobernador Santana: \u00abRecorte de $4.115 millones en fondos regionales impactar\u00e1 gravemente a la regi\u00f3n\u00bb"},"content":{"rendered":"<div class=\"flex_column av_one_full  flex_column_div av-zero-column-padding first  avia-builder-el-0  el_before_av_one_full  avia-builder-el-first  \" style='border-radius:0px; '><div  class='avia-image-container  av-styling-    avia-builder-el-1  avia-builder-el-no-sibling  avia-align-center '  itemprop=\"image\" itemscope=\"itemscope\" itemtype=\"https:\/\/schema.org\/ImageObject\"  ><div class='avia-image-container-inner'><div class='avia-image-overlay-wrap'><img decoding=\"async\" class='wp-image-50367 avia-img-lazy-loading-not-50367 avia_image' src=\"https:\/\/radiorevelacionfm.cl\/wp-content\/uploads\/2025\/02\/54271617764_13d3d1974b_h-1-1.jpg\" alt='' title='54271617764_13d3d1974b_h (1) (1)' height=\"600\" width=\"884\"  itemprop=\"thumbnailUrl\" srcset=\"https:\/\/radiorevelacionfm.cl\/wp-content\/uploads\/2025\/02\/54271617764_13d3d1974b_h-1-1.jpg 884w, https:\/\/radiorevelacionfm.cl\/wp-content\/uploads\/2025\/02\/54271617764_13d3d1974b_h-1-1-300x204.jpg 300w, https:\/\/radiorevelacionfm.cl\/wp-content\/uploads\/2025\/02\/54271617764_13d3d1974b_h-1-1-768x521.jpg 768w, https:\/\/radiorevelacionfm.cl\/wp-content\/uploads\/2025\/02\/54271617764_13d3d1974b_h-1-1-705x479.jpg 705w, https:\/\/radiorevelacionfm.cl\/wp-content\/uploads\/2025\/02\/54271617764_13d3d1974b_h-1-1-450x305.jpg 450w, https:\/\/radiorevelacionfm.cl\/wp-content\/uploads\/2025\/02\/54271617764_13d3d1974b_h-1-1-600x407.jpg 600w\" sizes=\"(max-width: 884px) 100vw, 884px\" \/><\/div><\/div><\/div><\/div><div class=\"flex_column av_one_full  flex_column_div av-zero-column-padding first  avia-builder-el-2  el_after_av_one_full  el_before_av_one_full  column-top-margin\" style='border-radius:0px; '><section class=\"av_textblock_section \"  itemscope=\"itemscope\" itemtype=\"https:\/\/schema.org\/BlogPosting\" itemprop=\"blogPost\" ><div class='avia_textblock  '   itemprop=\"text\" ><p style=\"text-align: center;\"><strong><span style=\"font-size: 18pt;\">Gobernador Santana: \u00abRecorte de $4.115 millones en fondos regionales impactar\u00e1 gravemente a la regi\u00f3n\u00bb<\/span><\/strong><\/p>\n<div id=\"gtx-trans\" style=\"position: absolute; left: -50px; top: 4.31534px;\">\n<div class=\"gtx-trans-icon\"><\/div>\n<\/div>\n<\/div><\/section><\/div><div class=\"flex_column av_one_full  flex_column_div av-zero-column-padding first  avia-builder-el-4  el_after_av_one_full  el_before_av_hr  column-top-margin\" style='border-radius:0px; '><section class=\"av_textblock_section \"  itemscope=\"itemscope\" itemtype=\"https:\/\/schema.org\/BlogPosting\" itemprop=\"blogPost\" ><div class='avia_textblock  '   itemprop=\"text\" ><p style=\"text-align: justify;\">El Gobernador Regional de Ays\u00e9n, Marcelo Santana Vargas, expres\u00f3 su preocupaci\u00f3n ante el ajuste presupuestario que implementar\u00e1 el Gobierno para equilibrar las cuentas nacionales. Si bien destac\u00f3 que el Gobierno Regional logr\u00f3 resolver y pagar la deuda flotante correspondiente a compromisos pendientes del a\u00f1o 2024, advirti\u00f3 que ahora deber\u00e1n enfrentar un recorte significativo de recursos y que, adem\u00e1s, se proyecta un nuevo ajuste en el corto plazo.<\/p>\n<p style=\"text-align: justify;\"><em>\u00abLas gestiones realizadas ante la Direcci\u00f3n de Presupuestos (DIPRES) del Ministerio de Hacienda dieron resultados, permiti\u00e9ndonos recibir dos remesas de fondos que suman m\u00e1s de 9 mil millones de pesos, con los cuales hemos pagado la totalidad de la deuda flotante\u00bb<\/em>, explic\u00f3 el Gobernador.<\/p>\n<p style=\"text-align: justify;\">No obstante, se\u00f1al\u00f3 que la nueva preocupaci\u00f3n radica en el ajuste fiscal acordado entre el Gobierno y el Parlamento, el cual contempla una reducci\u00f3n del gasto p\u00fablico para 2025 por un total de $543.539 millones. Este ajuste responde a correcciones necesarias debido a errores en las estimaciones de ingresos realizadas por la DIPRES.<\/p>\n<p style=\"text-align: justify;\">En el caso de los Gobiernos Regionales, el recorte presupuestario ascender\u00e1 a $87.386 millones, afectando directamente a la Regi\u00f3n de Ays\u00e9n. <em>\u00abTenemos un presupuesto 2025 pr\u00e1cticamente comprometido en su totalidad, que supera los $82 mil millones. Ahora nos recortar\u00e1n $4.115 millones, lo que representa un impacto significativo para la regi\u00f3n. Esto nos obliga a evaluar, junto con el Consejo Regional, qu\u00e9 proyectos quedar\u00e1n pendientes\u00bb<\/em>, advirti\u00f3 Santana.<\/p>\n<p style=\"text-align: justify;\">Asimismo, el Gobernador alert\u00f3 sobre la posibilidad de un nuevo ajuste presupuestario, ya que recientemente el Banco Central inform\u00f3 que la deuda fiscal aument\u00f3 del -1,9% al -2,9%, lo que podr\u00eda traducirse en nuevas restricciones para el gasto p\u00fablico y mayores ajustes en los presupuestos regionales.<\/p>\n<p style=\"text-align: justify;\">Ante este escenario, el Gobernador inform\u00f3 que ya se est\u00e1 realizando un an\u00e1lisis detallado de las iniciativas de inversi\u00f3n comprometidas para este a\u00f1o, con el objetivo de identificar posibles proyectos que podr\u00edan retrasarse o ajustarse. Esta revisi\u00f3n, en coordinaci\u00f3n con las unidades t\u00e9cnicas, permitir\u00e1 mitigar el impacto del recorte y reordenar los recursos de la mejor manera posible.<\/p>\n<p style=\"text-align: justify;\">Finalmente, Santana enfatiz\u00f3 que esta reducci\u00f3n presupuestaria tendr\u00e1 un impacto directo en la regi\u00f3n, traduci\u00e9ndose en menos obras, menos empleo y menos desarrollo regional. Por ello, anunci\u00f3 que junto al Consejo Regional se revisar\u00e1 el presupuesto para priorizar aquellas iniciativas que respondan a las urgencias m\u00e1s apremiantes de Ays\u00e9n.<\/p>\n<p style=\"text-align: justify;\"><em>\u00abEvaluaremos toda iniciativa o proyecto que no genere empleo o mejore las condiciones de desarrollo de la Regi\u00f3n de Ays\u00e9n\u00bb<\/em>, concluy\u00f3 Santana.<\/p>\n<\/div><\/section><\/div><div  style='height:50px' class='hr hr-invisible   avia-builder-el-6  el_after_av_one_full  el_before_av_social_share '><span class='hr-inner ' ><span class='hr-inner-style'><\/span><\/span><\/div><\/p>\n<div  class='av-social-sharing-box  avia-builder-el-7  el_after_av_hr  el_before_av_hr  '><div class='av-share-box'><h5 class='av-share-link-description av-no-toc '>Compartir esta noticia<\/h5><ul class='av-share-box-list noLightbox'><li class='av-share-link av-social-link-facebook' ><a target=\"_blank\" aria-label=\"Compartir en Facebook\" href='https:\/\/www.facebook.com\/sharer.php?u=https:\/\/radiorevelacionfm.cl\/?p=50366&#038;t=Gobernador%20Santana%3A%20%C2%ABRecorte%20de%20%244.115%20millones%20en%20fondos%20regionales%20impactar%C3%A1%20gravemente%20a%20la%20regi%C3%B3n%C2%BB' aria-hidden='false' data-av_icon='\ue8f3' data-av_iconfont='entypo-fontello' title='' data-avia-related-tooltip='Compartir en Facebook' rel=\"noopener\"><span class='avia_hidden_link_text'>Compartir en Facebook<\/span><\/a><\/li><li class='av-share-link av-social-link-twitter' ><a target=\"_blank\" aria-label=\"Compartir en Twitter\" href='https:\/\/twitter.com\/share?text=Gobernador%20Santana%3A%20%C2%ABRecorte%20de%20%244.115%20millones%20en%20fondos%20regionales%20impactar%C3%A1%20gravemente%20a%20la%20regi%C3%B3n%C2%BB&#038;url=https:\/\/radiorevelacionfm.cl\/?p=50366' aria-hidden='false' data-av_icon='\ue8f1' data-av_iconfont='entypo-fontello' title='' data-avia-related-tooltip='Compartir en Twitter' rel=\"noopener\"><span class='avia_hidden_link_text'>Compartir en Twitter<\/span><\/a><\/li><li class='av-share-link av-social-link-whatsapp' ><a target=\"_blank\" aria-label=\"Compartir en Whatsapp\" href='https:\/\/api.whatsapp.com\/send?text=https:\/\/radiorevelacionfm.cl\/?p=50366' aria-hidden='false' data-av_icon='\uf232' data-av_iconfont='entypo-fontello' title='' data-avia-related-tooltip='Compartir en Whatsapp' rel=\"noopener\"><span class='avia_hidden_link_text'>Compartir en Whatsapp<\/span><\/a><\/li><li class='av-share-link av-social-link-linkedin' ><a target=\"_blank\" aria-label=\"Compartir en LinkedIn\" href='https:\/\/linkedin.com\/shareArticle?mini=true&#038;title=Gobernador%20Santana%3A%20%C2%ABRecorte%20de%20%244.115%20millones%20en%20fondos%20regionales%20impactar%C3%A1%20gravemente%20a%20la%20regi%C3%B3n%C2%BB&#038;url=https:\/\/radiorevelacionfm.cl\/?p=50366' aria-hidden='false' data-av_icon='\ue8fc' data-av_iconfont='entypo-fontello' title='' data-avia-related-tooltip='Compartir en LinkedIn' rel=\"noopener\"><span class='avia_hidden_link_text'>Compartir en LinkedIn<\/span><\/a><\/li><li class='av-share-link av-social-link-mail' ><a  aria-label=\"Compartir por correo\" href='mailto:?subject=Gobernador%20Santana%3A%20%C2%ABRecorte%20de%20%244.115%20millones%20en%20fondos%20regionales%20impactar%C3%A1%20gravemente%20a%20la%20regi%C3%B3n%C2%BB&#038;body=https:\/\/radiorevelacionfm.cl\/?p=50366' aria-hidden='false' data-av_icon='\ue805' data-av_iconfont='entypo-fontello' title='' data-avia-related-tooltip='Compartir por correo'><span class='avia_hidden_link_text'>Compartir por correo<\/span><\/a><\/li><\/ul><\/div><\/div>\n<div  style='height:50px' class='hr hr-invisible   avia-builder-el-8  el_after_av_social_share  el_before_av_comments_list '><span class='hr-inner ' ><span class='hr-inner-style'><\/span><\/span><\/div>\n<div  class='av-buildercomment  av-blog-meta-html-info-disabled av-blog-meta-tag-disabled  '><\/div>\n","protected":false},"excerpt":{"rendered":"","protected":false},"author":1,"featured_media":50367,"comment_status":"open","ping_status":"open","sticky":false,"template":"","format":"standard","meta":{"footnotes":""},"categories":[38],"tags":[],"class_list":["post-50366","post","type-post","status-publish","format-standard","has-post-thumbnail","hentry","category-regional"],"jetpack_featured_media_url":"https:\/\/radiorevelacionfm.cl\/wp-content\/uploads\/2025\/02\/54271617764_13d3d1974b_h-1-1.jpg","_links":{"self":[{"href":"https:\/\/radiorevelacionfm.cl\/index.php?rest_route=\/wp\/v2\/posts\/50366","targetHints":{"allow":["GET"]}}],"collection":[{"href":"https:\/\/radiorevelacionfm.cl\/index.php?rest_route=\/wp\/v2\/posts"}],"about":[{"href":"https:\/\/radiorevelacionfm.cl\/index.php?rest_route=\/wp\/v2\/types\/post"}],"author":[{"embeddable":true,"href":"https:\/\/radiorevelacionfm.cl\/index.php?rest_route=\/wp\/v2\/users\/1"}],"replies":[{"embeddable":true,"href":"https:\/\/radiorevelacionfm.cl\/index.php?rest_route=%2Fwp%2Fv2%2Fcomments&post=50366"}],"version-history":[{"count":1,"href":"https:\/\/radiorevelacionfm.cl\/index.php?rest_route=\/wp\/v2\/posts\/50366\/revisions"}],"predecessor-version":[{"id":50368,"href":"https:\/\/radiorevelacionfm.cl\/index.php?rest_route=\/wp\/v2\/posts\/50366\/revisions\/50368"}],"wp:featuredmedia":[{"embeddable":true,"href":"https:\/\/radiorevelacionfm.cl\/index.php?rest_route=\/wp\/v2\/media\/50367"}],"wp:attachment":[{"href":"https:\/\/radiorevelacionfm.cl\/index.php?rest_route=%2Fwp%2Fv2%2Fmedia&parent=50366"}],"wp:term":[{"taxonomy":"category","embeddable":true,"href":"https:\/\/radiorevelacionfm.cl\/index.php?rest_route=%2Fwp%2Fv2%2Fcategories&post=50366"},{"taxonomy":"post_tag","embeddable":true,"href":"https:\/\/radiorevelacionfm.cl\/index.php?rest_route=%2Fwp%2Fv2%2Ftags&post=50366"}],"curies":[{"name":"wp","href":"https:\/\/api.w.org\/{rel}","templated":true}]}}